{"id":65433,"date":"2023-05-12T19:00:43","date_gmt":"2023-05-12T17:00:43","guid":{"rendered":"https:\/\/www.die-stadtzeitung.de\/?p=65433"},"modified":"2023-05-22T15:23:39","modified_gmt":"2023-05-22T13:23:39","slug":"tanz-auf-der-strasse-sonnborn-wird-zum-wundertal","status":"publish","type":"post","link":"https:\/\/www.die-stadtzeitung.de\/index.php\/2023\/05\/12\/tanz-auf-der-strasse-sonnborn-wird-zum-wundertal\/","title":{"rendered":"Tanz auf der Strasse: Sonnborn wird zum WUNDERTAL"},"content":{"rendered":"<div id=\"attachment_65437\" class=\"wp-caption alignnone\" style=\"max-width: 1034px;\"><img loading=\"lazy\" decoding=\"async\" class=\"size-large wp-image-65437\" src=\"\/wp-content\/uploads\/2023\/05\/csm_ARM221008-154_1955ce5a2d-2-1024x716.jpeg\" alt=\"\" width=\"1024\" height=\"716\" \/><span class=\"wp-caption-text\">Impressionen von den Proben zum Tanz-Happening WUNDERTAL auf der Sonnborner Strasse &#8211; \u00a9 Tanztheater Wuppertal Pina Bausch<\/span><\/div>\n<p>Mal unter uns! So k\u00f6nnte man es formulieren: Am Sonntag (21.05.) im sonnigen Sonnborn wird der Brunnen zur Quelle, die Kreativit\u00e4t und Anmut sprudeln l\u00e4sst.<\/p>\n<p>Um 15 Uhr beginnt das Happening WUNDERTAL mit 200 Mitwirkenden. Profis und Laien tanzen, verspr\u00fchen Leichtigkeit und Lebendigkeit auf der Sonnborner Strasse. Das Konzept stammt von Boris Charmatz, Intendant des Tanztheaters Pina Bausch.<span class=\"Apple-converted-space\">\u00a0<\/span><\/p>\n<p>Drei Stunden dauert das spektakul\u00e4re Tanz-Event und endet mitten auf der Sonnborner Stra\u00dfe mit einer gro\u00dfen Party.<\/p>\n<p>Boris Charmatz hat ganz bewusst die Sonnborner Strasse f\u00fcr sein Tanz-Happenng ausgew\u00e4hlt. Eine Strasse mit Macken, keine Prachtallee, feiert ein Comeback<\/p>\n<p>Im Jahr 874 wird erstmals in einer Chronik die &#8222;Basilica puae est in Sunnebrunno&#8220; mit dem Sonnenbrunnen erw\u00e4hnt &#8211; hier steht heute die alte Hauptkirche Sonnborn. Also eine Art Kultst\u00e4tte.<\/p>\n<p>Ich hatte die Gelegenheit, einer Probe in der Bayer-Halle beizuwohnen und durfte dabei auch Tanztheater-Intendant Boris Charmatz kennenlernen. Irgendwie hat mich das alles an Else Lasker-Sch\u00fclers Gedicht &#8222;Mein Tanzlied&#8220; erinnert.<\/p>\n<div id=\"attachment_65442\" class=\"wp-caption alignnone\" style=\"max-width: 1034px;\"><img loading=\"lazy\" decoding=\"async\" class=\"wp-image-65442 size-full\" src=\"\/wp-content\/uploads\/2023\/05\/PHOTO-2023-05-19-19-19-21-4.jpg\" alt=\"\" width=\"1024\" height=\"885\" \/><span class=\"wp-caption-text\">Lore Duwe mit Boris Charmatz, Intendant des Thanztheaters Wuppertal Pina Bausch. Von ihm stammt das Konzept von WUNDERTAL &#8211; \u00a9 privat<\/span><\/div>\n<p>Um mehr \u00fcber die Hintergr\u00fcnde des Tanz-Spektakels zu erfahren, habe ich mit Ursula Popp, Pressereferentin des Tanztheaters Wuppertal Pina Bausch, gesprochen.<\/p>\n<p><b>Lore Duwe: Sonnborn ist eine belebte Wohngegend. Wie schwer war es, die Anwohner von dem Tanz-Happening zu \u00fcberzeugen, f\u00fcr das die Sonnborner Strasse gesperrt werden muss?<\/b><\/p>\n<p>Ursula Popp: &#8222;Wir sind auf eine Welle der Begeisterung gesto\u00dfen, mit der wir so \u00fcberhaupt nicht gerechnet h\u00e4tten. Die Anhwohnerinnen und Anwohner vor Ort sowie der B\u00fcrgerverein und die Interessengemeinschaft Sonnborn haben uns wunderbar unterst\u00fctzt in der Vorbereitung.&#8220;<\/p>\n<p><b>Lore Duwe: Wie kompliziert waren die Vorarbeiten, schlie\u00dflich wurden auch zahlreiche Genehmigungen z,B. von der Stadtverwaltung ben\u00f6tigt?<\/b><\/p>\n<p>Ursula Popp: &#8222;Die Sonnborner Stra\u00dfe ist eine der wenigen Stra\u00dfen in Wuppertal, die sich f\u00fcr drei Tage komplett sperren l\u00e4sst. Wir haben jedoch im Sinne der Anwohnerinnen und Anwohner nach M\u00f6glichkeiten gesucht, nicht drei Tage durchzusperren. Aber auch hier haben wie viel Support von der Stadt erhalten. Die vielen Genehmigungen waren vor allem durch die Zusammenarbeit mit Michael Th\u00f6ne, seit 30 Jahren in Wuppertal durch seine Firma \u201eTh\u00f6ne &amp; Partner\u201c u.a. beim Schwebebahnlauf bekannt, gut zu machen. Die Stadt hat uns z.B. durch einen kostenfreien Wasserwagen am Veranstaltungstag (WSW), die kostenfreie Nutzung einer Sporthalle als Probenort oder das kostenneutrale Reinigen der Sonnborner Stra\u00dfe an allen drei Probentagen wunderbar unterst\u00fctzt.&#8220;<\/p>\n<p><b>Lore Duwe: Nach welchen Kriterien wurden die Darsteller ausgesucht?<span class=\"Apple-converted-space\">\u00a0<\/span><\/b><\/p>\n<p>Ursula Popp: &#8222;Bei den 649 Bewerbungen aus der ganzen Welt war das sehr schwer. Wir haben zwei Tage lang alle Bewerbungen gesichtet. Zun\u00e4chst auf Wuppertal und Umfeld eingegrenzt und versucht aus Alter, Geschlecht, Fitness eine gute Mischung zusammenzustellen.&#8220;<span class=\"Apple-converted-space\">\u00a0<\/span><\/p>\n<p><b>Lore Duwe: Pina suchte f\u00fcr ihre Werke Menschen ohne Vorbehalte aus.<span class=\"Apple-converted-space\">\u00a0<\/span><\/b><b>Nationalit\u00e4t, Aussehen oder Alter waren bedeutungslos. Setzt Boris Charmatz hier auch dieselben Akzente?<span class=\"Apple-converted-space\">\u00a0<\/span><\/b><\/p>\n<p>Ursula Popp: &#8222;Ja! Boris ist ebenso vorbehaltslos an die Auswahl herangegangen. Nachdem alle Anmeldungen eingegangen waren, h\u00e4tte er am liebsten das Projekt auf 649 Teilnehmende ausgeweitet.&#8220;<\/p>\n<p>Soweit mein interessantes und informatives Gesr\u00e4ch mit Ursula Popp.<span class=\"Apple-converted-space\">\u00a0<\/span><\/p>\n<p>Den Zuschauern w\u00fcnsche ich viel Spass, den Darstellern viel Erfgolg. Ein herzliches Toi Toi Toi!<\/p>\n<p><b>Ihre Lore Duwe\u00a0\/\u00a0Euer L\u00f6rken<\/b><\/p>\n<div id=\"attachment_65444\" class=\"wp-caption alignnone\" style=\"max-width: 1034px;\"><img loading=\"lazy\" decoding=\"async\" class=\"wp-image-65444 size-full\" src=\"\/wp-content\/uploads\/2023\/05\/PHOTO-2023-05-19-19-19-21-2-2.jpg\" alt=\"\" width=\"1024\" height=\"1024\" \/><span class=\"wp-caption-text\">Lore Duwe, selbst T\u00e4nzerin, bei den Proben zum Tanz Happening WUNDERTAL. Neben ihr Boris Charmatz, der das Konzept entwickelt hat &#8211; \u00a9 privat<\/span><\/div>\n","protected":false},"excerpt":{"rendered":"<p>In ihrer Kolumne \u201eMal unter uns\u2026!\u201c kommentiert die beliebte Wuppertaler Schauspielerin, T\u00e4nzerin, S\u00e4ngerin und Autorin Lore Duwe das Stadtgeschehen damals wie heute aus ihrem ganz pers\u00f6nlichen Blickwinkel. Diesmal richtet sie ihren Blick auf das Tanz-Happening WUNDERTAL in Sonnborn.<\/p>\n","protected":false},"author":7,"featured_media":0,"comment_status":"open","ping_status":"open","sticky":false,"template":"","format":"standard","meta":{"footnotes":""},"categories":[29],"tags":[],"class_list":["post-65433","post","type-post","status-publish","format-standard","hentry","category-kultur"],"publishpress_future_action":{"enabled":false,"date":"2026-05-06 06:46:13","action":"change-status","newStatus":"draft","terms":[],"taxonomy":"category","extraData":[]},"publishpress_future_workflow_manual_trigger":{"enabledWorkflows":[]},"_links":{"self":[{"href":"https:\/\/www.die-stadtzeitung.de\/index.php\/wp-json\/wp\/v2\/posts\/65433","targetHints":{"allow":["GET"]}}],"collection":[{"href":"https:\/\/www.die-stadtzeitung.de\/index.php\/wp-json\/wp\/v2\/posts"}],"about":[{"href":"https:\/\/www.die-stadtzeitung.de\/index.php\/wp-json\/wp\/v2\/types\/post"}],"author":[{"embeddable":true,"href":"https:\/\/www.die-stadtzeitung.de\/index.php\/wp-json\/wp\/v2\/users\/7"}],"replies":[{"embeddable":true,"href":"https:\/\/www.die-stadtzeitung.de\/index.php\/wp-json\/wp\/v2\/comments?post=65433"}],"version-history":[{"count":8,"href":"https:\/\/www.die-stadtzeitung.de\/index.php\/wp-json\/wp\/v2\/posts\/65433\/revisions"}],"predecessor-version":[{"id":65445,"href":"https:\/\/www.die-stadtzeitung.de\/index.php\/wp-json\/wp\/v2\/posts\/65433\/revisions\/65445"}],"wp:attachment":[{"href":"https:\/\/www.die-stadtzeitung.de\/index.php\/wp-json\/wp\/v2\/media?parent=65433"}],"wp:term":[{"taxonomy":"category","embeddable":true,"href":"https:\/\/www.die-stadtzeitung.de\/index.php\/wp-json\/wp\/v2\/categories?post=65433"},{"taxonomy":"post_tag","embeddable":true,"href":"https:\/\/www.die-stadtzeitung.de\/index.php\/wp-json\/wp\/v2\/tags?post=65433"}],"curies":[{"name":"wp","href":"https:\/\/api.w.org\/{rel}","templated":true}]}}