{"id":65411,"date":"2023-05-18T14:39:44","date_gmt":"2023-05-18T12:39:44","guid":{"rendered":"https:\/\/www.die-stadtzeitung.de\/?p=65411"},"modified":"2023-05-18T14:39:44","modified_gmt":"2023-05-18T12:39:44","slug":"wirtschaftministerin-mona-neubaur-zu-besuch-bei-bayer","status":"publish","type":"post","link":"https:\/\/www.die-stadtzeitung.de\/index.php\/2023\/05\/18\/wirtschaftministerin-mona-neubaur-zu-besuch-bei-bayer\/","title":{"rendered":"Wirtschaftministerin Mona Neubaur zu Besuch bei Bayer"},"content":{"rendered":"<div id=\"attachment_65413\" class=\"wp-caption alignnone\" style=\"max-width: 1034px;\"><img loading=\"lazy\" decoding=\"async\" class=\"size-large wp-image-65413\" src=\"\/wp-content\/uploads\/2023\/05\/2023-0109-2-1024x714.jpg\" alt=\"\" width=\"1024\" height=\"714\" \/><span class=\"wp-caption-text\">Zu Gast beim \u201eFortschrittsdialog\u201c bei Bayer in Wuppertal: (V.l.) Natalie M\u00fchlenfeld, Cornelia Streich, MdB Gabriele Katzmarek, Maik Eckelmann, Heike Hausfeld, Ministerin Mona Neubaur, Dr. Daniel Steiners, MdB Anja Liebert und MdB Manfred Todtenhausen &#8211; \u00a9 BayerAG<\/span><\/div>\n<p>Gemeinsam diskutiert diese Initiative mit der Politik \u00fcber Herausforderungen der industriellen Gesundheitswirtschaft. Neben Ministerin Mona Neubaur und G\u00e4sten aus Gewerkschafts- und Unternehmensreihen nahmen die Schirmherrin der Initiative, Gabriele Katzmarek, MdB und Parlamentarische Gesch\u00e4ftsf\u00fchrerin der SPD-Fraktion im Deutschen Bundestag, sowie auch die Bundestagsabgeordneten Anja Liebert (B\u00fcndnis 90 \/ Die Gr\u00fcnen) und Manfred Todtenhausen (FDP) teil.<span class=\"Apple-converted-space\">\u00a0<\/span><\/p>\n<p>Im Mittelpunkt des Besuchs standen die Chancen und Herausforderungen f\u00fcr Zell- und Gentherapien \u201eMade in Germany\u201c. Bayer-Standortleiter Maik Eckelmann betonte die Rolle des Standorts Wuppertal in der Erforschung dieser neuen Therapien: \u201eWir haben in den letzten Jahren viel in neue Produktionsanlagen, Technologien und Digitalisierung in Wuppertal investiert. Wir sind dadurch ein f\u00fchrender Biotech-Standort im weltweiten Bayer-Netzwerk. Die Unterst\u00fctzung aller politischer Ebenen f\u00fcr unsere Vorhaben und eine gute Sozialpartnerschaft mit den Gewerkschaften sind das Fundament guter Standortbedingungen.\u201c<\/p>\n<h4>Ministerin ist stolz auf biomedizinische Entwicklungen<\/h4>\n<p>Ministerin Neubaur wies in diesem Rahmen auf die guten Ausgangsbedingungen im Bundesland hin: \u201eBiomedizinische Entwicklungen aus Nordrhein-Westfalen helfen Patientinnen und Patienten weltweit, Biotechnologie \u201aMade in Germany\u2018 ist eine unserer f\u00fchrenden Hightech-Branchen. Darauf sind wir zurecht stolz. Wir d\u00fcrfen uns aber nicht auf unseren Lorbeeren ausruhen. Seit Jahren pflegen wir daher den engen Austausch mit Vertreterinnen und Vertretern der Pharmabranche im \u201aPharmadialog Nordrhein- Westfalen\u2018. Das Ergebnis kann sich sehen lassen: Wir sind einer der st\u00e4rksten Biotech- Standorte Europas und arbeiten gemeinsam daran, dass das auch so bleibt.\u201c<\/p>\n<p>Die SPD-Wirtschaftspolitikerin Gabriele Katzmarek, MdB unterstrich als Schirmherrin des Fortschrittsdialogs: \u201eDie Biotechnologie ist ein Paradebeispiel f\u00fcr die Komplexit\u00e4t, Chancen und Bed\u00fcrfnisse der industriellen Gesundheitswirtschaft in Deutschland. Dieser Fortschrittsdialog zeigt vor Ort, was die Branche leisten kann. Gemeinsam wollen wir diese Zukunftsindustrie st\u00e4rken. Gesunde Industriepolitik muss daher mehr sein als Forschungsf\u00f6rderung oder Digitalisierung. Auch die naturwissenschaftliche Bildung und gezielte Innovationsanreize sind \u00e4u\u00dferst wichtig.\u201c<\/p>\n<div id=\"attachment_40925\" class=\"wp-caption alignnone\" style=\"max-width: 659px;\"><img loading=\"lazy\" decoding=\"async\" class=\" wp-image-40925\" src=\"\/wp-content\/uploads\/2021\/09\/Maik-Eckelmann-1024x818.jpeg\" alt=\"\" width=\"649\" height=\"519\" \/><span class=\"wp-caption-text\">Bayer-Standortleiter Maik Eckelmann &#8211; \u00a9 Bayer AG<\/span><\/div>\n<p>F\u00fcr den Bayer-Gesamtbetriebsrat sprach Heike Hausfeld: \u201eJede erfolgreiche Zelltherapie ist die Leistung exzellenter Teams. Ob Forschung, Herstellung oder Versorgung: jeder dieser Schritte braucht verl\u00e4ssliche Rahmenbedingungen. Vorstand und Betriebsrat haben sich auf ein Zukunftskonzept verst\u00e4ndigt, mit welchem wir den Rahmen f\u00fcr den Ausbau von Arbeitspl\u00e4tzen am Standort Deutschland erreichen wollen. Um unsere Ziele erreichen zu k\u00f6nnen, braucht es nachhaltige Rahmenbedingungen seitens der Bundesregierung und des Europ\u00e4ischen Parlaments.\u201c<\/p>\n<p>Die Veranstaltung ist Teil der Veranstaltungsreihe \u201eFortschrittsdialog \u2013 Gesunde Industriepolitik\u201c, die an verschiedenen Biotech-Standorten in Deutschland stattfindet und in der Vertreterinnen und Vertreter aus Politik und Wirtschaft \u00fcber spezielle Branchenthemen diskutieren.<\/p>\n<p>*Die Initiative wird von den Pharma- und Biotech-Unternehmen Amgen, Bayer, Boehringer Ingelheim, Gilead, GlaxoSmithKline, Novartis, Roche sowie der Industriegewerkschaft IGBCE unter der Schirmherrschaft von Gabriele Katzmarek, MdB und Parlamentarische Gesch\u00e4ftsf\u00fchrerin der SPD-Fraktion im Deutschen Bundestag organisiert.<\/p>\n","protected":false},"excerpt":{"rendered":"<p>Hoher Besuch bei Bayer in Wuppertal! Nordrhein-Westfalens Wirtschaftsministerin und stellvertretende Ministerpr\u00e4sidentin Mona Neubaur war im Rahmen der Initiative \u201eFortschrittsdialog \u2013 Gesunde Industriepolitik\u201c Gast des Bayer-Standortes im Tal.\u00a0<\/p>\n","protected":false},"author":7,"featured_media":0,"comment_status":"open","ping_status":"open","sticky":false,"template":"","format":"standard","meta":{"footnotes":""},"categories":[22],"tags":[],"class_list":["post-65411","post","type-post","status-publish","format-standard","hentry","category-wirtschaft"],"publishpress_future_action":{"enabled":false,"date":"2026-05-05 08:21:34","action":"change-status","newStatus":"draft","terms":[],"taxonomy":"category","extraData":[]},"publishpress_future_workflow_manual_trigger":{"enabledWorkflows":[]},"_links":{"self":[{"href":"https:\/\/www.die-stadtzeitung.de\/index.php\/wp-json\/wp\/v2\/posts\/65411","targetHints":{"allow":["GET"]}}],"collection":[{"href":"https:\/\/www.die-stadtzeitung.de\/index.php\/wp-json\/wp\/v2\/posts"}],"about":[{"href":"https:\/\/www.die-stadtzeitung.de\/index.php\/wp-json\/wp\/v2\/types\/post"}],"author":[{"embeddable":true,"href":"https:\/\/www.die-stadtzeitung.de\/index.php\/wp-json\/wp\/v2\/users\/7"}],"replies":[{"embeddable":true,"href":"https:\/\/www.die-stadtzeitung.de\/index.php\/wp-json\/wp\/v2\/comments?post=65411"}],"version-history":[{"count":3,"href":"https:\/\/www.die-stadtzeitung.de\/index.php\/wp-json\/wp\/v2\/posts\/65411\/revisions"}],"predecessor-version":[{"id":65415,"href":"https:\/\/www.die-stadtzeitung.de\/index.php\/wp-json\/wp\/v2\/posts\/65411\/revisions\/65415"}],"wp:attachment":[{"href":"https:\/\/www.die-stadtzeitung.de\/index.php\/wp-json\/wp\/v2\/media?parent=65411"}],"wp:term":[{"taxonomy":"category","embeddable":true,"href":"https:\/\/www.die-stadtzeitung.de\/index.php\/wp-json\/wp\/v2\/categories?post=65411"},{"taxonomy":"post_tag","embeddable":true,"href":"https:\/\/www.die-stadtzeitung.de\/index.php\/wp-json\/wp\/v2\/tags?post=65411"}],"curies":[{"name":"wp","href":"https:\/\/api.w.org\/{rel}","templated":true}]}}