{"id":65401,"date":"2023-07-09T08:25:21","date_gmt":"2023-07-09T06:25:21","guid":{"rendered":"https:\/\/www.die-stadtzeitung.de\/?p=65401"},"modified":"2023-08-01T11:23:37","modified_gmt":"2023-08-01T09:23:37","slug":"ex-nationalspieler-benschop-stuermt-fuer-den-wsv","status":"publish","type":"post","link":"https:\/\/www.die-stadtzeitung.de\/index.php\/2023\/07\/09\/ex-nationalspieler-benschop-stuermt-fuer-den-wsv\/","title":{"rendered":"Ex-Nationalspieler Benschop st\u00fcrmt f\u00fcr den WSV"},"content":{"rendered":"<div id=\"attachment_66755\" class=\"wp-caption alignnone\" style=\"max-width: 1327px;\"><img loading=\"lazy\" decoding=\"async\" class=\"size-full wp-image-66755\" src=\"\/wp-content\/uploads\/2023\/06\/Bild-09.07.23-um-21.16-2.jpg\" alt=\"\" width=\"1317\" height=\"935\" \/><span class=\"wp-caption-text\">Gaetano Manno, Sportlicher Leiter des WSV, mit Neuzugang Charlison Benschop &#8211; \u00a9 Gesch\u00e4ftsstelle WSV<\/span><\/div>\n<p>Der Wuppertaler SV freut sich, den Spieler gefunden zu haben, nach dem das Team lange gesucht hat. Charlison Benschop, wird ab sofort das Trikot des WSV tragen.<\/p>\n<p>Charlison Benschop ist ein erfahrener Angreifer, der bereits f\u00fcr die U21-Nationalmannschaft der Niederlande und zehn Mal f\u00fcr die A-Nationalmannschaft von Cura\u00e7ao gespielt hat.<span class=\"Apple-converted-space\">\u00a0<\/span><\/p>\n<p>Der 33-j\u00e4hrige St\u00fcrmer war zuletzt in den Niederlanden bei Fortuna Sittard aktiv und hat auch in Deutschland bei Vereinen wie Fortuna D\u00fcsseldorf, SV Sandhausen und Hannover 96 gespielt.<\/p>\n<p>Der Angreifer wird bereits morgen mit ins Trainingslager fahren, um sich schnell in das Team einzuf\u00fcgen und gemeinsam mit seinen neuen Mitspielern zu trainieren. Der Wuppertaler SV ist zuversichtlich, dass Benschop mit seiner Erfahrung und seinem Einsatz eine bedeutende Rolle einnehmen wird.<\/p>\n<p>Der Wuppertaler SV hei\u00dft Charlison Benschop herzlich willkommen und w\u00fcnscht ihm viel Erfolg und eine erfolgreiche Zeit im Verein. Mit seiner Vielseitigkeit und internationalen Erfahrung wird er zweifellos eine Bereicherung f\u00fcr das Team sein und zur Erreichung unserer Ziele beitragen.<\/p>\n<p>Der Sportliche Leiter Gaetano Manno \u00e4u\u00dferte sich folgenderma\u00dfen zur Neuverpflichtung: \u201eWir sind sehr froh, dass sich Charlie dazu entschieden hat, mit uns gemeinsam den Weg zu gehen. Bei der Auswahl haben wir besonderen Wert auf seinen Charakter gelegt, und wir sind \u00fcberzeugt, dass er uns mit seiner Qualit\u00e4t weiterhelfen wird. Er wird eine wichtige F\u00fchrungsrolle einnehmen und bringt eine beeindruckende Erfahrung in der Offensive mit. Er besitzt eine gute Tiefe im Spiel und bringt alle Eigenschaften mit, die wir ben\u00f6tigen. Seine physische Pr\u00e4senz und seine Kopfballst\u00e4rke sind herausragend. Wir haben lange auf diesen Transfer gewartet und sind sehr gl\u00fccklich, dass er sich f\u00fcr uns entschieden hat. Wir m\u00f6chten allen danken, die diesen Transfer erm\u00f6glicht haben. Mit dieser Verpflichtung schlie\u00dfen wir unsere Transferaktivit\u00e4ten ab, es wird keine weiteren Ver\u00e4nderungen geben.&#8220;<\/p>\n<p>Neuzugang Charlison Benschop \u00e4u\u00dfert sich wie folgt: \u201eIch freue mich hier zu sein, ich freue mich auch schon sehr die Jungs kennenzulernen. Auch auf die Stadt und den Verein freue ich mich sehr. Morgen geht es in Trainingslager, dann geht es los.\u201c<\/p>\n<div id=\"attachment_66527\" class=\"wp-caption alignnone\" style=\"max-width: 759px;\"><img loading=\"lazy\" decoding=\"async\" class=\" wp-image-66527\" src=\"\/wp-content\/uploads\/2023\/06\/Bild-27.06.23-um-19.21-2.jpg\" alt=\"\" width=\"749\" height=\"567\" \/><span class=\"wp-caption-text\">Der Sportliche Leute Gaetano Manno (r.) mit Neuzugang Ilhan Altuntas &#8211; \u00a9 Gesch\u00e4ftsstelle WSV<\/span><\/div>\n<h4>Ilhan Altuntas kommt als Verst\u00e4rkung<\/h4>\n<p>Der talentierte Innenverteidigers Ilhan Altuntas war in der letzte R\u00fcckrunde an den \u00a0FC Rot-Weiss Koblenz ausgeliehen, der in der Regionalliga S\u00fcdwest spielt. Der20j\u00e4hrige kam in allen Ligaspielen zum Einsatz. Seine Leistungen haben gezeigt, dass er ein vielversprechendes Talent mit gro\u00dfem Potential ist.<\/p>\n<p>Mit einer K\u00f6rpergr\u00f6\u00dfe von 1,87 Metern und einem starken rechten Fu\u00df bringt Ilhan Altuntas physische Pr\u00e4senz und technische Fertigkeiten mit. Er durchlief die Jugendmannschaften von Fortuna K\u00f6ln und Viktoria K\u00f6ln, bevor er den Sprung in den Kader der ersten Mannschaft von Viktoria K\u00f6ln schaffte. Altuntas \u00fcberzeugte nicht nur im Probetraining, sondern zeigte auch letzte Woche beim Testspiel gegen Fortuna K\u00f6ln eine starke Leistung.<\/p>\n<p>Trainer H\u00fczeyfe Dogan \u00fcber die Neuverpflichtung: \u201eIlhan ist ein junger entwicklungsf\u00e4higer Spieler, der schon einige Eins\u00e4tze in der Regionalliga vorweisen kann. Zudem ist er sehr ehrgeizig, und hat viel Potenzial nach oben.\u201c<\/p>\n<p>Ilhan Altuntas erkl\u00e4rte: \u201eHallo liebe WSV-Fans, ich bin sehr gl\u00fccklich dar\u00fcber, dass ich meine Karriere im Seniorenbereich bei einem Klub wie dem Wuppertaler SV fortsetzen kann. Die Regionalliga West und der WSV bieten mir eine herausragende Gelegenheit. Bei jeder Trainingseinheit werde ich mein Bestes geben. Ich bin \u00fcberzeugt, dass wir in dieser Saison gro\u00dfe Ziele vor uns haben.\u201c<\/p>\n<div id=\"attachment_66491\" class=\"wp-caption alignnone\" style=\"max-width: 759px;\"><img loading=\"lazy\" decoding=\"async\" class=\" wp-image-66491\" src=\"\/wp-content\/uploads\/2023\/06\/Bild-26.06.23-um-15.57-2.jpg\" alt=\"\" width=\"749\" height=\"523\" \/><span class=\"wp-caption-text\">Aday Ercan, der neue Mittelfeldspieler des WSV &#8211; \u00a9 Gesch\u00e4ftsstelle Wuppertaler SV<\/span><\/div>\n<h4>Aday Ercan kommt von Drittligisten Borussia Dortmund U23<\/h4>\n<p>Aday Ercan ist ein defensiver Mittelfeldspieler mit einer Gr\u00f6\u00dfe von 1,91 Metern. Er passt haargenau ins Anforderungsprofil der Wuppertaler.<\/p>\n<p>Bevor er bei Borussia Dortmund spielte, sammelte Aday Ercan Erfahrungen bei zwei weiteren Vereinen in der Regionalliga West. Er war Teil des SV R\u00f6dinghausen und des SC Wiedenbr\u00fcck, wodurch er die Liga bestens kennt. Seine Jugend verbrachte er beim SC Paderborn.<\/p>\n<p>Mit der Verpflichtung von Aday Ercan erh\u00e4lt der Wuppertaler SV einen talentierten Spieler, der bereits in verschiedenen Vereinen seine F\u00e4higkeiten unter Beweis gestellt hat. Seine Erfahrung in der Regionalliga West wird ihm dabei helfen, sich schnell in das Team einzuf\u00fcgen. Nicht nur in der Regionalliga West konnte der 1,91 Meter gro\u00dfe Mittelfeldspieler \u00fcberzeugen, sondern auch in der abgelaufenen Trainingswoche, als er beim WSV mit trainierte. Mit seinen 22 Jahren f\u00e4llt der defensive Mittelfeldspieler zudem unter die U-23 Regelung. Trotz seines jungen Alters kommt unser Neuzugang schon auf achtzig Eins\u00e4tze im Seniorenfu\u00dfball.<\/p>\n<p>Gaetano Manno, Sportlicher Leiter des WSV: \u201eWir freuen uns, dass wir unseren gew\u00fcnschten Mittelfeldspieler f\u00fcr uns gewinnen konnten. Er bringt eine gute K\u00f6rpergr\u00f6\u00dfe und gute technische F\u00e4higkeiten mit. Trotz seines jungen Alters verf\u00fcgt er bereits \u00fcber eine beachtliche Erfahrung, unter anderem durch seine bisherigen Stationen, einschlie\u00dflich der dritten Liga bei Dortmund. Im Training hat er sich positiv pr\u00e4sentiert und gezeigt, dass er gut zu unserem Team passt. Wir sind froh, dass er sich f\u00fcr uns entschieden hat und hoffen, dass er nun seine Leistungsf\u00e4higkeit unter Beweis stellen kann, um seinen Platz im Team zu finden. Besonders wichtig ist seine St\u00e4rke im Zweikampf, was uns in der Zusammenstellung der Mannschaft wichtig war. Zudem f\u00e4llt er in die Alterskategorie der U-Spieler. Wir sind gespannt auf seine Entwicklung und w\u00fcnschen ihm viel Erfolg bei uns.&#8220;<\/p>\n<p>Aday Ercan freut sich ebenfalls auf die neue Aufgabe: \u201eHallo liebe WSV-Fans, ich freue mich hier zu sein und habe schon Bock auf die neue Saison. Ich denke, es kann eine sehr erfolgreiche Spielzeit werden. Ich freue mich euch im Stadion zu sehen.\u201c<\/p>\n<div id=\"attachment_66322\" class=\"wp-caption alignnone\" style=\"max-width: 755px;\"><img loading=\"lazy\" decoding=\"async\" class=\" wp-image-66322\" src=\"\/wp-content\/uploads\/2023\/06\/Classen-19-06-2023-011-2-1024x680.jpg\" alt=\"\" width=\"745\" height=\"495\" \/><span class=\"wp-caption-text\">Hintere Reihe (v.l.).Fitnesstrainer Oliver Schumacher, Rene Gabrowski (Torwarttrainer) Davide Itter, (WSV U19), Niklas Dams, Mert G\u00f6ckan, H\u00fcseyin Bulut, Paul Grave (Torwart), Damjan Marceta, H\u00fczefe Dogan &#8211; vordere Reihe (v.r) Jef Tchouangue, Mert Leon Temiz (Torwart), Tim Korzuschek, Phil Beckhoff, Semir Saric, Steve Tunga Malanda &#8211; \u00a9 Jochen Classen<\/span><\/div>\n<p>Der WSV-Kader hat in der Regionalliga-Saison 2023\/24 ein v\u00f6llig anderes Gesicht: Gatano Manno, neuer Sportdirektor des Traditionsvereins hat schon zehn Neuzug\u00e4nge einget\u00fctet: Dazu sto\u00dfen drei Nachwuchsspieler des WSV zum Profi-Kader. Die Neuen sind: \u00a0Damjan Marceta (29), Tim Korzuschek (24), Steve Tunga (25), Mert G\u00f6ckan (22), Phil Beckhoff (23), Paul Grave (22), ujetzt Davide Itter (24), Semir Saric (25), H\u00fcseyin Bulut (24) und Niklas Dams (33).<\/p>\n<p>An den ersten Trainingstagen sind zudem vier Testspieler dabei: Ilhan Altuntas (Viktoria K\u00f6ln), AdayErcam (Borussia Dortmund II), Gentuar Durmishi (SSV Jeddeloh II) und Lukas Larsen (AC Horsens U19 \/ D\u00e4nemark).<\/p>\n<p>Fans, die sich ein Bild von den neuen WSV-Spieler machen wollen, sind dazu herzliche eingeladen. Hier Termine und Locations:<\/p>\n<p><strong>Die Termine f\u00fcr die erste Trainingswoche der Saison 2023\/2024:<\/strong><\/p>\n<p>\u2022 Montag &#8211; 19.06.2023 &#8211; 12:00 Uhr &#8211; Freudenberg<\/p>\n<p>\u2022 Dienstag &#8211; 20.06.2023 &#8211; 10:30 Uhr &#8211; Kunstrasen Stadion am Zoo Nebenplatz und um 15:30 Uhr &#8211; Freudenberg<\/p>\n<p>\u2022 Mittwoch &#8211; 21.06.2023 &#8211; 10:30 Uhr &#8211; Oberbergische Stra\u00dfe<\/p>\n<p>\u2022 Donnerstag &#8211; 22.06.2023 &#8211; 10:30 Uhr: Kunstrasen Stadion am Zoo Nebenplatz und um 15:30 Uhr &#8211; Freudenberg<\/p>\n<p>\u2022 Freitag &#8211; 23.06.2023 &#8211; 10:30 Uhr &#8211; Oberbergische Stra\u00dfe<\/p>\n<p>Alle Trainingseinheiten sind \u00f6ffentlich. Bitte beachten, dass es aufgrund der gemeinsamen Nutzung der Anlagen immer zu kurzfristigen \u00c4nderungen im Ablaufplan kommen kann. Tipp: Deshalb regelm\u00e4\u00dfig nach Updates auf der WSV-Homepage schauen.<\/p>\n<div id=\"attachment_66249\" class=\"wp-caption alignnone\" style=\"max-width: 758px;\"><img loading=\"lazy\" decoding=\"async\" class=\" wp-image-66249\" src=\"\/wp-content\/uploads\/2023\/06\/DSC_4215-2-1024x693.jpg\" alt=\"\" width=\"748\" height=\"506\" \/><span class=\"wp-caption-text\">Neuzugang Niklas Dams stellt sich der Wuppertaler Presse vor. Rechts WSV-Sportdirektor Gaetano Manno &#8211; \u00a9 Jochen Classen<\/span><\/div>\n<p>Der Wuppertaler SV hat den Verteidiger Niklas Dams vom Drittligisten Borussia Dortmund U23 verpflichtet. Niklas Dams, der seine Jugendzeit sowohl bei Fortuna D\u00fcsseldorf als auch bei Borussia M\u00f6nchengladbach ausgebildet wurdet, bringt eine Menge Erfahrung mit.<\/p>\n<p>Nach seiner Zeit in der Jugendabteilung von Fortuna D\u00fcsseldorf machte Niklas Dams den Schritt zu Borussia M\u00f6nchengladbach, wo er nach seiner Jugendzeit in der U23 eingesetzt wurde. Von dort aus f\u00fchrte ihn sein Weg zu Servette Genf in der Schweiz. Nach zwei Saisons bei den Eidgenossen schloss er sich dem SV Wehen-Wiesbaden an und stieg mit dem Verein aus der 3. Liga in die 2. Bundesliga auf.<span class=\"Apple-converted-space\">\u00a0<\/span><\/p>\n<p><img loading=\"lazy\" decoding=\"async\" class=\"alignnone size-full wp-image-66329\" src=\"\/wp-content\/uploads\/2023\/06\/Kader-Wuppertaler-SV_2023-24_230619_141452-2.jpg\" alt=\"\" width=\"461\" height=\"729\" \/><\/p>\n<p>Auch mit seinem letzten Arbeitgeber Borussia Dirtmund U23 schaffte der 1,84 Meter gro\u00dfe Verteidiger letztes Jahr den Aufstieg aus der Regionalliga West in die 3. Liga auf und bestritt in der Saison alle 40 Saisonspiele. In der abgelaufenen Saison lief Niklas Dams 35 Mal f\u00fcr Borussia Dortmund in der 3. Liga auf.<\/p>\n<p>Besonders bemerkenswert sind seine Spielst\u00e4rke und sein taktisches Verst\u00e4ndnis. Seine bevorzugte Position ist die Innenverteidigung, wo er seine St\u00e4rken voll ausspielen kann. Er ist beidf\u00fc\u00dfig und besticht mit seiner Pr\u00e4senz auf dem Platz.<\/p>\n<div id=\"attachment_66112\" class=\"wp-caption alignnone\" style=\"max-width: 759px;\"><img loading=\"lazy\" decoding=\"async\" class=\" wp-image-66112\" src=\"\/wp-content\/uploads\/2023\/06\/Bild-09.06.23-um-15.28-2-1024x664.jpg\" alt=\"\" width=\"749\" height=\"486\" \/><span class=\"wp-caption-text\">Verst\u00e4rkt den Wuppertaler SV:H\u00fcseyin Bulut (24), der von Rot-Weiss Ahlen kommt &#8211; \u00a9 Gesch\u00e4ftsstelle Wuppertaler SV<\/span><\/div>\n<h4>H\u00fcseyin Bulut wechselt von Rot-Weiss Ahlen an die Wupper<\/h4>\n<p>Der n\u00e4chste Neuzugang des Wuppertaler SV kommt von Rot Weiss Ahlen. H\u00fcseyin Bulut konnte in der letzten Saison in 29 Spielen insgesamt 7 Tore erzielen und zus\u00e4tzlich 4 Assists liefern.<\/p>\n<p>H\u00fcseyin Bulut hat einen Gro\u00dfteil seiner Laufbahn im Nachwuchs und bei den Amateuren von Borussia Dortmund verbracht. In dieser Zeit wurde er sowohl mit der U-17 als auch mit der U-19 Deutscher Meister. Dar\u00fcber hinaus hat er auch f\u00fcr die t\u00fcrkische U-16 und U-17 Auswahl gespielt.<\/p>\n<p>In der Regionalliga West spielte Bulut au\u00dferdem f\u00fcr die Sportfreunde Lotte und f\u00fcr RW Oberhausen. Mit seinen 24 Jahren kann er bereits auf insgesamt 77 Eins\u00e4tze f\u00fcr verschiedene Regionalligisten zur\u00fcckblicken.<\/p>\n<p>Mit seiner Schnelligkeit, seiner guten Technik und seiner vielseitigen Einsatzm\u00f6glichkeit in der Offensive bringt H\u00fcseyin Bulut viel Potenzial mit.<\/p>\n<p>Neuzugang H\u00fcseyin Bulut: \u201eIch bin sehr froh, hier zu sein. Ich werde alles geben, um der Mannschaft zu helfen, damit wir gemeinsam aufsteigen k\u00f6nnen. Au\u00dferdem freue ich mich darauf, vor den Fans zu spielen, wenn es losgeht.&#8220;<\/p>\n<p>Der Sportliche Leiter Gaetano Manno \u00fcber den Neuzugang: \u201eEr ist ein junger Spieler, der sehr talentiert ist. Ich hatte das Gl\u00fcck, ihn acht Wochen lang im Training zu beobachten und seine F\u00e4higkeiten hautnah zu erleben. Auch im Spiel gegen den WSV hat er eine tolle Leistung gezeigt. Ich bin fest davon \u00fcberzeugt, dass er mit uns den n\u00e4chsten Schritt machen kann. Deshalb freue ich mich sehr, dass er sich uns anschlie\u00dft. Er ist nicht nur ein hervorragender Techniker, sondern auch ein unglaublich schneller Spieler. Ich hoffe, dass er hier bei uns seine F\u00e4higkeiten unter Beweis stellt.&#8220;<\/p>\n<div id=\"attachment_66070\" class=\"wp-caption alignnone\" style=\"max-width: 760px;\"><img loading=\"lazy\" decoding=\"async\" class=\" wp-image-66070\" src=\"\/wp-content\/uploads\/2023\/06\/Bild-08.06.23-um-11.05-2-1024x755.jpg\" alt=\"\" width=\"750\" height=\"553\" \/><span class=\"wp-caption-text\">WSV-Sportdirektor Gaetano Mann (r.) mit R\u00fcckkehrer Semir Saric &#8211; \u00a9 Gesch\u00e4ftsstelle WSV<\/span><\/div>\n<h4>Semir Saric: Willkommen zur\u00fcck im Tal<\/h4>\n<p>Semir Saric kehrt nach einem Jahr bei den Kickers Offenbach zur\u00fcck zum Wuppertaler SV. Er spielte bereits von 2018 bis 2022 beim WSV. In dieser Zeit absolvierte Semir Saric insgesamt 131 Eins\u00e4tze f\u00fcr die Bergischen..<\/p>\n<p>Mit 25 Jahren ist Saric bereits ein erfahrener Spieler, der sowohl im offensiven Mittelfeld als auch als torgef\u00e4hrlicher Akteur bekannt ist. In der vergangenen Saison bestritt er 31 Spiele in der Regionalliga S\u00fcdwest f\u00fcr Offenbach und konnte auch dort seine Qualit\u00e4ten unter Beweis stellen.<\/p>\n<p>Der Sportliche Leiter Gaetano Manno \u00fcber die R\u00fcckkehr von Semir Saric: \u201eWir sind gl\u00fccklich, dass Semir wieder bei uns ist. Seine R\u00fcckkehr ist sportlich gesehen ein gro\u00dfer Gewinn f\u00fcr unser Team, da er ein \u00e4u\u00dferst torgef\u00e4hrlicher Mittelfeldspieler ist. Auch menschlich und charakterlich ist er eine absolute Bereicherung f\u00fcr unser Team. An dieser Stelle m\u00f6chte ich noch einen gro\u00dfen Dank an Friedhelm Runge aussprechen, ohne ihn w\u00e4re die R\u00fcckholaktion nicht m\u00f6glich gewesen.&#8220;<\/p>\n<p>Auch\u00a0<strong>Semir Saric <\/strong>freut sich, wider f\u00fcr den WSV auflaufen zu k\u00f6nnen: \u201eLiebe WSV-Familie,die Jahre, die ich in diesem Club verbracht habe, sind mir immer in Erinnerung geblieben. Es erf\u00fcllt mich mit gro\u00dfer Freude, wieder hier zu sein. Es ist sch\u00f6n, bekannte Gesichter wiederzusehen und neue kennenzulernen, die Fans im R\u00fccken zu sp\u00fcren und gemeinsam Erfolge in den Farben Rot und Blau zu feiern. Ich hoffe auf zahlreiche Unterst\u00fctzung, genauso wie ich sie aus meiner fr\u00fcheren Zeit hier kannte. Lasst uns gemeinsam unsere Ziele erreichen und erfolgreich sein.\u201c<\/p>\n<div id=\"attachment_65843\" class=\"wp-caption alignnone\" style=\"max-width: 760px;\"><img loading=\"lazy\" decoding=\"async\" class=\" wp-image-65843\" src=\"\/wp-content\/uploads\/2023\/05\/Bild-03.06.23-um-16.07-2.jpg\" alt=\"\" width=\"750\" height=\"514\" \/><span class=\"wp-caption-text\">Rechtsverteidiger Davide Itter kommt vom Zweitligaufsteiger VfL Osnabr\u00fcck &#8211; \u00a9 Gesch\u00e4ftsstelle WSV<\/span><\/div>\n<h4>Davide Itter: Von Osnabr\u00fcck zu den Rot-Blauen<\/h4>\n<p>Der \u00a0Verteidiger Davide Itter kommt vom \u00a0VfL Osnabr\u00fcck, mit dem er in die zweite Liga aufgestiegen ist.Der 24-j\u00e4hrige geb\u00fcrtige Gie\u00dfener kann bereits auf einige Stationen zur\u00fcckblicken. Er spielte in der Jugend sowohl bei Eintracht Frankfurt als auch beim VfL Wolfsburg, bevor er zum Amateure-Team des VfL Wolfsburg wechselte und schlie\u00dflich beim VfL Osnabr\u00fcck unterschrieb.<\/p>\n<p>Au\u00dferdem absolvierte Davide Itter 23 U-L\u00e4nderspiele f\u00fcr die Deutsche Auswahl. Vor seiner Verpflichtung durch den Wuppertaler SV absolvierte unser Neuzugang ein Probetraining und \u00fcberzeugte dabei das Trainerteam und die Verantwortlichen des Vereins.<\/p>\n<p>Der Rechtsverteidiger \u00a0bringt somit wertvolle Erfahrung mit, die dem Wuppertaler SV zugutekommen wird. Mit einer K\u00f6rpergr\u00f6\u00dfe von 1,84 Metern und seiner taktischen Klasse ist Itter eine wichtige Verst\u00e4rkung f\u00fcr die Mannschaft<\/p>\n<p>Neuzugang Davide Itter \u00fcber seinen Wechsel: \u201eIch freue mich riesig \u00fcber die neue Herausforderung. Ich war vor ein paar Wochen beim Probetraining und konnte mir schon einen Eindruck schaffen, wie hier gearbeitet wird, wie die Gegebenheiten sind, wie die Mannschaft und der Trainer sind und ich muss sagen, dass hat mich sehr \u00fcberzeugt und ich kann es kaum erwarten anzufangen. Meine Ziele sind, sowohl die pers\u00f6nlichen wie auch die des Vereins erfolgreich zu gestalten und das Maximum herauszuholen.\u201c<\/p>\n<p>Gaetano Manno, Sportlicher Leiter des WSV: \u201eWir sind sehr froh, dass sich Davide Itter f\u00fcr uns entschieden hat. Er besitzt einen starken Charakter und ist ein Spieler mit einer sauberen Technik. Solch ein Spieler hat in unserem Team noch gefehlt. Dar\u00fcber hinaus bringt er die richtige Mentalit\u00e4t mit, die uns sehr wichtig ist. Wir sind froh und dankbar, dass er sich trotz eines Vertrages in der zweiten Liga f\u00fcr uns entschieden hat. Es gab andere Angebote, aber er hat sich f\u00fcr uns entschieden und das erf\u00fcllt uns mit gro\u00dfer Freude. Solche Spieler sind genau diejenigen, die wir suchen &#8211; Spieler, die mit uns gemeinsam den Weg gehen wollen.&#8220;<\/p>\n<div id=\"attachment_65745\" class=\"wp-caption alignnone\" style=\"max-width: 760px;\"><img loading=\"lazy\" decoding=\"async\" class=\" wp-image-65745\" src=\"\/wp-content\/uploads\/2023\/05\/Bild-31.05.23-um-16.03-2.jpg\" alt=\"\" width=\"750\" height=\"566\" \/><span class=\"wp-caption-text\">WSV-Sportdirektor Gaetano Manno (r.) mit Neuzugang Paul Grave &#8211; \u00a9 WSV-Gesch\u00e4ftstelle<\/span><\/div>\n<h4>Paul Grave wir das Tot des WSV &#8222;sauber&#8220; halten<\/h4>\n<p>Der Wuppertaler SV gibt die Verpflichtung von Torwart Paul Grave bekannt. Der 22-j\u00e4hrige Spieler wird vom Bundesligisten VfL Bochum f\u00fcr die kommende Saison ausgeliehen. Seit 2014 spielt Grave f\u00fcr den VfL Bochum und hat nach Beendigung seiner Jugendzeit den Sprung in den Profikader geschafft.<\/p>\n<p>Mit einer Gr\u00f6\u00dfe von 1,93 Metern bringt er k\u00f6rperliche Pr\u00e4senz mit sich. Paul Grave wird zusammen mit Sebastian Patzler und Mert Termiz das Torh\u00fcter-Trio im Aufgebot des WSV bilden.<\/p>\n<p>Wir hei\u00dfen Paul Grave herzlich willkommen und w\u00fcnschen ihm eine erfolgreiche Zeit in seiner neuen sportlichen Heimat.<\/p>\n<p>Der Sportliche Leiter Gaetano Manno \u00e4u\u00dferte sich folgenderma\u00dfen zur Neuverpflichtung: \u201eIch freue mich sehr \u00fcber unseren neuen talentierten Torwart, der vom VfL Bochum aus der Bundesliga zu uns kommt. Bei Bochum konnte er viel von den erfahrenen Torh\u00fctern lernen und ist seit zwei Jahren dabei. Jetzt m\u00f6chte er den n\u00e4chsten Schritt machen und sich bei uns zeigen. Er ist hungrig nach Spielpraxis und wird eine gute Ausstrahlung auf dem Platz haben. Er ist im Eins-gegen-Eins-Duell sehr stark. Ich m\u00f6chte auch dem VfL Bochum f\u00fcr die Zusammenarbeit und die M\u00f6glichkeit, diesen talentierten Spieler ausleihen zu d\u00fcrfen, meinen Dank aussprechen.&#8220;<\/p>\n<p>Neuzugang Paul Grave \u00e4u\u00dfert sich wie folgt: \u201eIch hatte ein wirklich gutes Gespr\u00e4ch mit Gaetano und H\u00fczeyfe und deshalb bin ich wirklich gl\u00fccklich, dass es mit dem Wechsel zum WSV geklappt hat. Ich freue mich sehr auf die kommende Saison und darauf, die Jungs kennenzulernen. Mein Ziel ist es, meinen Beitrag zu leisten, damit wir eine erfolgreiche Spielzeit haben.&#8220;<\/p>\n<h4>Phil Beckhoff tr\u00e4gt das WSV-Trikot<\/h4>\n<p>Der Wuppertaler SV kann den n\u00e4chsten Neuzugang vermelden. Ab der n\u00e4chsten Saison geht der 23-j\u00e4hrige Phil Beckhoff f\u00fcr den WSV auf Torejagd. In der abgelaufenen Saison spielte er beim Ligakonkurrenten der U23 von Borussia M\u00f6nchengladbach. Die Regionalliga West ist kein Neuland f\u00fcr ihn. Phil Beckhoff spielte seine ersten beiden Jahre im Profibereich beim SC Wiedenbr\u00fcck.<\/p>\n<p>Phil Beckhoff ist f\u00fcr die linke Au\u00dfenbahn eingeplant und soll die Mannschaft in der Offensive mit seinem starken linken Fu\u00df unterst\u00fctzen.<\/p>\n<p>Der Sportliche Leiter Gaetano Manno: \u201eIch bin sehr froh, dass wir mit Phil Beckhoff einen Spieler verpflichten konnten, den wir so im letzten Jahr nicht im Kader hatten. Trotz mehrerer anderer Anfragen hat Phil sich f\u00fcr den WSV entschieden und m\u00f6chte den von uns eingeschlagen Weg zusammen mit uns gehen. Phil besitzt einen feinen linken Fu\u00df und ist unglaublich abschlussstark.&#8220;<\/p>\n<p>Neuzugang Phil Beckhoff: \u201eNach dem guten Gespr\u00e4ch mit Gaetano Manno und H\u00fczeyfe Dogan habe ich mich direkt in Wuppertal sehr wohl und vertraut gef\u00fchlt. Ich bin ein hungriger Spieler und habe noch vieles vor in meiner Karriere. Ich denke das gleicht sich mit den Zielen und Ambitionen vom Wuppertaler SV. Wir werden eine sehr gute Mannschaft haben, ich hoffe wir werden unser gro\u00dfes Ziel erreichen. Ich freue mich auf die Fans vom WSV und hoffe, sie werden uns zahlreich und lautstark unterst\u00fctzen.\u201c<\/p>\n<div id=\"attachment_65431\" class=\"wp-caption alignnone\" style=\"max-width: 759px;\"><img loading=\"lazy\" decoding=\"async\" class=\"wp-image-65431 \" src=\"\/wp-content\/uploads\/2023\/05\/Bild-19.05.23-um-14.44-2-1024x718.jpg\" alt=\"\" width=\"749\" height=\"525\" \/><span class=\"wp-caption-text\">WSV-Sportdirektor Gaetano Manno (r.) freut sich sichtlich \u00fcber die Vertragsunterschrift von Mert G\u00f6ckan &#8211; \u00a9 WSV-Gesch\u00e4ftsstelle<\/span><\/div>\n<h4>Abwehrspieler Mert G\u00f6ckan<\/h4>\n<p>Der linke Verteidiger Mert G\u00f6ckan (22) wechselt vom Ligakonkurrenten Fortuna D\u00fcsseldorf U23 zum WSV und wird das Team ab der kommenden Saison verst\u00e4rken.<\/p>\n<p>Der in Dortmund geborene Mert G\u00f6ckan durchlief die Jugendmannschaften von Borussia Dortmund und gewann unter anderem die A-Jugend Bundesliga mit seinem Team. Nicht nur in der Jugend von Borussia Dortmund spielte der Linksfu\u00df, sondern auch f\u00fcr die U-Nationalmannschaft der T\u00fcrkei lief der Sommerneuzugang insgesamt dreimal auf.<\/p>\n<p>Als linker Verteidiger bringt G\u00f6ckan sowohl technische Fertigkeiten als auch Kampfgeist in Zweik\u00e4mpfen mit. In der vergangenen Saison \u00fcberzeugte Mert G\u00f6ckan nicht nur durch starke Leistungen bei der Bundesliga-Zweitvertretung von Fortuna D\u00fcsseldorf, sondern agierte auch regelm\u00e4\u00dfig als Kapit\u00e4n.<\/p>\n<p>Gaetano Manno: \u201eTrotz mehrerer Anfragen aus der 3. Liga hat er sich f\u00fcr uns entschieden. Ich bin froh, dass wir einen so jungen Spieler bekommen haben, der auch Kapit\u00e4n von D\u00fcsseldorf II war. Er hat eine tolle Saison gespielt und ist unsere absolute Wunschl\u00f6sung f\u00fcr die linke Verteidigung. Wir sind sehr gl\u00fccklich, dass sich Mert f\u00fcr uns entschieden hat. Er ist ein talentierter Fu\u00dfballer und zugleich ein starker Zweik\u00e4mpfer.&#8220;<\/p>\n<p>&nbsp;<\/p>\n<div id=\"attachment_65405\" class=\"wp-caption alignnone\" style=\"max-width: 760px;\"><img loading=\"lazy\" decoding=\"async\" class=\" wp-image-65405\" src=\"\/wp-content\/uploads\/2023\/05\/Bild-18.05.23-um-13.16-2-1024x677.jpg\" alt=\"\" width=\"750\" height=\"496\" \/><span class=\"wp-caption-text\">Gute Laune bei der Vertragsunterzeichnung: WSV-Sportdirektor Gaetano Manno (r.) mit Neuzugang Tim Korzuschek &#8211; \u00a9 WSV-Gesch\u00e4ftsstelle<\/span><\/div>\n<p>Mert G\u00f6ckan: \u201eDie Gespr\u00e4che waren von Beginn an sehr positiv. Ich hatte sofort gesp\u00fcrt, dass der Verein mich zu einhundert Prozent m\u00f6chte und das ich gebraucht werde. Das Gef\u00fchl habe ich sowohl von Gaetano Manno wie auch vom Trainer bekommen. Ich hatte sofort das Gef\u00fchl, dass der n\u00e4chste Schritt mit dem Wuppertaler SV der richtige f\u00fcr mich ist und es perfekt passt.\u201c<\/p>\n<h4>Torj\u00e4ger Damjan Marceta<\/h4>\n<p>In der vergangenen Saison erzielte Marceta 13 Tore, darunter auch einen Treffer im Hinspiel gegen den Wuppertaler SV. Seine Leistungen hatten das Interesse mehrerer Vereine geweckt. Letztendlich entschied sich der Offensivspieler f\u00fcr den WSV.<\/p>\n<p>Marcetas St\u00e4rken liegen nicht nur in seinem Offensivspiel, er gilt auch als Teamplayer. Sportdirektor Gaetano Manno ist sich sicher, dass der neue St\u00fcrmer sehr schnell eine wichtige Rolle spielen wird.<span class=\"Apple-converted-space\">\u00a0<\/span><\/p>\n<p>Der Sportliche Leiter Gaetano Manno schw\u00e4rmt: \u201eEr ist ein Sto\u00dfst\u00fcrmer, der von vielen Vereinen in der Liga umworben war, nicht nur aus der Regionalliga West. Ich bin froh, dass sich dieser Spielertyp f\u00fcr uns entschieden hat, denn dieser Typ St\u00fcrmer hat uns noch gefehlt. Er ist unser Wunschst\u00fcrmer und ich bin froh, dass er unseren Weg zu einhundert Prozent mitgehen m\u00f6chte. Er ist sowohl ein Torj\u00e4ger, aber auch ein Teamplayer und arbeitet sehr viel f\u00fcr die Mannschaft. Er soll und kann die Mannschaft gut f\u00fchren.\u201c<\/p>\n<p>Neuzugang Damjan Marceta: \u201eIch freue mich riesig, dass ich nach Wuppertal gewechselt bin und das alles so gut geklappt hat. Die Gespr\u00e4che mit Gaetano Manno und dem Trainer waren immer sehr gut und da habe ich immer gesp\u00fcrt, wie sehr der Verein mich m\u00f6chte, was f\u00fcr mich sehr wichtig ist. \u00a0Ich habe mich f\u00fcr den WSV entschieden, weil das ein Verein mit Tradition ist und sie gro\u00dfe Ambitionen haben, welche ich auch habe. Ich denke, dass wir die gleichen Ziele haben. Wir werden eine sehr gute Mannschaft haben und m\u00fcssen nur auf dem Platz das liefern, was wir k\u00f6nnen, immer einhundert Prozent geben, k\u00e4mpfen und von Spiel zu Spiel gucken. Am Ende werden wir sehen, wo wir stehen. Dazu z\u00e4hle ich nat\u00fcrlich auch die Fans, dass sie uns R\u00fcckenwind geben und unser 12. Mann im Stadion sind.&#8220;<\/p>\n<h4>Mittelfeld-Stratege Tim Korzuschek<\/h4>\n<p>Auch Tim Korzuschek hat einen Vertrag beim Wuppertaler SV unterschrieben. Der 24j\u00e4hrige wechselt vom Ligakonkurrenten Alemannia Aachen an die Wupper. Tim Korzuschek ist ein offensiver Mittelfeldspieler mit gro\u00dfen technischen F\u00e4higkeiten, Dynamik und gutem Spielverst\u00e4ndnis.<\/p>\n<div id=\"attachment_65407\" class=\"wp-caption alignnone\" style=\"max-width: 759px;\"><img loading=\"lazy\" decoding=\"async\" class=\" wp-image-65407\" src=\"\/wp-content\/uploads\/2023\/05\/Bild-18.05.23-um-13.06-2-1024x699.jpg\" alt=\"\" width=\"749\" height=\"511\" \/><span class=\"wp-caption-text\">Der Trainer und seine Verst\u00e4rkung: H\u00fczeyfe Dogan (r.) mit Neuzugang Damjan Maceta &#8211; \u00a9 WSVGesch\u00e4ftsstelle<\/span><\/div>\n<p>Gaetano Manno, Sportlicher Leiter: &#8222;Ich bin froh, dass er sich f\u00fcr uns entschieden hat, nachdem wir bereits vor einem Jahr auf seine Entscheidung gewartet haben und er sich damals gegen uns entschieden hat. Daher freue ich mich umso mehr, dass er nun unseren Weg mitgeht und sich f\u00fcr den Wuppertaler SV entschieden hat, trotz anderer Anfragen.&#8220;<\/p>\n<p>Neuzugang Tim Korzuschek: \u201eIch habe mich f\u00fcr den WSV entschieden, weil ich einen sehr positiven Eindruck von den Verantwortlichen hatte in den Gespr\u00e4chen, die ich gef\u00fchrt habe. Au\u00dferdem ist der WSV seit Jahren ein Topverein in der Regionalliga, deswegen freue ich mich hier zu sein. Ich m\u00f6chte meinen Teil dazu beitragen, dass wir in Zukunft unsere gemeinsamen Ziele erreichen, und ich denke das ist der richtige Schritt f\u00fcr mich.\u201c<\/p>\n<p>Steve Tunga, der &#8211; so berichtet das Sportmagazin RevierSport &#8211; von der SG Wattenscheid nach Wuppertal wechselt, ist ein kampf- und laufstarker Sechser.<\/p>\n<div id=\"attachment_33362\" class=\"wp-caption alignnone\" style=\"max-width: 761px;\"><img loading=\"lazy\" decoding=\"async\" class=\" wp-image-33362\" src=\"\/wp-content\/uploads\/2021\/01\/c4b789c7cee06b005af3b8069817c0ec.jpg\" alt=\"\" width=\"751\" height=\"500\" \/><span class=\"wp-caption-text\">Kevin Hagemann bleibt dem WSV erhalten &#8211; \u00a9 Jochen Classen<\/span><\/div>\n<h4>Wer kommt:<\/h4>\n<p>Damjan Marceta (SV R\u00f6dinghausen) &#8211; Steve Tunga (SG Wattenscheid) &#8211; Tim Korzuschek (Alemannia Aachen) &#8211; Mert G\u00f6ckan (Fortuna D\u00fcsseldorf U23).- Phil Beckhoff (Borussia M\u00f6nchengladbach U23) &#8211; Paul Grave (VfL Bochum) &#8211; Davide Itter (VfL Osnabr\u00fcck) &#8211; Semir Saric (Kickers Offenbach) &#8211; H\u00fcseyin Bulut (Rot-Wei\u00df Ahlen) &#8211; Niklas Dams (Borussia Dortmund U23) &#8211; Aday Ercan (Borussia Dortmund U23), Charlison Benshop (Fortuna Sittard)<\/p>\n<h4>Wer geht:<\/h4>\n<p>Michele Cordi (ETB SW Essen), Lewin D&#8217;Hone (SV Lippstadt), Isaak Akritidis, Noah Salau (beide 1. FC Bocholt), Marco Stiepermann (ASC 09 Dortmund, Jeron Al-Hazaimeh (TuS B\u00f6vinghausen), Moritz Montag (Rot-Wei\u00df Oberhausen), Nick Galle (TSV Steinbach Haiger), Bastian M\u00fcller (Alemannia Aachen), Oktay Dal (Rot Weiss Ahlen), Semih-Serhat G\u00fcler (Hansa Rostock), Valdet Rama (Wacker Obercastrop), Marco K\u00f6nigs (Bonner SC), Franz Langhoff, (KSV Hessen Kassel), Roman Prokoph (Karriereende)<\/p>\n<h4>Wer bleibt:<\/h4>\n<p>Kevin Rodrigues-Pires &#8211; Kevin Hagemann &#8211; Sebastian Patzler &#8211; Lion Schweers &#8211; Lukas Demming &#8211; Tobias Peitz &#8211; Durim Berisha &#8211; Kevin Pytlik &#8211; Philipp Hanke &#8211; Jef Tchouangue<\/p>\n<h4>Fragezeichen:<span class=\"Apple-converted-space\">\u00a0<\/span><\/h4>\n<p>Torj\u00e4ger Serhat-Semih G\u00fcler hat sich noch nicht entschieden.Uhm liegen mehrere Angebote z.B. aus der 3. Liga vor<\/p>\n<p><strong>Neuigkeiten aus dem Stuff:<\/strong><\/p>\n<p>Andy Steinmann bleibt auch in der Saison 2023\/24 Co-Trainer von Cheftrainer H\u00fczeyfe Dogan. Rene Grabowski (26) wird neuer Torwarttrainer. Er kommt vom Ligakonkurrenten Rot-Weiss Ahlen und wird die WSV-Torh\u00fcter Sebastian Patzler, Paul Grave und Mert Terniz unter seine Fittiche nehmen.<\/p>\n","protected":false},"excerpt":{"rendered":"<p>Der Wuppertaler SV hat sich noch einmal verst\u00e4rkt. Charlison Benschop geht ab sofort f\u00fcr den Regionalisten auf Torejagd. Nemschop spielte in Deutschland bereits f\u00fcr Fortuna D\u00fcsseldorf, den SV Sandhausen und Hannover 96.<\/p>\n","protected":false},"author":7,"featured_media":0,"comment_status":"open","ping_status":"open","sticky":false,"template":"","format":"standard","meta":{"footnotes":""},"categories":[20],"tags":[],"class_list":["post-65401","post","type-post","status-publish","format-standard","hentry","category-sport"],"publishpress_future_action":{"enabled":false,"date":"2026-05-05 08:22:25","action":"change-status","newStatus":"draft","terms":[],"taxonomy":"category","extraData":[]},"publishpress_future_workflow_manual_trigger":{"enabledWorkflows":[]},"_links":{"self":[{"href":"https:\/\/www.die-stadtzeitung.de\/index.php\/wp-json\/wp\/v2\/posts\/65401","targetHints":{"allow":["GET"]}}],"collection":[{"href":"https:\/\/www.die-stadtzeitung.de\/index.php\/wp-json\/wp\/v2\/posts"}],"about":[{"href":"https:\/\/www.die-stadtzeitung.de\/index.php\/wp-json\/wp\/v2\/types\/post"}],"author":[{"embeddable":true,"href":"https:\/\/www.die-stadtzeitung.de\/index.php\/wp-json\/wp\/v2\/users\/7"}],"replies":[{"embeddable":true,"href":"https:\/\/www.die-stadtzeitung.de\/index.php\/wp-json\/wp\/v2\/comments?post=65401"}],"version-history":[{"count":56,"href":"https:\/\/www.die-stadtzeitung.de\/index.php\/wp-json\/wp\/v2\/posts\/65401\/revisions"}],"predecessor-version":[{"id":67279,"href":"https:\/\/www.die-stadtzeitung.de\/index.php\/wp-json\/wp\/v2\/posts\/65401\/revisions\/67279"}],"wp:attachment":[{"href":"https:\/\/www.die-stadtzeitung.de\/index.php\/wp-json\/wp\/v2\/media?parent=65401"}],"wp:term":[{"taxonomy":"category","embeddable":true,"href":"https:\/\/www.die-stadtzeitung.de\/index.php\/wp-json\/wp\/v2\/categories?post=65401"},{"taxonomy":"post_tag","embeddable":true,"href":"https:\/\/www.die-stadtzeitung.de\/index.php\/wp-json\/wp\/v2\/tags?post=65401"}],"curies":[{"name":"wp","href":"https:\/\/api.w.org\/{rel}","templated":true}]}}