{"id":65382,"date":"2023-05-23T10:40:34","date_gmt":"2023-05-23T08:40:34","guid":{"rendered":"https:\/\/www.die-stadtzeitung.de\/?p=65382"},"modified":"2023-05-24T18:43:44","modified_gmt":"2023-05-24T16:43:44","slug":"charles-petersohn-gratuliert-marhall-allen-zum-99","status":"publish","type":"post","link":"https:\/\/www.die-stadtzeitung.de\/index.php\/2023\/05\/23\/charles-petersohn-gratuliert-marhall-allen-zum-99\/","title":{"rendered":"Charles Petersohn gratuliert Marhall Allen zum 99."},"content":{"rendered":"<div id=\"attachment_65387\" class=\"wp-caption alignnone\" style=\"max-width: 1034px;\"><img loading=\"lazy\" decoding=\"async\" class=\"wp-image-65387 size-large\" src=\"\/wp-content\/uploads\/2023\/05\/Marshall-Allen@KuKuNa_03052019-2-1024x681.jpg\" alt=\"\" width=\"1024\" height=\"681\" \/><span class=\"wp-caption-text\">Musik-Legende Marshall Allen (98) &#8211; @ KuKuNa \/ Daniel Schmitt<\/span><\/div>\n<p>&#8222;Eigentlich sollte jetzt eine Ank\u00fcndigung f\u00fcr neue Musik, eine Veranstaltung oder \u00e4hnliches folgen. Das ist das Wesen meiner Newsletter. Heute mache ich eine Ausnahme.<\/p>\n<p>Marshall Allen, der Kopf des SUN RA ARKESTRA seit SUN RA himself 1993 den Planeten Erde verlassen hat, wird am Donnerstag (25. Mai) 99 Jahre alt. 99! Viele Menschen werden heutzutage &#8222;sehr&#8220; alt. Doch Marshall Allen ist nach wie vor der Leader einer 12 bis 20 k\u00f6pfigen Band. Der besten, tollsten, einmaligsten Band auf unserem Planeten und wom\u00f6glich dar\u00fcber hinaus. Und sie sind nach wie vor weltweit unterwegs, um unsere eigenen &#8222;kleinen&#8220; Spaces zu erleuchten.<\/p>\n<p>Ich habe diese Sch\u00f6pfer des Sch\u00f6nen und Mystischen viermal live gesehen. Zweimal mit Sun Ra selbst und zweimal mit ihm als Spirit. Er war einer der, viele sagen, der Erfinder des Afro-Futurismus, er war der erste Jazzmusiker, der mit elektrischen und elektronischen Instrumenten spielte.<\/p>\n<div id=\"attachment_65388\" class=\"wp-caption alignnone\" style=\"max-width: 537px;\"><img loading=\"lazy\" decoding=\"async\" class=\"wp-image-65388\" src=\"\/wp-content\/uploads\/2023\/05\/SunRaArk_IBZ-1024x1024.jpg\" alt=\"\" width=\"527\" height=\"527\" \/><span class=\"wp-caption-text\">Das Plakat als Erinnerung an ein unvergessliches Konzert im Mai 2019 &#8211; \u00a9 KuKuNa<\/span><\/div>\n<p>Es ist ein gro\u00dfes spirituelles Geschenk, die Musik des Arkestra zu h\u00f6ren. Live, von Platte, CD, Cassette, digital oder einfach, weil sie in meinem Kopf herumschwirrt. Marshall Allen und das Arkestra halten diesen Geist lebendig. Manche H\u00f6rerinnen und H\u00f6rer sind fast so alt wie er selbst.<\/p>\n<p>Viele neue, junge Menschen kommen immer wieder als Fans hinzu. Es ist die \u00e4lteste aktive Band \u00fcberhaupt, 68 Jahre!!! Vier Jahre \u00e4lter, als die Rolling Stone. Die immer neue Message &#8222;Space Is The Place&#8220; ist offensichtlich gr\u00f6\u00dfer, als die Zeit.<\/p>\n<p>Ich m\u00f6chte Euch mit Dank an Mark Tykwer an dieser Freunde teilhaben lassen. Er hat mir dieses Video geschickt:<\/p>\n<p><a href=\"https:\/\/www.youtube.com\/watch?v=GdTR-fiLfwQ\">OUT THERE A MINUTE WITH M.A. <\/a><\/p>\n<p>Lang lebe Marshall Allen.&#8220;<\/p>\n<p><strong>Euer Charles Petersohn<\/strong><\/p>\n<p>&nbsp;<\/p>\n<p><strong>Link zum Pate-Tape, das Charles Petersohn ausschlie\u00dflich aus San Ra-Songs, Remixen und Coverversionen zusammen gestellt hat<\/strong><\/p>\n<p><a href=\"https:\/\/www.mixcloud.com\/charlespetersohn\/ninety-nine-celebrating-marshall-allen\/\">https:\/\/www.mixcloud.com\/charlespetersohn\/ninety-nine-celebrating-marshall-allen\/<\/a><\/p>\n<p>&nbsp;<\/p>\n<p>&nbsp;<\/p>\n","protected":false},"excerpt":{"rendered":"<p>Charles Petersohn, Musiker, Komponist, DJ, Moderator, l\u00e4sst seine Fans in seiner Kolumne regelm\u00e4ssig an seiner k\u00fcnstlerischen und musikalischen Gef\u00fchlswelt teilhaben. Und er macht auch auf Veranstaltungen aufmerksam, bei denen er oder seine Musik-Kolleginnen und -Kollegen f\u00fcr das coole Feeling und den Groove sorgen. <\/p>\n","protected":false},"author":7,"featured_media":0,"comment_status":"open","ping_status":"open","sticky":false,"template":"","format":"standard","meta":{"footnotes":""},"categories":[29],"tags":[],"class_list":["post-65382","post","type-post","status-publish","format-standard","hentry","category-kultur"],"publishpress_future_action":{"enabled":false,"date":"2026-05-06 06:46:49","action":"change-status","newStatus":"draft","terms":[],"taxonomy":"category","extraData":[]},"publishpress_future_workflow_manual_trigger":{"enabledWorkflows":[]},"_links":{"self":[{"href":"https:\/\/www.die-stadtzeitung.de\/index.php\/wp-json\/wp\/v2\/posts\/65382","targetHints":{"allow":["GET"]}}],"collection":[{"href":"https:\/\/www.die-stadtzeitung.de\/index.php\/wp-json\/wp\/v2\/posts"}],"about":[{"href":"https:\/\/www.die-stadtzeitung.de\/index.php\/wp-json\/wp\/v2\/types\/post"}],"author":[{"embeddable":true,"href":"https:\/\/www.die-stadtzeitung.de\/index.php\/wp-json\/wp\/v2\/users\/7"}],"replies":[{"embeddable":true,"href":"https:\/\/www.die-stadtzeitung.de\/index.php\/wp-json\/wp\/v2\/comments?post=65382"}],"version-history":[{"count":8,"href":"https:\/\/www.die-stadtzeitung.de\/index.php\/wp-json\/wp\/v2\/posts\/65382\/revisions"}],"predecessor-version":[{"id":65636,"href":"https:\/\/www.die-stadtzeitung.de\/index.php\/wp-json\/wp\/v2\/posts\/65382\/revisions\/65636"}],"wp:attachment":[{"href":"https:\/\/www.die-stadtzeitung.de\/index.php\/wp-json\/wp\/v2\/media?parent=65382"}],"wp:term":[{"taxonomy":"category","embeddable":true,"href":"https:\/\/www.die-stadtzeitung.de\/index.php\/wp-json\/wp\/v2\/categories?post=65382"},{"taxonomy":"post_tag","embeddable":true,"href":"https:\/\/www.die-stadtzeitung.de\/index.php\/wp-json\/wp\/v2\/tags?post=65382"}],"curies":[{"name":"wp","href":"https:\/\/api.w.org\/{rel}","templated":true}]}}