{"id":65336,"date":"2023-05-15T12:51:36","date_gmt":"2023-05-15T10:51:36","guid":{"rendered":"https:\/\/www.die-stadtzeitung.de\/?p=65336"},"modified":"2023-05-15T12:51:36","modified_gmt":"2023-05-15T10:51:36","slug":"texte-toene-mit-olaf-reitz-und-andre-enthoefer","status":"publish","type":"post","link":"https:\/\/www.die-stadtzeitung.de\/index.php\/2023\/05\/15\/texte-toene-mit-olaf-reitz-und-andre-enthoefer\/","title":{"rendered":"&#8222;Texte &#038; T\u00f6ne&#8220; mit Olaf Reitz und Andre Enth\u00f6fer"},"content":{"rendered":"<div id=\"attachment_65340\" class=\"wp-caption alignnone\" style=\"max-width: 1034px;\"><img loading=\"lazy\" decoding=\"async\" class=\"size-large wp-image-65340\" src=\"\/wp-content\/uploads\/2023\/05\/Natures-Dream-1a-\u00a9-Anne-Barth-2-1024x682.jpg\" alt=\"\" width=\"1024\" height=\"682\" \/><span class=\"wp-caption-text\">Das Trio &#8222;Natures Dream&#8220; &#8211; \u00a9 Anne Barth<\/span><\/div>\n<p>Das Trio NATURES DREAMS weckt mit seiner Musik Sehnsucht nach weiten Str\u00e4nden, rauschendem Meer und fremden Kulturen. Wer seine Augen schlie\u00dft, reist gedanklich auf einem Kurzurlaub mit. Seit \u00fcber 15 Jahren sind Erich Leininger (Saxophon &#8211; Klarinette), Marius Pietruszka (Klavier &#8211; Gitarre) und Andreas Brunk (Percussion) perfekt aufeinander eingespielt. Ihre Musik ist inspiriert vom Blues, Jazz der 50er, Bossa Nova und traditionellen musikalischen Motiven aus Spanien, der Aegais, Nordafrika, Israel und S\u00fcdamerika.<span class=\"Apple-converted-space\">\u00a0<\/span><\/p>\n<p>Mal kommen die St\u00fccke geheimnisvoll und mystisch daher, mal fetzig und ausgelassen, mal bluesig oder mit einem Hauch von Copacabana. \u201eDas Zusammenspiel der drei Akteure ist ungemein dicht und aufeinander abgestimmt\u201c (Jazzthing). Und zwischendurch erz\u00e4hlt Marius gerne Geschichten zu seinen St\u00fccken. Leider ist der Kurzurlaub nach zwei Stunden vorbei.<span class=\"Apple-converted-space\">\u00a0<\/span><\/p>\n<p><strong>Termin:<\/strong><\/p>\n<p>FolkJazz \/ Weltmusik<\/p>\n<h4>NATURES DREAMS<span class=\"Apple-converted-space\">\u00a0<\/span><\/h4>\n<p>Fr.eitag &#8211; 09.06.2023 &#8211; 20:00 Uhr<\/p>\n<p>Tickets: 15 Euro (zzgl.VVK-Geb.) \/ erm. 10 Euro. &#8211; Abendkasse: 17 \/ 10 Euro<\/p>\n<p><a href=\"http:\/\/www.wuppertal-live.de\">http:\/\/www.wuppertal-live.de<\/a><\/p>\n<h4>Dazwischen<\/h4>\n<p>\u201eTexte &amp; T\u00f6ne\u201c ist der neue Name der Reihe in der Bandfabrik. \u201eLiteratur und Musik\u201c gibt es \u00f6fter und meint in der Regel zeitgen\u00f6ssische oder klassische Literatur mit kammermusikalischer Umrahmung. In dieser Reihe geht es aber nicht um Belletristik, sondern um h\u00f6chst aktuelle Texte, die eine literarische und zugleich politische Bedeutung haben.<span class=\"Apple-converted-space\">\u00a0<\/span><\/p>\n<div id=\"attachment_65341\" class=\"wp-caption alignnone\" style=\"max-width: 1034px;\"><img loading=\"lazy\" decoding=\"async\" class=\"size-large wp-image-65341\" src=\"\/wp-content\/uploads\/2023\/05\/Olaf-Reitz-Andre-Enthoefer_Pressefoto-1024x468.jpg\" alt=\"\" width=\"1024\" height=\"468\" \/><span class=\"wp-caption-text\">Olaf Reitz (l.) und Andre Enth\u00f6fer \u00a9 privat<\/span><\/div>\n<p>Oft entstanden die Texte vor wenigen Tagen in den Krisen- und Kriegsgebieten unserer Erde. Die Rezitation von Olaf Reitz (Schauspieler, Sprecher, Performer) und die Improvisationen durch Andre Enth\u00f6fer (Klarinette, Saxophon) wollen das spannende Ineinandergreifen von allt\u00e4glichem Wahnsinn und Kunst, Realit\u00e4t und Poesie zu besonderen, intensiven Abenden verbinden.<span class=\"Apple-converted-space\">\u00a0<\/span><\/p>\n<p><strong>Termin:<\/strong><\/p>\n<p>Texte &amp; T\u00f6ne.<span class=\"Apple-converted-space\">\u00a0<\/span><\/p>\n<h4>OLAF REITZ &amp; ANDRE ENTH\u00d6FER : DAZWISCHEN<span class=\"Apple-converted-space\">\u00a0<\/span><\/h4>\n<p>Tickets: 8 Euro (zzgl. VVK-Geb,) Abendkasse: 10 \/ 8 Euro<span class=\"Apple-converted-space\">\u00a0<\/span><\/p>\n<p><a href=\"http:\/\/www.wuppertal-live.de\">http:\/\/www.wuppertal-live.de<\/a><\/p>\n<h4>Diskussion am K\u00fcchentisch<\/h4>\n<p>Mit Worten wie Klimakatastrophe, erneuerbare Energien, Nachhaltigkeit, Kreislaufwirtschaft oder Mobilit\u00e4tswende verbinden wir zuerst technologische L\u00f6sungen. Viele hoffen auf die Ingenieurswissenschaften, andere glauben, dass die Zeit der Wohlstandsgesellschaft vorbei ist.<span class=\"Apple-converted-space\">\u00a0<\/span><\/p>\n<p>\u201eDie letzte Generation\u201c fordert eine \u201eregenerative Kultur\u201c. Vor allen technischen L\u00f6sungen sollten Fragen diskutiert werden, wie eigentlich eine Gesellschaft aussieht, in der wir leben wollen? Wer und was definiert eigentlich Lebensqualit\u00e4t?<span class=\"Apple-converted-space\">\u00a0<\/span><\/p>\n<div id=\"attachment_65343\" class=\"wp-caption alignnone\" style=\"max-width: 1034px;\"><img loading=\"lazy\" decoding=\"async\" class=\"size-large wp-image-65343\" src=\"\/wp-content\/uploads\/2023\/05\/Am-Kuechentisch-\u00a9-khk_bearbeitet-FG-2-1024x544.jpg\" alt=\"\" width=\"1024\" height=\"544\" \/><span class=\"wp-caption-text\">Dskussoonsrunde am K\u00fcchentisch &#8211; \u00a9 khk<\/span><\/div>\n<p>Am K\u00fcchentisch sitzen an diesem Abend G\u00e4ste, die seit Jahren in verschiedenen Arbeitsfeldern mit dem Thema umgehen: Matthias Nocke (Beigeordneter f\u00fcr Kultur, Sport, Sicherheit und Ordnung der Stadt Wuppertal), Andreas Mucke (ehemals Oberb\u00fcrgermeister der Stadt Wuppertal, heute: Managing Director des Circular Economy Accelerators), Dr. Andar Parlindungan (Vorstandsmitglied der Vereinigten Evangelischen Mission, Wuppertal).<span class=\"Apple-converted-space\">\u00a0<\/span><\/p>\n<p><strong>Termin:<span class=\"Apple-converted-space\">\u00a0<\/span><\/strong><\/p>\n<p>Diskurs<\/p>\n<h4>AM K\u00dcCHENTISCH: Von der Klimakrise zu einer neuen Kultur?<\/h4>\n<p>Dienstag &#8211; 20.06.2023 &#8211; 19:00 Uhr<\/p>\n<p><strong>Musik:<\/strong> Harald Eller &#8211; Daxophon<br \/>\nAufgetischt: Linsensuppe mit Zitronenscheibe und Fladenbrot vom AL HOWARA (Wuppertal)<span class=\"Apple-converted-space\">\u00a0<\/span><\/p>\n<p>Eintritt frei!<br \/>\nEs wird um eine Voranmeldung per Mail gebeten: (office@bandfabrik-wuppertal.de) oder Telefon (0202\/69851933) f\u00fcr diese Veranstaltung, um mit dem Essen planen zu k\u00f6nnen! Eine Spende zur Deckung der Kosten hilft.<span class=\"Apple-converted-space\">\u00a0<\/span><\/p>\n<h4>Matinee mit Bach<\/h4>\n<p>Das seit fast 30 Jahren in der Besetzung Fl\u00f6te, Violine, Violoncello und Cembalo musizierende Ensemble Sonare spielt in diesem selten zu h\u00f6renden Format vor allem Triosonaten vom Fr\u00fchbarock bis zur \u201eempfindsamen Zeit\u201c. Das Quartett spielt Werke von Johann Sebastian Bach, Johann Joachim Quantz und Georg Philipp Telemann.<span class=\"Apple-converted-space\">\u00a0<\/span><\/p>\n<p>Entspannte Klassik-Matinee und launige Moderation von Udo Mertens.. Es gibt zudem \u2013 wie immer bei \u201eKlassik am Rand\u201c \u2013 einen Begr\u00fc\u00dfungs-Prosecco. Im Anschluss an das Konzert besteht Gelegenheit, mit den Musikern ins Gespr\u00e4ch zu kommen.<span class=\"Apple-converted-space\">\u00a0<\/span><\/p>\n<p>Ensemble Sonare sind:<br \/>\nUdo Mertens (Fl\u00f6te), Adelheid Riehle (Violine), Jo\u00ebl W\u00f6pke (Violoncello), Elisabeth Stoffels-Noll (Cembalo)<span class=\"Apple-converted-space\">\u00a0<\/span><\/p>\n<p><strong>Termin:<\/strong><\/p>\n<p>Matinee: Klassik &amp; Neue Musik<\/p>\n<h4>ENSEMBLE SONARE<span class=\"Apple-converted-space\">\u00a0<\/span><\/h4>\n<p>Sonntag &#8211; 25.06.2023 &#8211; 11:00 Uhr<span class=\"Apple-converted-space\">\u00a0<\/span><\/p>\n<p>Tickets: 15 Euro (zzgl. VVK-Geb.) &#8211; erm. 10 Euro. Konzertkasse: 17 \/ 10 Euro<span class=\"Apple-converted-space\">\u00a0<\/span><\/p>\n<p><a href=\"http:\/\/www.wuppertal-live.de\">http:\/\/www.wuppertal-live.de<\/a><\/p>\n<p>Info und Tickets: www.bandfabrik-wuppertal.de<span class=\"Apple-converted-space\">\u00a0<\/span><\/p>\n<p>Bandfabrik &#8211; Schwelmer Str. 133 \u00b7 42389 Wuppertal<span class=\"Apple-converted-space\">\u00a0<\/span><\/p>\n<p><a href=\"http:\/\/www.bandfabrik-wuppertal.de\">http:\/\/www.bandfabrik-wuppertal.de<\/a><\/p>\n","protected":false},"excerpt":{"rendered":"<p>Die Kultur-Schmiede BANDFABRIK in Langerfeld hat ein Juni-Programm komponiert, bei dem Fans unterschiedlichster Musik-Genres auf ihre Kosten kommen &#8211; von Klassik bis Karibik. Und diskutiert &#8222;Am K\u00fcchentisch&#8220; wird acu wieder. Thema: &#8222;Von der Klimakrise zu einer neuen Kultur?&#8220;<\/p>\n","protected":false},"author":7,"featured_media":0,"comment_status":"open","ping_status":"open","sticky":false,"template":"","format":"standard","meta":{"footnotes":""},"categories":[29],"tags":[],"class_list":["post-65336","post","type-post","status-publish","format-standard","hentry","category-kultur"],"publishpress_future_action":{"enabled":false,"date":"2026-05-04 22:31:27","action":"change-status","newStatus":"draft","terms":[],"taxonomy":"category","extraData":[]},"publishpress_future_workflow_manual_trigger":{"enabledWorkflows":[]},"_links":{"self":[{"href":"https:\/\/www.die-stadtzeitung.de\/index.php\/wp-json\/wp\/v2\/posts\/65336","targetHints":{"allow":["GET"]}}],"collection":[{"href":"https:\/\/www.die-stadtzeitung.de\/index.php\/wp-json\/wp\/v2\/posts"}],"about":[{"href":"https:\/\/www.die-stadtzeitung.de\/index.php\/wp-json\/wp\/v2\/types\/post"}],"author":[{"embeddable":true,"href":"https:\/\/www.die-stadtzeitung.de\/index.php\/wp-json\/wp\/v2\/users\/7"}],"replies":[{"embeddable":true,"href":"https:\/\/www.die-stadtzeitung.de\/index.php\/wp-json\/wp\/v2\/comments?post=65336"}],"version-history":[{"count":4,"href":"https:\/\/www.die-stadtzeitung.de\/index.php\/wp-json\/wp\/v2\/posts\/65336\/revisions"}],"predecessor-version":[{"id":65344,"href":"https:\/\/www.die-stadtzeitung.de\/index.php\/wp-json\/wp\/v2\/posts\/65336\/revisions\/65344"}],"wp:attachment":[{"href":"https:\/\/www.die-stadtzeitung.de\/index.php\/wp-json\/wp\/v2\/media?parent=65336"}],"wp:term":[{"taxonomy":"category","embeddable":true,"href":"https:\/\/www.die-stadtzeitung.de\/index.php\/wp-json\/wp\/v2\/categories?post=65336"},{"taxonomy":"post_tag","embeddable":true,"href":"https:\/\/www.die-stadtzeitung.de\/index.php\/wp-json\/wp\/v2\/tags?post=65336"}],"curies":[{"name":"wp","href":"https:\/\/api.w.org\/{rel}","templated":true}]}}