{"id":65258,"date":"2023-05-11T16:52:30","date_gmt":"2023-05-11T14:52:30","guid":{"rendered":"https:\/\/www.die-stadtzeitung.de\/?p=65258"},"modified":"2023-05-11T16:52:37","modified_gmt":"2023-05-11T14:52:37","slug":"vok-dams-jubilaeums-ausstellung-in-eigener-sache","status":"publish","type":"post","link":"https:\/\/www.die-stadtzeitung.de\/index.php\/2023\/05\/11\/vok-dams-jubilaeums-ausstellung-in-eigener-sache\/","title":{"rendered":"Vok Dams: Jubil\u00e4ums-Ausstellung in eigener Sache"},"content":{"rendered":"<div id=\"attachment_65261\" class=\"wp-caption alignnone\" style=\"max-width: 919px;\"><img loading=\"lazy\" decoding=\"async\" class=\"wp-image-65261 \" src=\"\/wp-content\/uploads\/2023\/05\/VD-CD-BlachReport.jpeg\" alt=\"\" width=\"909\" height=\"794\" \/><span class=\"wp-caption-text\">Vater Vok Dams und Sohn Colja M. Dams, zwei erfolgreiche Unternehmer, die Geschichte geschrieben haben, mit der Dokumentation &#8222;50 Jahre KommunikationDirekt&#8220; &#8211; \u00a9 Vok Dams iNotes<\/span><\/div>\n<p>&#8222;WEITER*DENKEN&#8220; ist eine Retrospektive auf 10 Jahre ATELIERHAUS. In dem Zusammenhang gibt es einiges zu feiern.<span class=\"Apple-converted-space\">\u00a0<\/span>Nicht nur das 10-j\u00e4hrige Jubil\u00e4um der Wuppertaler Denkfabrik ATELIERHAUS, die am 16. Mai 2013 mit der Vorstellung einer repr\u00e4sentativen Dokumentation \u00fcber \u201e50 Jahre KommunikationDirekt\u201c, er\u00f6ffnet wurde.<span class=\"Apple-converted-space\">\u00a0<\/span><\/p>\n<p>Es war zudem der 75. Geburtstag von Vok Dams, dem Gr\u00fcnder der Unternehmensgruppe VOK DAMS worldwide, der bei dieser Gelegenheit gefeiert wurde.<span class=\"Apple-converted-space\">\u00a0<\/span><\/p>\n<p>Vok Dams sieht sein<span class=\"Apple-converted-space\">\u00a0 <\/span>ATELIERHAUS nicht nur als Galerie, in der Werke au\u00dfergew\u00f6hnlicher K\u00fcnstler, oft zum ersten Mal in der \u00d6ffentlichkeit pr\u00e4sentiert werden, sondern auch als Keimzelle und Impulsgeber f\u00fcr kreative und strategische Kommunikations-Arbeit.<span class=\"Apple-converted-space\">\u00a0<\/span><\/p>\n<div id=\"attachment_65263\" class=\"wp-caption alignnone\" style=\"max-width: 760px;\"><img loading=\"lazy\" decoding=\"async\" class=\"wp-image-65263 \" src=\"\/wp-content\/uploads\/2023\/05\/IMG_1667-1-1024x768.jpeg\" alt=\"\" width=\"750\" height=\"563\" \/><span class=\"wp-caption-text\">\u00a9 Vok Dams iNotes<\/span><\/div>\n<p>Die Dokumentation &#8222;50 Jahre Komminikation\/Direkt&#8220; veranschaulicht die<span class=\"Apple-converted-space\">\u00a0 <\/span>Gr\u00fcndung der Agentur VOK DAMS worldwide, die Entstehung und Entwicklung von Event- und Live-Marketing von den 1960er Jahren bis zu den Trends der Jahre 2030. Eine Erfolgsgeschichte, die von Sohn und Nachfolger Colja M. Dams mehr als eindrucksvoll fortgeschrieben wird. Die hat heute 16 Niederlassungen und ist Weltmarktf\u00fchrer.<\/p>\n<p>Vok Dams selbst reflektiert in seinem regelm\u00e4ssigen<span class=\"Apple-converted-space\">\u00a0<\/span>ATELIERHAUS-NotizBlog seit zehn Jahren die weitere Entwicklung des Unternehmens aus seiner Sicht und kommentiert dar\u00fcber hinaus konstruktiv-kritisch das Geschehen und den Wandel in seiner gesch\u00e4tzten Heimatstadt Wuppertal. Als Marketing-Experte liegt ihm dabei besonders die Aussenwirkung und das Image der Bergischen Metropole am Herzen.<\/p>\n<p>Die Besichtigung der Ausstellung &#8222;WEITER*DENKEN&#8220; ist ab dem 16. Mai 2023, jederzeit nach Terminvereinbarung m\u00f6glich.<span class=\"Apple-converted-space\">\u00a0<\/span><\/p>\n<div id=\"attachment_65264\" class=\"wp-caption alignnone\" style=\"max-width: 760px;\"><img loading=\"lazy\" decoding=\"async\" class=\"wp-image-65264\" src=\"\/wp-content\/uploads\/2023\/05\/Colja-Foto-USA-25.03.2023-1024x576.jpg\" alt=\"\" width=\"750\" height=\"422\" \/><span class=\"wp-caption-text\">\u00a9 Colja M. Dams: &#8211; 25 Jahre VOK DAMS worldwide<\/span><\/div>\n<h4>VOK DAMS Meilensteine<\/h4>\n<p><strong>Volkwart Vok Dams als Bild-Journalist:<span class=\"Apple-converted-space\">\u00a0<\/span><\/strong><\/p>\n<p>Der Deutsche Journalisten-Verband (DJV) gratuliert 2023 zur 60-j\u00e4hrigen Mitgliedschaft und erinnert Vok Dams an die 1960er Jahre als Bild-Journalist.<span class=\"Apple-converted-space\">\u00a0<\/span><\/p>\n<p><b>VOK DAMS KommunikationDirekt:<span class=\"Apple-converted-space\">\u00a0<\/span><\/b><\/p>\n<p>Vor 60 Jahren erschien der Bericht der Wuppertaler \u201eWestdeutschen Rundschau\u201c \u00fcber den \u201eStart im eigenen Atelier\u201c am 23. Juni 1962 mit Agenturgr\u00fcndung und Er\u00f6ffnung des ersten (Foto-) Ateliers.<br \/>\nEin Reporter wurde sesshaft.<span class=\"Apple-converted-space\">\u00a0<\/span><\/p>\n<div id=\"attachment_65265\" class=\"wp-caption alignnone\" style=\"max-width: 760px;\"><img loading=\"lazy\" decoding=\"async\" class=\"wp-image-65265 \" src=\"\/wp-content\/uploads\/2023\/05\/g.jpg\" alt=\"\" width=\"750\" height=\"565\" \/><span class=\"wp-caption-text\">\u00a9 Vok Dams iNotes<\/span><\/div>\n<p><strong>Aus dem ATELIERHAUS-NotizBlog:<span class=\"Apple-converted-space\">\u00a0<\/span><\/strong><\/p>\n<p><a href=\"https:\/\/vokdamsatelierhaus.de\/2022\/06\/17\/start-im-eigenen-atelier60-jahre-vok- dams\/\">https:\/\/vokdamsatelierhaus.de\/2022\/06\/17\/start-im-eigenen-atelier60-jahre-vok-dams\/<\/a><\/p>\n<p><b>Colja Dams &#8211; VOK DAMS worldwide:<span class=\"Apple-converted-space\">\u00a0<\/span><\/b><\/p>\n<p>Die n\u00e4chste Generation: Sohn Colja M. Dams blickt 2023 als CEO und gesch\u00e4ftsf\u00fchrender Gesellschafter auf 25 Jahre in der Agenturgruppe zur\u00fcck und verantwortete deren Ausbau zu einer der weltweit f\u00fchrenden Kommunikations-Agenturen.<span class=\"Apple-converted-space\">\u00a0<\/span><\/p>\n<p><b>Vok Dams ATELIERHAUS:<span class=\"Apple-converted-space\">\u00a0<\/span><\/b><\/p>\n<p>Als Denkfabrik, Galerie und Impulsgeber startete das ATELIERHAUS, dessen Jubil\u00e4um jetzt im Fokus steht, als Kommunikationsplattform mit einem viel beachteten NotizBlog, Newslettern, Diskussionsrunden und spektakul\u00e4ren Ausstellungen von Ausnahmek\u00fcnstlern, die ein breites Spektrum zwischen freier und angewandter Kreativit\u00e4t abdeckten. Mit dem Ziel, Interessenten Denkanst\u00f6\u00dfe f\u00fcr die eigene Arbeit zu bieten.<span class=\"Apple-converted-space\">\u00a0<\/span><\/p>\n<p><a href=\"Atelierhaus@vokdams.de\">Atelierhaus@vokdams.de<\/a><\/p>\n<div id=\"attachment_65266\" class=\"wp-caption alignnone\" style=\"max-width: 760px;\"><img loading=\"lazy\" decoding=\"async\" class=\"wp-image-65266 \" src=\"\/wp-content\/uploads\/2023\/05\/IMG_8828-1024x700.jpeg\" alt=\"\" width=\"750\" height=\"513\" \/><span class=\"wp-caption-text\">\u00a9 Vok Dams iNotes<\/span><\/div>\n<p>So ist es an der Zeit weiter zu denken.\u00a0Mit einem R\u00fcckblick auf \u201e10 Jahre ATELIERHAUS\u201c.<br \/>\nErg\u00e4nzend zu der Dokumentation \u201e50 Jahre KommunikationDirekt\u201c, die in Buchform die Entwicklung der Agentur-Gruppe zusammenfasst.<span class=\"Apple-converted-space\">\u00a0<\/span><\/p>\n<p><strong>Mit einer Ausstellung unter dem Titel<span class=\"Apple-converted-space\">\u00a0<\/span><\/strong><\/p>\n<h4>WEITER*DENKEN<span class=\"Apple-converted-space\">\u00a0<\/span><\/h4>\n<p><strong>10 Jahre Vok Dams ATELIERHAUS<span class=\"Apple-converted-space\">\u00a0<\/span><\/strong><\/p>\n<p>Unter dem Titel \u201eBILDER-GESCHICHTEN\u201c werden die Arbeiten aus 10 Jahren ATELIERHAUS mit gro\u00dfformatigen iPhone \u2013 Fotografien (iNotes) aus den Bereichen Kunst, Kommunikation und Kreativit\u00e4t dokumentiert. Dabei bleibt offen, ob sie Kunst abbilden (Dokumentation) oder sich selbst als Kunstwerke anbieten.<span class=\"Apple-converted-space\">\u00a0<\/span><\/p>\n<p>Eine Retrospektive als Dauer-Ausstellung, die vom 16. Mai 2023 an nach Terminabsprache jederzeit zu besichtigen ist.<span class=\"Apple-converted-space\">\u00a0<\/span><\/p>\n<p>Weitere Ausstellungen der Galerie werden aktuell angek\u00fcndigt.<span class=\"Apple-converted-space\">\u00a0<\/span><\/p>\n<p><strong>Link zur Homepage des Vok Dams ATELIERHAUSES:<\/strong><\/p>\n<p><a href=\"http:\/\/www.vokdamsatelierhaus.de\">http:\/\/www.vokdamsatelierhaus.de<\/a><\/p>\n<div id=\"attachment_65267\" class=\"wp-caption alignnone\" style=\"max-width: 509px;\"><img loading=\"lazy\" decoding=\"async\" class=\"wp-image-65267 \" src=\"\/wp-content\/uploads\/2023\/05\/Plakat-WEITERDENKEN-769x1024.png\" alt=\"\" width=\"499\" height=\"664\" \/><span class=\"wp-caption-text\">Das Plakat zur Ausstellung &#8211;\u00a0\u00a9 Colja M. Dams: &#8211; 25 Jahre VOK DAMS worldwide<\/span><\/div>\n","protected":false},"excerpt":{"rendered":"<p>Kaum ist die erfolgreiche und aufr\u00fcttelnde Ausstellung &#8222;Nature &#8211; Luxury Of Tomorrow&#8220; der Bochumer K\u00fcnstlerin Leocardia Hirtes Geschichte, blieb Galerist Vok Dams und seinem Team kaum Zeit zum Atemholen. Schon am 16. Mai startet &#8222;WEITER*DENKEN&#8220; &#8211; eine spektakul\u00e4re Ausstellung in eigener Sache.<\/p>\n","protected":false},"author":7,"featured_media":0,"comment_status":"open","ping_status":"open","sticky":false,"template":"","format":"standard","meta":{"footnotes":""},"categories":[29],"tags":[],"class_list":["post-65258","post","type-post","status-publish","format-standard","hentry","category-kultur"],"publishpress_future_action":{"enabled":false,"date":"2026-05-09 07:14:07","action":"change-status","newStatus":"draft","terms":[],"taxonomy":"category","extraData":[]},"publishpress_future_workflow_manual_trigger":{"enabledWorkflows":[]},"_links":{"self":[{"href":"https:\/\/www.die-stadtzeitung.de\/index.php\/wp-json\/wp\/v2\/posts\/65258","targetHints":{"allow":["GET"]}}],"collection":[{"href":"https:\/\/www.die-stadtzeitung.de\/index.php\/wp-json\/wp\/v2\/posts"}],"about":[{"href":"https:\/\/www.die-stadtzeitung.de\/index.php\/wp-json\/wp\/v2\/types\/post"}],"author":[{"embeddable":true,"href":"https:\/\/www.die-stadtzeitung.de\/index.php\/wp-json\/wp\/v2\/users\/7"}],"replies":[{"embeddable":true,"href":"https:\/\/www.die-stadtzeitung.de\/index.php\/wp-json\/wp\/v2\/comments?post=65258"}],"version-history":[{"count":6,"href":"https:\/\/www.die-stadtzeitung.de\/index.php\/wp-json\/wp\/v2\/posts\/65258\/revisions"}],"predecessor-version":[{"id":65289,"href":"https:\/\/www.die-stadtzeitung.de\/index.php\/wp-json\/wp\/v2\/posts\/65258\/revisions\/65289"}],"wp:attachment":[{"href":"https:\/\/www.die-stadtzeitung.de\/index.php\/wp-json\/wp\/v2\/media?parent=65258"}],"wp:term":[{"taxonomy":"category","embeddable":true,"href":"https:\/\/www.die-stadtzeitung.de\/index.php\/wp-json\/wp\/v2\/categories?post=65258"},{"taxonomy":"post_tag","embeddable":true,"href":"https:\/\/www.die-stadtzeitung.de\/index.php\/wp-json\/wp\/v2\/tags?post=65258"}],"curies":[{"name":"wp","href":"https:\/\/api.w.org\/{rel}","templated":true}]}}