{"id":64538,"date":"2023-04-16T10:39:08","date_gmt":"2023-04-16T08:39:08","guid":{"rendered":"https:\/\/www.die-stadtzeitung.de\/?p=64538"},"modified":"2023-04-17T09:16:56","modified_gmt":"2023-04-17T07:16:56","slug":"georg-rose-stellt-aktuelle-fotos-am-arrenberg-aus","status":"publish","type":"post","link":"https:\/\/www.die-stadtzeitung.de\/index.php\/2023\/04\/16\/georg-rose-stellt-aktuelle-fotos-am-arrenberg-aus\/","title":{"rendered":"Georg Rose stellt aktuelle Fotos am Arrenberg aus"},"content":{"rendered":"<div id=\"attachment_64575\" class=\"wp-caption alignnone\" style=\"max-width: 675px;\"><img loading=\"lazy\" decoding=\"async\" class=\" wp-image-64575\" src=\"\/wp-content\/uploads\/2023\/04\/21-08-21_Interviews_372-www-2-1024x591-2.jpeg\" alt=\"\" width=\"665\" height=\"520\" \/><span class=\"wp-caption-text\">Georg Rose, Chefredakteur von Radio Wuppertal&#8220; \/ &#8222;Radio Ennepe-Ruhr&#8220; und Foto-K\u00fcnstler &#8211; \u00a9 Taro Kataoka<\/span><\/div>\n<p>Nach mehreren Jahrzehnten Pause hat er sich wieder der Schwarz-Wei\u00df-Fotografie gewidmet, selbstverst\u00e4ndlich weiterhin analog.<\/p>\n<p>Georg Rose: &#8222;Jetzt habe ich immer zwei Kameras dabei &#8211; eine mit Farbfilm, eine mit Schwarz-Wei\u00df-Film. Und ich bin von Spiegelreflextechnik\u00a0umgestiegen auf kleinere und leisere\u00a0Messsucherkameras, die sich besonders gut f\u00fcr &#8218;Street Photography&#8216; eignen.&#8220; Bei der Street-Fotography werden das Leben im \u00f6ffentlichen Raum und zum Teil allt\u00e4gliche Motive \u00a0in den Fokus gestellt.<\/p>\n<p>Zu sehen in der Ausstellung des<span class=\"Apple-converted-space\">\u00a0 <\/span>Journalisten und Kunstfotograf sind aktuelle Bilder &#8211; nicht nur s\/w. Ein Interview mit Georg Rose \u00fcber seine Leidenschaft &#8222;analoge Fotografie&#8220; lesen Sie in K\u00fcrze an gleicher Stelle.<\/p>\n<p><img loading=\"lazy\" decoding=\"async\" class=\"alignnone size-full wp-image-64541\" src=\"\/wp-content\/uploads\/2023\/04\/23-04_lay_freakyfriday_plakat.jpg\" alt=\"\" width=\"595\" height=\"841\" \/><\/p>\n<p><strong>Termin:<\/strong><\/p>\n<p>Ausstellung<\/p>\n<h4>Analoge Fotografien<\/h4>\n<p><strong>Georg Rose<\/strong><\/p>\n<p>Freitag &#8211; 28.04.2023 &#8211; 17 Uhr<\/p>\n<p>Codeks &#8211; Moritzstr. 14 &#8211; 42117 Wuppertal<\/p>\n<p>Die Ausstellung geht \u00fcber drei Monate<\/p>\n<p><a href=\"http:\/\/www.codeks.de\">http:\/\/www.codeks.de<\/a><\/p>\n<div id=\"attachment_58961\" class=\"wp-caption alignnone\" style=\"max-width: 319px;\"><img loading=\"lazy\" decoding=\"async\" class=\" wp-image-58961\" src=\"\/wp-content\/uploads\/2020\/04\/Georg-Rose-Portrait-2-1024x870.jpeg\" alt=\"\" width=\"309\" height=\"262\" \/><span class=\"wp-caption-text\">Georg Rose, Chefredakteur von Radio Wuppertal&#8220; und Foto-K\u00fcnstler &#8211; \u00a9 privat<\/span><\/div>\n<p>&nbsp;<\/p>\n<p>&nbsp;<\/p>\n<p>&nbsp;<\/p>\n<p>&nbsp;<\/p>\n<p>&nbsp;<\/p>\n<p>&nbsp;<\/p>\n<p>&nbsp;<\/p>\n<p>&nbsp;<\/p>\n","protected":false},"excerpt":{"rendered":"<p>Georg Rose, kreativer Chefredakteur von Radio Wuppertal und Radio Ennepe-Ruhr, pr\u00e4sentiert sein Schaffen als Kunst-Fotograf in der \u00d6ffentlichkeit. Ab dem 28. April zeigt er eine Auswahl seiner aktuellen Fotos im Codeks-Coworking-Space am Arrenberg. Titel der Ausstellung: &#8222;Analoge Fotografien&#8220;<\/p>\n","protected":false},"author":7,"featured_media":0,"comment_status":"open","ping_status":"open","sticky":false,"template":"","format":"standard","meta":{"footnotes":""},"categories":[29],"tags":[],"class_list":["post-64538","post","type-post","status-publish","format-standard","hentry","category-kultur"],"publishpress_future_action":{"enabled":false,"date":"2026-05-06 06:47:27","action":"change-status","newStatus":"draft","terms":[],"taxonomy":"category","extraData":[]},"publishpress_future_workflow_manual_trigger":{"enabledWorkflows":[]},"_links":{"self":[{"href":"https:\/\/www.die-stadtzeitung.de\/index.php\/wp-json\/wp\/v2\/posts\/64538","targetHints":{"allow":["GET"]}}],"collection":[{"href":"https:\/\/www.die-stadtzeitung.de\/index.php\/wp-json\/wp\/v2\/posts"}],"about":[{"href":"https:\/\/www.die-stadtzeitung.de\/index.php\/wp-json\/wp\/v2\/types\/post"}],"author":[{"embeddable":true,"href":"https:\/\/www.die-stadtzeitung.de\/index.php\/wp-json\/wp\/v2\/users\/7"}],"replies":[{"embeddable":true,"href":"https:\/\/www.die-stadtzeitung.de\/index.php\/wp-json\/wp\/v2\/comments?post=64538"}],"version-history":[{"count":12,"href":"https:\/\/www.die-stadtzeitung.de\/index.php\/wp-json\/wp\/v2\/posts\/64538\/revisions"}],"predecessor-version":[{"id":64577,"href":"https:\/\/www.die-stadtzeitung.de\/index.php\/wp-json\/wp\/v2\/posts\/64538\/revisions\/64577"}],"wp:attachment":[{"href":"https:\/\/www.die-stadtzeitung.de\/index.php\/wp-json\/wp\/v2\/media?parent=64538"}],"wp:term":[{"taxonomy":"category","embeddable":true,"href":"https:\/\/www.die-stadtzeitung.de\/index.php\/wp-json\/wp\/v2\/categories?post=64538"},{"taxonomy":"post_tag","embeddable":true,"href":"https:\/\/www.die-stadtzeitung.de\/index.php\/wp-json\/wp\/v2\/tags?post=64538"}],"curies":[{"name":"wp","href":"https:\/\/api.w.org\/{rel}","templated":true}]}}