{"id":634,"date":"2015-06-17T10:13:47","date_gmt":"2015-06-17T08:13:47","guid":{"rendered":"http:\/\/192.168.10.16\/newsportal\/stadtzeitung\/index.php\/2015\/06\/17\/donnerstag-13-august-2015-die-trockenblumen\/"},"modified":"2015-06-17T10:13:47","modified_gmt":"2015-06-17T08:13:47","slug":"donnerstag-13-august-2015-die-trockenblumen","status":"publish","type":"post","link":"https:\/\/www.die-stadtzeitung.de\/index.php\/2015\/06\/17\/donnerstag-13-august-2015-die-trockenblumen\/","title":{"rendered":"Donnerstag, 13. August 2015 Die Trockenblumen"},"content":{"rendered":"<p><img loading=\"lazy\" decoding=\"async\" class=\" size-full wp-image-633\" src=\"https:\/\/www.die-stadtzeitung.de\/wp-content\/uploads\/2015\/06\/c53a9eb7f98bd9efe52407712806bfee.jpg\" alt=\"\" width=\"770\" height=\"510\" \/><\/p>\n<p>Auf der Premierenfeier der Stadtzeitung geh\u00f6rten sie zu den gro\u00dfartigen Starg\u00e4sten: Das interkulturelle Kabarett-Bouquet &#8222;Die Trockenblumen&#8220; meldet sich 2015 mit einem ganz neuen St\u00fcck zur\u00fcck. <!--more--> Im \u201eOrient Exzess\u201c f\u00fchrt es die beiden Freundinnen Ayse und Hilde nach Istanbul, wo sie sich ins wilde Stadtget\u00fcmmel st\u00fcrzen und auf ihre ganze eigene Art die fremde Stadt entdecken.<\/p>\n<p><strong>20:00 Uhr, LCB Haus der Jugend Barmen<\/strong><\/p>\n","protected":false},"excerpt":{"rendered":"<p>Auf der Premierenfeier der Stadtzeitung geh\u00f6rten sie zu den gro\u00dfartigen Starg\u00e4sten: Das interkulturelle Kabarett-Bouquet &#8222;Die Trockenblumen&#8220; meldet sich 2015 mit einem ganz neuen St\u00fcck zur\u00fcck.<\/p>\n","protected":false},"author":10,"featured_media":633,"comment_status":"open","ping_status":"closed","sticky":false,"template":"","format":"standard","meta":{"footnotes":""},"categories":[28],"tags":[377],"class_list":["post-634","post","type-post","status-publish","format-standard","hentry","category-termine","tag-kabarett"],"publishpress_future_action":{"enabled":false,"date":"2026-05-07 23:20:42","action":"change-status","newStatus":"draft","terms":[],"taxonomy":"category","extraData":[]},"publishpress_future_workflow_manual_trigger":{"enabledWorkflows":[]},"_links":{"self":[{"href":"https:\/\/www.die-stadtzeitung.de\/index.php\/wp-json\/wp\/v2\/posts\/634","targetHints":{"allow":["GET"]}}],"collection":[{"href":"https:\/\/www.die-stadtzeitung.de\/index.php\/wp-json\/wp\/v2\/posts"}],"about":[{"href":"https:\/\/www.die-stadtzeitung.de\/index.php\/wp-json\/wp\/v2\/types\/post"}],"author":[{"embeddable":true,"href":"https:\/\/www.die-stadtzeitung.de\/index.php\/wp-json\/wp\/v2\/users\/10"}],"replies":[{"embeddable":true,"href":"https:\/\/www.die-stadtzeitung.de\/index.php\/wp-json\/wp\/v2\/comments?post=634"}],"version-history":[{"count":0,"href":"https:\/\/www.die-stadtzeitung.de\/index.php\/wp-json\/wp\/v2\/posts\/634\/revisions"}],"wp:featuredmedia":[{"embeddable":true,"href":"https:\/\/www.die-stadtzeitung.de\/index.php\/wp-json\/wp\/v2\/media\/633"}],"wp:attachment":[{"href":"https:\/\/www.die-stadtzeitung.de\/index.php\/wp-json\/wp\/v2\/media?parent=634"}],"wp:term":[{"taxonomy":"category","embeddable":true,"href":"https:\/\/www.die-stadtzeitung.de\/index.php\/wp-json\/wp\/v2\/categories?post=634"},{"taxonomy":"post_tag","embeddable":true,"href":"https:\/\/www.die-stadtzeitung.de\/index.php\/wp-json\/wp\/v2\/tags?post=634"}],"curies":[{"name":"wp","href":"https:\/\/api.w.org\/{rel}","templated":true}]}}