{"id":62701,"date":"2023-04-10T16:06:56","date_gmt":"2023-04-10T14:06:56","guid":{"rendered":"https:\/\/www.die-stadtzeitung.de\/?p=62701"},"modified":"2025-11-17T14:27:04","modified_gmt":"2025-11-17T13:27:04","slug":"ibiza-traumhafte-wandertouren-im-urlaubs-paradies","status":"publish","type":"post","link":"https:\/\/www.die-stadtzeitung.de\/index.php\/2023\/04\/10\/ibiza-traumhafte-wandertouren-im-urlaubs-paradies\/","title":{"rendered":"Ibiza: Traumhafte Wandertouren im Urlaubs-Paradies"},"content":{"rendered":"<div id=\"attachment_62712\" class=\"wp-caption alignnone\" style=\"max-width: 1034px;\"><img loading=\"lazy\" decoding=\"async\" class=\"size-large wp-image-62712\" src=\"\/wp-content\/uploads\/2023\/04\/IMG_0185-2-1024x675.jpg\" alt=\"\" width=\"1024\" height=\"675\" \/><span class=\"wp-caption-text\">Die malerische Felseninsel Es Vedra, Wahrzeichen der Balearen-Insel Ibiza &#8211; \u00a9 Kim Vu<\/span><\/div>\n<p>Wir nehmen Sie mir auf einer dieser Touren. Ziel ist die Felseninsel Es Vedra, das sagenumwobenen Wahrzeichen Ibizas.<\/p>\n<p>F\u00fcr Kim und Dirk ist die zauberhafte Balearen-Insel seit vielen Jahren die zweite Heimat. Sie sind Residenten auf Ibiza, das heisst, sie haben ihren Zweitwohnsitz hier und kennen fast jeden Winkel. Und doch gibt es f\u00fcr das deutsche Ehepaar aus Essen immer noch etwas Neues zu entdecken.<\/p>\n<p>Als Kims Geburtstag naht, reisen Freunde aus Deutschland an, um mit ihr zu feiern, selbstverst\u00e4ndlich in einem Restaurant direkt am Stand, mit den F\u00fcssen im weissen Sand und mit Blick auf das von t\u00fcrkis bis himmelblau schimmernden Meer. Als Geburtstagsgeschenk hatten sich die Freundinnen und Freunde etwas ganz Besonderes einfallen lassen: Eine von einem Scout gef\u00fchrte Wandertour. Ziel ist eine Plattform mit direkten Block auf die Felseninsel Es Vedra.<\/p>\n<div id=\"attachment_62713\" class=\"wp-caption alignnone\" style=\"max-width: 1034px;\"><img loading=\"lazy\" decoding=\"async\" class=\"wp-image-62713 size-large\" src=\"\/wp-content\/uploads\/2023\/04\/IMG_0005-2-1024x754.jpg\" alt=\"\" width=\"1024\" height=\"754\" \/><span class=\"wp-caption-text\">Nina (l.) und Melissa vor dem Magischen Felsen Es Vedra &#8211; \u00a9 Kim Vu<\/span><\/div>\n<p>Kein lockerer Spaziergang wie \u00fcber die Hafenpromenade, sondern eine durchaus anspruchsvolle Wander-Tour mit gro\u00dfen k\u00f6rperliche Herausforderungen. Festes Schuhwerk ist Grundvoraussetzung. Von San Josep de sa Talaia starten Kim und Dirk ihre &#8222;Expedition&#8220;, begleitet von Kevin, Kim Cho, Patrick, Melissa, Nina und Pascal, gef\u00fchrt von einem erfahrenen Scout.<\/p>\n<p>Die Tour geht zun\u00e4chst durch Wiesen und W\u00e4lder bis an die zerkl\u00fcftete K\u00fcste. Von jetzt an ist das Meer immer im Blick. So traumhaft die Eindr\u00fccke vor diesem Panorama auch sind, stellt die Wanderung an den Klippen dennoch gro\u00dfe, k\u00f6rperliche Anforderungen an die mediterranen &#8222;Wanderv\u00f6gel&#8220;.<\/p>\n<div id=\"attachment_62714\" class=\"wp-caption alignnone\" style=\"max-width: 661px;\"><img loading=\"lazy\" decoding=\"async\" class=\"wp-image-62714 \" src=\"\/wp-content\/uploads\/2023\/04\/IMG_1309-2-768x1024.jpg\" alt=\"\" width=\"651\" height=\"868\" \/><span class=\"wp-caption-text\">Cho war total beeindruckt von dem wundersch\u00f6nen Panorama &#8211; \u00a9 Kim Vu<\/span><\/div>\n<p>&#8222;Es ist ganz sch\u00f6n anstrengend und alles andere als ein lockerer Spaziergang&#8220;, zieht Dirk seine pers\u00f6nliche Bilanz. Und Ehefrau Kim , das &#8222;Geburtstagskind&#8220; erg\u00e4nzt: &#8222;Die Tour ist anstrengend, aber das sch\u00f6nste Geburtstagsgeschenk, das ich mir w\u00fcnschen kann.&#8220;<\/p>\n<p>Am Zielort Sa Pedrera de Cala D&#8217;Hort, mit atemberaubenden Blick auf die Felseninsel Es Vedra, herrscht dem\u00fctige Stille in der Wander-Gruppe &#8211; ein erhebender Augenblick, in dem jedes Wort eines zu viel w\u00e4re.<\/p>\n<div id=\"attachment_62716\" class=\"wp-caption alignnone\" style=\"max-width: 660px;\"><img loading=\"lazy\" decoding=\"async\" class=\"wp-image-62716 \" src=\"\/wp-content\/uploads\/2023\/04\/IMG_0100-2-768x1024.jpg\" alt=\"\" width=\"650\" height=\"867\" \/><span class=\"wp-caption-text\">Patrick geniesst in bizarrer Felskulisse den Blick auf Es Vedra &#8211; \u00a9 Kim Vu<\/span><\/div>\n<p>Die Tour war anstrengend, die Tour war Kr\u00e4fte raubend, doch sie hat vielen in der Gruppe eine ganz neue Seite, eine total beeindruckende Seite, an Ibiza gezeigt, der vermeintlichen Party-Insel und Insel der Sch\u00f6nen und Reichen, die so vieles mehr zu bieten hat.<\/p>\n<h4>\u00dcber Es Vedra<\/h4>\n<p>Der markante Felsen Es Vedra ist 382 Meter hoch. Um die Felseninsel ranken sich zahlreiche Mythen und Ger\u00fcchte. Einige halten den Felsen f\u00fcr den letzten sichtbaren Teil der legend\u00e4ren, versunkenen Stadt Atlantis.<\/p>\n<p>Ziegen sind die gr\u00f6\u00dften lebenden Tiere auf der Insel. Sie wurden einst von einem M\u00f6nch ausgesetzt, der auf es Vedra in Askese lebte. 2016 lie\u00dfen die Beh\u00f6rden auf den Balearen die meisten der Ziegen auf der Insel von J\u00e4gern t\u00f6ten, weil sie angeblich der Vegetation geschadet h\u00e4tten. Nur drei Ziegen durften \u00fcberleben.<\/p>\n<p>Es Vedra ist das beeindruckende Wahrzeichen der beliebten Balearen-Insel Ibiza und gilt als magischer Ort.<\/p>\n<p><strong>Text Peter Pionke<\/strong><\/p>\n<p>&nbsp;<\/p>\n<div id=\"attachment_62715\" class=\"wp-caption alignnone\" style=\"max-width: 998px;\"><img loading=\"lazy\" decoding=\"async\" class=\"wp-image-62715 size-large\" src=\"\/wp-content\/uploads\/2023\/04\/IMG_1223-2-988x1024.jpg\" alt=\"\" width=\"988\" height=\"1024\" \/><span class=\"wp-caption-text\">Die Wander-Gruppe am grandiosen Ziel &#8211; vor der Felseninsel Es Vedra &#8211; \u00a9 Kim Vu<\/span><\/div>\n<p>&nbsp;<\/p>\n<p>&nbsp;<\/p>\n<p>&nbsp;<\/p>\n","protected":false},"excerpt":{"rendered":"<p>Kaum eine Urlaubs-Insel hat mit so vielen Vorteilen zu k\u00e4mpfen, wie Ibiza, das Balearen-Eiland im Mittelmeer: Party-Insel, Insel der Sch\u00f6nen  und Reichen wird sie gern genannt. Ganz falsch ist das nicht. Aber Ibiza hat so viel mehr zu bieten. Nicht zuletzt traumhafte Wandertouren in einer atemberaubenden Landschaft. <\/p>\n","protected":false},"author":7,"featured_media":0,"comment_status":"open","ping_status":"open","sticky":false,"template":"","format":"standard","meta":{"footnotes":""},"categories":[25],"tags":[],"class_list":["post-62701","post","type-post","status-publish","format-standard","hentry","category-lifestyle"],"publishpress_future_action":{"enabled":false,"date":"2026-05-06 16:25:43","action":"change-status","newStatus":"draft","terms":[],"taxonomy":"category","extraData":[]},"publishpress_future_workflow_manual_trigger":{"enabledWorkflows":[]},"_links":{"self":[{"href":"https:\/\/www.die-stadtzeitung.de\/index.php\/wp-json\/wp\/v2\/posts\/62701","targetHints":{"allow":["GET"]}}],"collection":[{"href":"https:\/\/www.die-stadtzeitung.de\/index.php\/wp-json\/wp\/v2\/posts"}],"about":[{"href":"https:\/\/www.die-stadtzeitung.de\/index.php\/wp-json\/wp\/v2\/types\/post"}],"author":[{"embeddable":true,"href":"https:\/\/www.die-stadtzeitung.de\/index.php\/wp-json\/wp\/v2\/users\/7"}],"replies":[{"embeddable":true,"href":"https:\/\/www.die-stadtzeitung.de\/index.php\/wp-json\/wp\/v2\/comments?post=62701"}],"version-history":[{"count":18,"href":"https:\/\/www.die-stadtzeitung.de\/index.php\/wp-json\/wp\/v2\/posts\/62701\/revisions"}],"predecessor-version":[{"id":88126,"href":"https:\/\/www.die-stadtzeitung.de\/index.php\/wp-json\/wp\/v2\/posts\/62701\/revisions\/88126"}],"wp:attachment":[{"href":"https:\/\/www.die-stadtzeitung.de\/index.php\/wp-json\/wp\/v2\/media?parent=62701"}],"wp:term":[{"taxonomy":"category","embeddable":true,"href":"https:\/\/www.die-stadtzeitung.de\/index.php\/wp-json\/wp\/v2\/categories?post=62701"},{"taxonomy":"post_tag","embeddable":true,"href":"https:\/\/www.die-stadtzeitung.de\/index.php\/wp-json\/wp\/v2\/tags?post=62701"}],"curies":[{"name":"wp","href":"https:\/\/api.w.org\/{rel}","templated":true}]}}