{"id":62667,"date":"2023-04-07T15:14:18","date_gmt":"2023-04-07T13:14:18","guid":{"rendered":"https:\/\/www.die-stadtzeitung.de\/?p=62667"},"modified":"2023-04-08T15:14:39","modified_gmt":"2023-04-08T13:14:39","slug":"lore-duwe-ueber-memories-und-goldene-baenke","status":"publish","type":"post","link":"https:\/\/www.die-stadtzeitung.de\/index.php\/2023\/04\/07\/lore-duwe-ueber-memories-und-goldene-baenke\/","title":{"rendered":"Lore Duwe \u00fcber Memories und goldene B\u00e4nke"},"content":{"rendered":"<div id=\"attachment_62672\" class=\"wp-caption alignnone\" style=\"max-width: 1034px;\"><img loading=\"lazy\" decoding=\"async\" class=\"size-large wp-image-62672\" src=\"\/wp-content\/uploads\/2023\/04\/PHOTO-2023-04-08-13-58-18-2-1024x786.jpg\" alt=\"\" width=\"1024\" height=\"786\" \/><span class=\"wp-caption-text\">Lore Duwe an einem der Memories auf dem Von der Heydt-Platz &#8211; \u00a9 Alexander deGroot<\/span><\/div>\n<p>Mal unter uns! Da kommt Freude auf, wenn im Jahre 2031 die\u00a0Bundesgartenschau in unser Tal Einzug h\u00e4lt. Als geborene N\u00fctzenbergerin geht ein Kindertraum in Erf\u00fcllung, wenn die K\u00f6nigsh\u00f6he und die Kaiserh\u00f6he durch eine H\u00e4ngebr\u00fccke verbunden sind.<\/p>\n<p>Nach dem Besuch des Zoos und der H\u00e4ngebr\u00fccke findet der Besucher hoffentlich den Weg in die Innenstadt, vorbei an Blumenbeeten. Ruhe und Erholung kann er auf &#8222;goldenen B\u00e4nken&#8220; auf dem Von der Heydt-Platz finden.<span class=\"Apple-converted-space\">\u00a0<\/span><\/p>\n<p>An lauen Sommern\u00e4chtem laden sie sogar zum Schlimmern ein. Besonders die neuen geschwungenen B\u00e4nke, die jetzt die bislang vorhandenen f\u00fcnf erg\u00e4nzen, scheinen daf\u00fcr geeignet zu sein.<span class=\"Apple-converted-space\">\u00a0<\/span><\/p>\n<div id=\"attachment_56607\" class=\"wp-caption alignnone\" style=\"max-width: 662px;\"><img loading=\"lazy\" decoding=\"async\" class=\" wp-image-56607\" src=\"\/wp-content\/uploads\/2022\/11\/IMG_7698-1024x768.jpeg\" alt=\"\" width=\"652\" height=\"489\" \/><span class=\"wp-caption-text\">Die &#8222;goldenen B\u00e4nke&#8220; auf dem Von-der-Heydt-Platz &#8211; \u00a9 Vok Dams iNotes<\/span><\/div>\n<p>Goldgelbe Lichtpunkte erinnern nachts an Satelitten und spannen\u00a0gleichzeitig den Bogen zu den goldenen Rahmen der Gem\u00e4lde\u00a0im Von der Heydt-Museum.<\/p>\n<p><span class=\"Apple-converted-space\">\u00a0<\/span>Memories am Rande des Platzes in Form kleiner beweglicher\u00a0T\u00e4felchen geben Auskunft \u00fcber Wirken der Familie Von der Heydt, die das Museum und die Werke den Wuppertaler B\u00fcrgern stiftete.\u00a0War etwa die Gestaltung eine Vision der Bundesgartenschau?<\/p>\n<p>Sehen wir uns die neuen gschwungenen B\u00e4nke an den Osterfeiertagen<span class=\"Apple-converted-space\">\u00a0<\/span>doch einmal an.<\/p>\n<p>Bis dannn und frohe Ostern<\/p>\n<p><strong>Ihre Lore Duwe\/Euer L\u00f6rken<\/strong><\/p>\n<p>&nbsp;<\/p>\n","protected":false},"excerpt":{"rendered":"<p>In ihrer Kolumne \u201eMal unter uns\u2026!\u201c kommentiert die beliebte Wuppertaler Schauspielerin, T\u00e4nzerin, S\u00e4ngerin und Autorin Lore Duwe das Stadtgeschehen damals wie heute aus ihrem ganz pers\u00f6nlichen Blickwinkel. Diesmal richtet sie ihren Blick auf die goldenen B\u00e4nke und die Memories auf dem Von der Heydt-Platz. <\/p>\n","protected":false},"author":7,"featured_media":0,"comment_status":"open","ping_status":"open","sticky":false,"template":"","format":"standard","meta":{"footnotes":""},"categories":[24],"tags":[],"class_list":["post-62667","post","type-post","status-publish","format-standard","hentry","category-wuppertal"],"publishpress_future_action":{"enabled":false,"date":"2026-05-08 22:30:44","action":"change-status","newStatus":"draft","terms":[],"taxonomy":"category","extraData":[]},"publishpress_future_workflow_manual_trigger":{"enabledWorkflows":[]},"_links":{"self":[{"href":"https:\/\/www.die-stadtzeitung.de\/index.php\/wp-json\/wp\/v2\/posts\/62667","targetHints":{"allow":["GET"]}}],"collection":[{"href":"https:\/\/www.die-stadtzeitung.de\/index.php\/wp-json\/wp\/v2\/posts"}],"about":[{"href":"https:\/\/www.die-stadtzeitung.de\/index.php\/wp-json\/wp\/v2\/types\/post"}],"author":[{"embeddable":true,"href":"https:\/\/www.die-stadtzeitung.de\/index.php\/wp-json\/wp\/v2\/users\/7"}],"replies":[{"embeddable":true,"href":"https:\/\/www.die-stadtzeitung.de\/index.php\/wp-json\/wp\/v2\/comments?post=62667"}],"version-history":[{"count":6,"href":"https:\/\/www.die-stadtzeitung.de\/index.php\/wp-json\/wp\/v2\/posts\/62667\/revisions"}],"predecessor-version":[{"id":62675,"href":"https:\/\/www.die-stadtzeitung.de\/index.php\/wp-json\/wp\/v2\/posts\/62667\/revisions\/62675"}],"wp:attachment":[{"href":"https:\/\/www.die-stadtzeitung.de\/index.php\/wp-json\/wp\/v2\/media?parent=62667"}],"wp:term":[{"taxonomy":"category","embeddable":true,"href":"https:\/\/www.die-stadtzeitung.de\/index.php\/wp-json\/wp\/v2\/categories?post=62667"},{"taxonomy":"post_tag","embeddable":true,"href":"https:\/\/www.die-stadtzeitung.de\/index.php\/wp-json\/wp\/v2\/tags?post=62667"}],"curies":[{"name":"wp","href":"https:\/\/api.w.org\/{rel}","templated":true}]}}