{"id":62422,"date":"2023-03-30T10:46:07","date_gmt":"2023-03-30T08:46:07","guid":{"rendered":"https:\/\/www.die-stadtzeitung.de\/?p=62422"},"modified":"2023-03-30T10:46:07","modified_gmt":"2023-03-30T08:46:07","slug":"buga-vertraege-unterzeichnet-ob-ein-froher-tag","status":"publish","type":"post","link":"https:\/\/www.die-stadtzeitung.de\/index.php\/2023\/03\/30\/buga-vertraege-unterzeichnet-ob-ein-froher-tag\/","title":{"rendered":"BUGA-Vertr\u00e4ge unterzeichnet &#8211; OB: &#8222;Ein froher Tag&#8220;"},"content":{"rendered":"<div id=\"attachment_62425\" class=\"wp-caption alignnone\" style=\"max-width: 1034px;\"><img loading=\"lazy\" decoding=\"async\" class=\"size-large wp-image-62425\" src=\"\/wp-content\/uploads\/2023\/03\/f0e28e84929ce6102623b1bad7cb3f77-2-1024x745.jpeg\" alt=\"\" width=\"1024\" height=\"745\" \/><span class=\"wp-caption-text\">Oberb\u00fcrgermeister Dr. Uwe Schneidewind (r.) und DBG-Gesch\u00e4ftsf\u00fchrer Jochen Sandner bei der Vertragsunterzeichnung &#8211; \u00a9 Christoph Petersen<\/span><\/div>\n<p>Eine von beiden Partnern getragene \u201eBUGA Wuppertal 2031 gGmbH\u201c kann nun gegr\u00fcndet werden und im Fr\u00fchjahr ihre Arbeit aufnehmen. Bereits am Montag (27.03.) hatte der Stadtrat Stadtentwicklungs-Dezernent Arno Minas zum vorl\u00e4ufigen Gesch\u00e4ftsf\u00fchrer der Gesellschaft bestellt.<\/p>\n<h4>Kein Event, sondern ein Wertsch\u00f6pfungsprozess<\/h4>\n<p>Nach der Unterzeichnung erkl\u00e4rte Oberb\u00fcrgermeister Uwe Schneidewind: \u201eDies ist f\u00fcr uns ein sehr froher Tag nach einer intensiven Arbeitsphase, in der wir die Grundlagen f\u00fcr eine gelingende Zusammenarbeit gelegt haben. Ich freue mich, dass jetzt die Partnerschaft mit der DBG unter Dach und Fach ist und wir mit diesem erfahrenen Partner unsere Pl\u00e4ne f\u00fcr eine einzigartige, innovative BUGA gemeinsam realisieren k\u00f6nnen.\u201c<\/p>\n<p>Jochen Sandner, Gesch\u00e4ftsf\u00fchrer der Deutschen Bundesgartenschau-Gesellschaft mbH, unterstrich die besonderen Aspekte der Wuppertaler Gartenschaupl\u00e4ne: \u201eEine BUGA ist mehr als das sechsmonatige Event. Mit einer BUGA werden bleibende Werte geschaffen. Wir sto\u00dfen st\u00e4dtebauliche Prozesse an, holen Gr\u00fcn in die Stadt. Das Wuppertaler Konzept hat viele besonders herausfordernde, aber auch chancenreiche Aspekte. Wir werden mit all unserer Erfahrung und Expertise zu einer erfolgreichen Realisierung beitragen, die f\u00fcr Stadt und Region ein gro\u00dfer Gewinn sein soll.\u201c<\/p>\n<h4>Risiken beherrschen durch Priorisierung<\/h4>\n<p>Erneut verwies Schneidewind auf die gro\u00dfen Chancen der BUGA als Stadtentwicklungs-Motor f\u00fcr ganz Wuppertal: \u201eGleichzeitig stecken in dem innovativen Konzept auch besondere Herausforderungen: Die BUGA Wuppertal soll Ma\u00dfst\u00e4be setzen, damit sind nat\u00fcrlich auch Risiken verbunden. Diese Risiken werden aber beherrschbar sein, wenn die Stadtgemeinschaft hier eine klare Priorisierung trifft.\u201c<\/p>\n<div id=\"attachment_62427\" class=\"wp-caption alignnone\" style=\"max-width: 547px;\"><img loading=\"lazy\" decoding=\"async\" class=\"wp-image-62427 \" src=\"\/wp-content\/uploads\/2023\/03\/6d87655274cdfd3977a7f3bdcb60ce45-1024x683.jpeg\" alt=\"\" width=\"537\" height=\"358\" \/><span class=\"wp-caption-text\">Gut gelaunt und guter Hoffnung: Jochen Sandner (l.) und OB Dr.Uwe Schneidewind &#8211; \u00a9 Christoph Petersen<\/span><\/div>\n<p>Als Beispiele f\u00fcr Alleinstellungmerkmale der BUGA Wuppertal 2031 z\u00e4hlte der OB auf: \u201eEs wird die erste BUGA sein mit einem historischen Bahnhof als zentralem Empfangsort: Wir werden aus dem st\u00e4dtebaulichen Juwel mit viel Potential, aber auch viel Investitionsbedarf, einen Ankunftsort und Mobilit\u00e4ts-Hub der Zukunft gestalten. Hier sind alle Verkehrsarten bereits verkn\u00fcpft, aber es fehlt ein Zukunfts-Konzept. Es ist ein gutes Beispiel, wie wir mit der BUGA als Motor eine Entwicklung voranbringen k\u00f6nnen, die weit \u00fcber die BUGA hinausreicht.<\/p>\n<p>Dazu passt: Es wird die erste BUGA sein, deren Mobilit\u00e4tskonzept ohne neue Fl\u00e4chenversiegelung f\u00fcr Parkpl\u00e4tze auskommt. Es wird aber auch die erste BUGA sein, in die ein Zoologischer Garten integriert ist, den wiederum eine Seilbahn neu erschlie\u00dfen soll. Und nat\u00fcrlich wird die 700 Meter lange H\u00e4ngebr\u00fccke ein einzigartiges Highlight sein, wenn sich ihre Machbarkeit im weiteren Pr\u00fcfverfahren best\u00e4tigt: Sie w\u00e4re das erste Bauwerk dieser Art in Deutschland, das eine Gro\u00dfstadt im weiten Tal \u00fcberspannt, und damit ein st\u00e4dtebaulicher wie auch touristischer Anziehungspunkt erster Klasse.\u201c<\/p>\n<h4>Wuppertal betritt Neuland<\/h4>\n<p>Dr. Uwe Schneidewind betonte: \u201eIn den vielen Chancen der Wuppertaler BUGA 2031 liegen gleichzeitig auch die Herausforderungen. Wie beim Bau der Schwebebahn betritt die Stadt hier Neuland. Das ist uns sehr bewusst. Es gibt f\u00fcr wesentliche Teile unseres Konzeptes keine Blaupausen. Diese Herausforderungen anzunehmen steht f\u00fcr die Aufbruchshaltung der BUGA 2021\u201c, so Uwe Schneidewind. \u201eDenn wenn uns dieses mutige Zukunftsprogramm gelingt, gewinnt unsere Stadt dauerhaft an Strahlkraft und Lebensqualit\u00e4t.\u201c<\/p>\n<div id=\"attachment_56419\" class=\"wp-caption alignnone\" style=\"max-width: 545px;\"><img loading=\"lazy\" decoding=\"async\" class=\" wp-image-56419\" src=\"\/wp-content\/uploads\/2022\/10\/image002-2.jpg\" alt=\"\" width=\"535\" height=\"366\" \/><span class=\"wp-caption-text\">Oberb\u00fcrgermeister Uwe Schneidewind, Holger Bramsiepe (F\u00f6rderverein) und<br \/>Pascal Biesenbach (Kampagne) feiern das Ergebnis gegen den B\u00fcrgerentscheid und<br \/>damit f\u00fcr die BUGA 2031 &#8211; \u00a9 Vok Dams iNotes<\/span><\/div>\n<p>Bis zur Unterzeichnung habe die Verwaltung in enger Abstimmung mit der DBG schon viele Grundlagen f\u00fcr das Gelingen gelegt. \u201eEs ist viel passiert, auch wenn nicht alles nach au\u00dfen sichtbar war.\u201c<\/p>\n<h4>Ein BUGA-Budget soll auch kleinere Projekte f\u00f6rdern<\/h4>\n<p>\u201eF\u00fcr die weiteren Grundst\u00fccksgespr\u00e4che sind Verkehrswertgutachten beauftragt, und es wurden Vorkaufssatzungen auf den Weg gebracht. Mit der Bahnentwicklungsgesellschaft (BEG) untersuchen wir, wie die Verbindung zwischen Bahnhof Vohwinkel und BUGA-Gel\u00e4nde gestaltet werden kann. Wir haben F\u00f6rdergespr\u00e4che mit den Landesministerien gef\u00fchrt und die Zusage f\u00fcr eine F\u00f6rderkonferenz erhalten. Das Finanzamt hat uns in einem sehr konstruktiven guten Austausch seine Unterst\u00fctzung f\u00fcr den gesamten Prozess zugesagt. Mit dem BUGA-Beirat sind erste \u00dcberlegungen zur Entwicklung der BUGA+-Projekte abgestimmt. Es gab einen Informationstermin zum Seilbahnbau. Die Bergische Uni macht das Mobilit\u00e4tskonzept zu einem Seminarthema. Artenschutz-, Boden- und Rechtsgutachten f\u00fcr die H\u00e4ngebr\u00fccke sind in Arbeit\u201c, fasst Wuppertals Oberb\u00fcrgermeister die Entwicklungen der vergangenen Wochen zusammen.&#8220;<\/p>\n<p>Hocherfreulich gestalte sich laut Schneidewind weiterhin die Kooperation mit dem F\u00f6rderverein. Und auch die gemeinsamen Runden mit den Initiatorinnen und Initiatoren der BUGA+-Projekte seien sehr ermutigend. \u201eDer Radrundweg um Wuppertal kristallisiert sich als zentrales Projekt des BUGA+-Konzeptes heraus. Um auch kleinere Projekte zu f\u00f6rdern, werden wir analog zum B\u00fcrger*innenbudget ein BUGA-Budget auflegen. Die gro\u00dfe Bereitschaft vieler Vereine, Unternehmen und B\u00fcrger zu aktiver Mitgestaltung ist ein besonderer Ansporn.\u201c<\/p>\n<h4>Basis f\u00fcr eine spannende Zusammenarbeit ist gelegt<\/h4>\n<p>\u201eEs hat etwas l\u00e4nger gedauert als urspr\u00fcnglich geplant, aber den Auftakt haben wir gut bew\u00e4ltigt\u201c, bekr\u00e4ftigt auch DBG-Gesch\u00e4ftsf\u00fchrer Jochen Sandner. \u201eWir freuen uns sehr. Die Basis ist gelegt f\u00fcr eine vertrauensvolle, sehr spannende Zusammenarbeit zur BUGA Wuppertal 2031.\u201c<\/p>\n<p>Weitere Details zur Besetzung der Gremien der \u201eBUGA Wuppertal 2031 gGmbH\u201c werden dem Stadtrat in seiner kommenden Sitzung im Mai zur Entscheidung vorgelegt.<\/p>\n","protected":false},"excerpt":{"rendered":"<p>Jetzt ist es vollbracht! Noch vor Ostern haben die Stadt Wuppertal und die Deutsche Bundesgartenbaugesellschaft (DBG) mit einer formellen Beurkundung des Gesellschaftsvertrages und der Unterzeichnung eines Durchf\u00fchrungsvertrages im Rathaus ihre gemeinsamen Pl\u00e4ne f\u00fcr eine Wuppertaler Bundesgartenschau im Jahr 2031 besiegelt.<\/p>\n","protected":false},"author":7,"featured_media":0,"comment_status":"open","ping_status":"open","sticky":false,"template":"","format":"standard","meta":{"footnotes":""},"categories":[26],"tags":[],"class_list":["post-62422","post","type-post","status-publish","format-standard","hentry","category-politik"],"publishpress_future_action":{"enabled":false,"date":"2026-05-04 22:34:41","action":"change-status","newStatus":"draft","terms":[],"taxonomy":"category","extraData":[]},"publishpress_future_workflow_manual_trigger":{"enabledWorkflows":[]},"_links":{"self":[{"href":"https:\/\/www.die-stadtzeitung.de\/index.php\/wp-json\/wp\/v2\/posts\/62422","targetHints":{"allow":["GET"]}}],"collection":[{"href":"https:\/\/www.die-stadtzeitung.de\/index.php\/wp-json\/wp\/v2\/posts"}],"about":[{"href":"https:\/\/www.die-stadtzeitung.de\/index.php\/wp-json\/wp\/v2\/types\/post"}],"author":[{"embeddable":true,"href":"https:\/\/www.die-stadtzeitung.de\/index.php\/wp-json\/wp\/v2\/users\/7"}],"replies":[{"embeddable":true,"href":"https:\/\/www.die-stadtzeitung.de\/index.php\/wp-json\/wp\/v2\/comments?post=62422"}],"version-history":[{"count":5,"href":"https:\/\/www.die-stadtzeitung.de\/index.php\/wp-json\/wp\/v2\/posts\/62422\/revisions"}],"predecessor-version":[{"id":62429,"href":"https:\/\/www.die-stadtzeitung.de\/index.php\/wp-json\/wp\/v2\/posts\/62422\/revisions\/62429"}],"wp:attachment":[{"href":"https:\/\/www.die-stadtzeitung.de\/index.php\/wp-json\/wp\/v2\/media?parent=62422"}],"wp:term":[{"taxonomy":"category","embeddable":true,"href":"https:\/\/www.die-stadtzeitung.de\/index.php\/wp-json\/wp\/v2\/categories?post=62422"},{"taxonomy":"post_tag","embeddable":true,"href":"https:\/\/www.die-stadtzeitung.de\/index.php\/wp-json\/wp\/v2\/tags?post=62422"}],"curies":[{"name":"wp","href":"https:\/\/api.w.org\/{rel}","templated":true}]}}