{"id":62410,"date":"2023-03-30T09:28:28","date_gmt":"2023-03-30T07:28:28","guid":{"rendered":"https:\/\/www.die-stadtzeitung.de\/?p=62410"},"modified":"2023-03-30T09:28:28","modified_gmt":"2023-03-30T07:28:28","slug":"historientafeln-zum-70-haeuser-geburtstag","status":"publish","type":"post","link":"https:\/\/www.die-stadtzeitung.de\/index.php\/2023\/03\/30\/historientafeln-zum-70-haeuser-geburtstag\/","title":{"rendered":"Historientafeln zum 70. H\u00e4user-Geburtstag\u00a0"},"content":{"rendered":"<div id=\"attachment_62411\" class=\"wp-caption alignnone\" style=\"max-width: 1034px;\"><img loading=\"lazy\" decoding=\"async\" class=\"size-large wp-image-62411\" src=\"\/wp-content\/uploads\/2023\/03\/EBV_Schild_Grifflenberg_23-03-24_Markus_Quabach-2-1024x670.jpeg\" alt=\"\" width=\"1024\" height=\"670\" \/><span class=\"wp-caption-text\">Die &#8222;ebv&#8220;-Vorstandsvorsitzende Anette Gericke enth\u00fcllte gemeinsam mit Johannes Schlottner vom B\u00fcrgerverein S\u00fcdstadt die Historientafel am Oberen Grifflenberg &#8211; \u00a9 Markus Quabach<\/span><\/div>\n<p>Hier waren im Jahr 1928 die H\u00e4user 119 bis 149 und Am Heidchen 36 gebaut worden, die also in diesem Jahr ihren 95. Geburtstag begehen w\u00fcrden. Diese originalen H\u00e4user sind allerdings im Zweiten Weltkrieg bei einem Luftangriff in der Nacht vom 24. auf den 25. Juni 1943 zerst\u00f6rt worden.<span class=\"Apple-converted-space\">\u00a0<\/span><\/p>\n<p>Nach dem Krieg wurden sie mit tatkr\u00e4ftiger Hilfe von Eisenbahnerfamilien und ebv-Mitgliedern instandgesetzt bzw. Wieder aufgebaut. Im Jahr 1953 konnten sie wieder bezogen werden \u2013 somit haben sie in diesem Jahr ihren 70. Geburtstag.<\/p>\n<p>Ausgelegte Bilder machten die wechselvolle Geschichte der H\u00e4user anschaulich. ebv-Vorstandsvorsitzende Anette Gericke enth\u00fcllte gemeinsam mit Johannes Schlottner vom B\u00fcrgerverein S\u00fcdstadt eine Historientafel.<span class=\"Apple-converted-space\">\u00a0<\/span><\/p>\n<p>Johannes Schlottner ist selbst in einem ebv-Haus am Oberen Grifflenberg aufgewachsen. Er erinnert sich&#8220;an diese Zeit: &#8222;Bei trockenem Wetter mit gelegentlichem Sonnenschein tauschte man sich rege aus und nutzte gerne das Angebot des Eiswagens, der regelm\u00e4ssig durch die Stra\u00dfe fuhr.&#8220;<\/p>\n<p>&nbsp;<\/p>\n","protected":false},"excerpt":{"rendered":"<p>Happy Birthday! Die Wuppertaler Wohnungsbaugenossenschaft (ebv) gratuliert historischen Genossenschaftsh\u00e4usern mit Historientafeln. Im Jahr 2022 hat die &#8222;ebv&#8220; mit dieser vielbeachteten Aktion begonnen. Jetzt wurde sie am Oberen Grifflenberg fortgesetzt.\u00a0<\/p>\n","protected":false},"author":7,"featured_media":0,"comment_status":"open","ping_status":"open","sticky":false,"template":"","format":"standard","meta":{"footnotes":""},"categories":[24],"tags":[],"class_list":["post-62410","post","type-post","status-publish","format-standard","hentry","category-wuppertal"],"publishpress_future_action":{"enabled":false,"date":"2026-05-05 08:23:53","action":"change-status","newStatus":"draft","terms":[],"taxonomy":"category","extraData":[]},"publishpress_future_workflow_manual_trigger":{"enabledWorkflows":[]},"_links":{"self":[{"href":"https:\/\/www.die-stadtzeitung.de\/index.php\/wp-json\/wp\/v2\/posts\/62410","targetHints":{"allow":["GET"]}}],"collection":[{"href":"https:\/\/www.die-stadtzeitung.de\/index.php\/wp-json\/wp\/v2\/posts"}],"about":[{"href":"https:\/\/www.die-stadtzeitung.de\/index.php\/wp-json\/wp\/v2\/types\/post"}],"author":[{"embeddable":true,"href":"https:\/\/www.die-stadtzeitung.de\/index.php\/wp-json\/wp\/v2\/users\/7"}],"replies":[{"embeddable":true,"href":"https:\/\/www.die-stadtzeitung.de\/index.php\/wp-json\/wp\/v2\/comments?post=62410"}],"version-history":[{"count":1,"href":"https:\/\/www.die-stadtzeitung.de\/index.php\/wp-json\/wp\/v2\/posts\/62410\/revisions"}],"predecessor-version":[{"id":62412,"href":"https:\/\/www.die-stadtzeitung.de\/index.php\/wp-json\/wp\/v2\/posts\/62410\/revisions\/62412"}],"wp:attachment":[{"href":"https:\/\/www.die-stadtzeitung.de\/index.php\/wp-json\/wp\/v2\/media?parent=62410"}],"wp:term":[{"taxonomy":"category","embeddable":true,"href":"https:\/\/www.die-stadtzeitung.de\/index.php\/wp-json\/wp\/v2\/categories?post=62410"},{"taxonomy":"post_tag","embeddable":true,"href":"https:\/\/www.die-stadtzeitung.de\/index.php\/wp-json\/wp\/v2\/tags?post=62410"}],"curies":[{"name":"wp","href":"https:\/\/api.w.org\/{rel}","templated":true}]}}