{"id":62346,"date":"2023-04-01T20:44:14","date_gmt":"2023-04-01T18:44:14","guid":{"rendered":"https:\/\/www.die-stadtzeitung.de\/?p=62346"},"modified":"2023-04-04T14:38:38","modified_gmt":"2023-04-04T12:38:38","slug":"jan-filipzik-wie-es-ist-auf-weltreise-zu-sein","status":"publish","type":"post","link":"https:\/\/www.die-stadtzeitung.de\/index.php\/2023\/04\/01\/jan-filipzik-wie-es-ist-auf-weltreise-zu-sein\/","title":{"rendered":"Jan Filipzik: Wie es ist, auf Weltreise zu sein"},"content":{"rendered":"<div id=\"attachment_62350\" class=\"wp-caption alignnone\" style=\"max-width: 1034px;\"><img loading=\"lazy\" decoding=\"async\" class=\"size-large wp-image-62350\" src=\"\/wp-content\/uploads\/2023\/03\/titel-1024x671.jpeg\" alt=\"\" width=\"1024\" height=\"671\" \/><span class=\"wp-caption-text\">Lena Lichterberg und Jan Filipzik in Laos unterwegs in einem Tuktuk &#8211; \u00a9 reisen-ist.jetzt<\/span><\/div>\n<p>Es ist die l\u00e4ngste Reise, die ich bislang in meinem Leben gemacht habe. Jetzt schon. Seit zweieinhalb Monaten sind wir unterwegs, elf Wochen, um genau zu sein.<span class=\"Apple-converted-space\">\u00a0<\/span><\/p>\n<p>Und ich w\u00fcrde sagen: Wir sind angekommen, im Weltreise-Modus, es f\u00fchlt sich nicht l\u00e4nger nur nach Urlaub an \u2013 und f\u00fcr mich ist das die Gelegenheit, einmal auf das zu schauen, was ich bislang herausgefunden habe. Wie f\u00fchlt es sich nun also an, auf Weltreise zu sein?<\/p>\n<h4>Wir sind irgendwie so dazwischen<\/h4>\n<p>Das Offensichtlichste zuerst: Vom Alter her liegen wir absolut dazwischen. Oder anders ausgedr\u00fcckt: Nur die wenigstens Reisenden sind so alt wie wir. Die meisten sind deutlich j\u00fcnger, die erwartungsgem\u00e4\u00df anzutreffenden Studenten halt, viele von ihnen Engl\u00e4nder, vor allem in Thailand und Laos, was mich dann doch etwas \u00fcberrascht.<\/p>\n<h4>In Lenas &amp; Jans Reiseblog \u201ereisen-ist.jetzt \u2013 Unterwegs ist da,\u00a0wo wir sind\u201c finden Sie noch viel mehr Fotos, Infos und Impressionen:<\/h4>\n<p><a href=\"https:\/\/reisen-ist.jetzt\">https:\/\/reisen-ist.jetzt<\/a><\/p>\n<p>Also \u00fcberrascht im Sinne von: hatte ich so halt nicht auf dem Schirm. Ein paar Reisende treffen wir, die wir zu der zweiten, allerdings bereits deutlich kleineren Gruppe z\u00e4hlen w\u00fcrden: Den Rentnern, wie ich sie jetzt einmal salopp nenne. Und dann gibt es noch alle anderen, zu denen auch wir geh\u00f6ren. Die weder das eine noch das andere sind, so halt dazwischen eben.<\/p>\n<h4>Die Gespr\u00e4che sind oft \u00e4hnlich<\/h4>\n<p>Ich stehe dazu, zu sagen, dass ich auf der Gespr\u00e4chsebene mit den meisten, jungen Reisenden, egal woher, nur wenige Gemeinsamkeiten finde. Entsprechend mache ich um solche Gespr\u00e4che oft einen Bogen.<span class=\"Apple-converted-space\">\u00a0<\/span><\/p>\n<p>Und ehrlich gesagt vor allem um die der Engl\u00e4nder, denn die laufen, nach allem was ich bislang mitbekommen habe, immer nahezu identisch ab. Es geht darum, wer wo welche Aktivit\u00e4ten erlebt hat, wie teuer das alles ist, wie cool das alles war und was f\u00fcr aufregende Geschichten man sonst noch erlebt hat.<span class=\"Apple-converted-space\">\u00a0<\/span><\/p>\n<div id=\"attachment_60190\" class=\"wp-caption alignnone\" style=\"max-width: 1023px;\"><img loading=\"lazy\" decoding=\"async\" class=\"size-full wp-image-60190\" src=\"\/wp-content\/uploads\/2023\/02\/img_20230127_150144.jpg.jpeg\" alt=\"\" width=\"1013\" height=\"720\" \/><span class=\"wp-caption-text\">Lena Lichterbeck &amp; Jan Filipzik: Auf zwei R\u00e4dern in Malaysia unterwegs &#8211; \u00a9 reisen-ist.jetzt<\/span><\/div>\n<p>Auch wir tappen nat\u00fcrlich in diese Falle. Trotzdem versuchen wir das Gespr\u00e4ch schnell auf andere Themen zu lenken, wenn wir uns mit Reisenden unterhalten. Einfach auch, weil es spannender ist als die Frage, wo welche Unterkunft jetzt wie teuer und welcher Strand besonders sch\u00f6n war.<\/p>\n<h4>Wenn man \u00e4lter ist, ist eine Weltreise nicht mehr ganz so krass<\/h4>\n<p>Ein klassisches Bild einer Weltreise, das sich f\u00fcr uns in Gespr\u00e4chen auch immer wieder best\u00e4tigt hat, sieht so aus: Der oder die Protagonisten gehen auf Weltreise, sind absolut geflasht und wissen schon nach drei Wochen, dass sie alles anders machen und nie wieder zur\u00fcckkommen wollen.<span class=\"Apple-converted-space\">\u00a0<\/span><\/p>\n<p>Genau das f\u00fchle ich nicht. Eine Weltreise \u00f6ffnet einem in vielerlei Hinsicht die Augen und l\u00e4sst einen umdenken, siehe auch weiter unten, aber f\u00fcr mich kann ich, jedenfalls zum aktuellen Zeitpunkt, nahezu ausschlie\u00dfen, demn\u00e4chst die obligatorische Strandbar auf Bali er\u00f6ffnen zu wollen.<span class=\"Apple-converted-space\">\u00a0<\/span><\/p>\n<p>Was daran liegen kann, dass eine Weltreise mit fast 40 nicht mehr ganz so krass ist, wie mit Anfang 20. Ich habe halt schon viel gesehen von der Welt, bin oft in Asien und auf anderen Kontinenten gewesen, und wenig von dem, was ich hier erlebe, ist wirklich absolut und fundamental neu.<span class=\"Apple-converted-space\">\u00a0<\/span><\/p>\n<p>Das macht die Weltreise als Reise an sich, wenn man jetzt in Bildern und Eindr\u00fccken denkt, etwas weniger krass. Was aber auch ganz gut ist, ich bin nicht traurig dar\u00fcber.<\/p>\n<h4>Reisen ist manchmal anstrengend<\/h4>\n<p>Der ganze Gespr\u00e4chs-Teil mit anderen Reisenden macht das Reisen manchmal anstrengend. Doch auch abseits davon gibt es so etwas wie einen Alltag, der nicht immer zu den Dingen geh\u00f6rt, die wir am liebsten tun.<span class=\"Apple-converted-space\">\u00a0<\/span><\/p>\n<p>Wir kommen in einer neuen Stadt an, suchen den n\u00e4chsten Waschsalon, schauen, wo die Superm\u00e4rkte sind und die Restaurants, die uns interessieren. Planen unsere Aktivit\u00e4ten und verteilen sie grob auf die Tage, die wir zur Verf\u00fcgung haben. Recherchieren parallel zu unserem n\u00e4chsten Ziel. Wo wollen wir hin, wie lange wollen wir bleiben, was wollen wir machen?<span class=\"Apple-converted-space\">\u00a0<\/span><\/p>\n<div id=\"attachment_59979\" class=\"wp-caption alignnone\" style=\"max-width: 1034px;\"><img loading=\"lazy\" decoding=\"async\" class=\"size-large wp-image-59979\" src=\"\/wp-content\/uploads\/2023\/01\/img_20230109_150840-1024x768.jpeg\" alt=\"\" width=\"1024\" height=\"768\" \/><span class=\"wp-caption-text\">Andere L\u00e4nder &#8211; andere Getr\u00e4nke: Lena Lihterbeck und Jan Filipzik g\u00f6nnen sich in Kuala Lumpur einen Cocktail aus der Kokosnuss \u00a9 &#8211; reisen-ist.jetzt<\/span><\/div>\n<p>Suchen nach den passenden Verbindungen, besorgen die Tickets, es kommt der Transfertag, die neue Stadt \u2013 und alles f\u00e4ngt wieder von vorne an.<span class=\"Apple-converted-space\">\u00a0<\/span><\/p>\n<p>Vor allem bei komplexeren Vorhaben \u2013 so wollen und werden wir Ende des Monats nach Indien fliegen \u2013 kann so eine Menge Zeit vergehen und zwischendurch wird es auch wirklich nervig.<\/p>\n<h4>Qualit\u00e4t ist besser als Quantit\u00e4t<\/h4>\n<p>Der grundlegende, wiederkehrende Ablauf des Reisens ist nicht schlimm, ich will mich auch gar nicht beschweren, aber er f\u00fchrt dazu, dass wir uns schon lange nicht mehr jeden Tempel, jede Lagune, jede H\u00f6hle und jedes Reisfeld anschauen.<span class=\"Apple-converted-space\">\u00a0<\/span><\/p>\n<p>Stattdessen suchen wir uns sehr gezielt raus, was uns interessiert, und genie\u00dfen das in Ruhe. Und es kommt auch schon einmal vor, dass wir spontan eine eigentlich geplante Sache einfach ersatzlos streichen \u2013 und es f\u00fchlt sich gut an, dass sich das nicht schlecht anf\u00fchlt.<span class=\"Apple-converted-space\">\u00a0<\/span><\/p>\n<p>Das ist halt eines der Privilegien der Weltreise, die wir definitiv genie\u00dfen.<\/p>\n<h4>Man braucht ein gewisses Level an Komfort<\/h4>\n<p>Eine Weltreise bringt zwangsl\u00e4ufig Entbehrungen mit sich. Unser Budget ist \u2013 wenngleich immer noch recht komfortabel \u2013 anders als bei einem klassischen, dreiw\u00f6chigen Backpacking-Urlaub durch Mexiko.<span class=\"Apple-converted-space\">\u00a0<\/span><\/p>\n<p>Wo man im Zweifel sagt: War jetzt am Ende teurer, ist aber auch kein Problem. Und selbst mit noch mehr Geld, l\u00e4sst sich eine Tatsache nicht wegdiskutieren: Wir haben kein Zuhause mehr.<span class=\"Apple-converted-space\">\u00a0<\/span><\/p>\n<div id=\"attachment_60195\" class=\"wp-caption alignnone\" style=\"max-width: 1034px;\"><img loading=\"lazy\" decoding=\"async\" class=\"size-large wp-image-60195\" src=\"\/wp-content\/uploads\/2023\/02\/img_20230108_120831.jpg-1024x768.webp\" alt=\"\" width=\"1024\" height=\"768\" \/><span class=\"wp-caption-text\">Lena &amp; Jan: Selfie im Glasfahrstuhl in Kuala Lumpur &#8211; \u00a9 reisen-ist.jetzt<\/span><\/div>\n<p>Inzwischen haben wir in 19 verschiedenen Unterk\u00fcnften und drei Nachtbussen geschlafen. Je nach Ort und Lust und Laune mal mehr und mal weniger komfortabel, aber gerade deshalb funktioniert es nicht, st\u00e4ndig auf alles zu verzichten.<span class=\"Apple-converted-space\">\u00a0<\/span><\/p>\n<p>Nach einiger Zeit in besonders abgerockten Unterk\u00fcnften, braucht es dann auch wieder ein gewisses Level an Komfort. Das muss gar nicht viel sein, oft reichen schon ein wirklich gem\u00fctliches Bett, eine saubere Dusche, eine sch\u00f6ne Einrichtung und ein nettes Ambiente.<span class=\"Apple-converted-space\">\u00a0<\/span><\/p>\n<p>Aber von Ameisenstra\u00dfen im Bad, Klebestreifen, die den Bodenbelag zusammenhalten, abbl\u00e4tternden Tapeten, dreckigem Geschirr beim Fr\u00fchst\u00fcck, rostigen Fenstergittern und Co., braucht man auch mal eine kleine Auszeit.<\/p>\n<h4><strong>Man verliert das Gef\u00fchl f\u00fcr die Zeit<\/strong><\/h4>\n<p>In den vergangenen Wochen haben wir v\u00f6llig das Gef\u00fchl f\u00fcr die Zeit verloren. Oft wissen wir nicht, welcher Wochentag gerade ist \u2013 und noch krasser ist das bei Dingen wie Jahreszeiten. Hier ist es einfach immer warm und sonnig und die Dinge \u00e4ndern sich nicht gro\u00df.<span class=\"Apple-converted-space\">\u00a0<\/span><\/p>\n<p>Als in meiner Timeline bei Facebook dann neulich Bilder von verkleideten Menschen auftauchten, konnte ich das zuerst \u00fcberhaupt nicht zuordnen. Es hat gedauert, bis ich begriffen habe, dass diese Leute gerade Karneval feiern.<span class=\"Apple-converted-space\">\u00a0<\/span><\/p>\n<div id=\"attachment_59693\" class=\"wp-caption alignnone\" style=\"max-width: 1034px;\"><img loading=\"lazy\" decoding=\"async\" class=\"size-large wp-image-59693\" src=\"\/wp-content\/uploads\/2023\/01\/img_20230108_122122-1024x768.webp\" alt=\"\" width=\"1024\" height=\"768\" \/><span class=\"wp-caption-text\">Nichts f\u00fcr Menschen mit mit H\u00f6henangst: Jan Filipzik in Kuala Lumpur im Glasfahrstuhl in schwindelnder H\u00f6he &#8211; \u00a9 reisen-ist.jetzt<\/span><\/div>\n<p>Und, dass bald Ostern ist und die Krokusse bl\u00fchen und die Menschen daheim gerade nicht drau\u00dfen in der Sonne sitzen k\u00f6nnen, sich das aber bald \u00e4ndert \u2013 das ist derzeit komplett unbegreiflich.<\/p>\n<h4>Wir tauschen Geld gegen Zeit<\/h4>\n<p>Trotzdem ist uns inzwischen sehr bewusst geworden, was wir hier eigentlich tun. Wir tauschen unser Geld gegen freie Zeit, nichts anderes ist letztlich eine Weltreise.<span class=\"Apple-converted-space\">\u00a0<\/span><\/p>\n<p>Wo andere vielleicht ein Startkapital f\u00fcr einen Hausbau gesehen h\u00e4tten, haben wir uns daf\u00fcr entschieden, das Geld zu verwenden, um aktuell nicht arbeiten zu m\u00fcssen.<span class=\"Apple-converted-space\">\u00a0<\/span><\/p>\n<p>Das f\u00fchlt sich gut an, allerdings macht es einem auch umso mehr bewusst, dass dieser Zustand nicht f\u00fcr immer so bleiben wird.<\/p>\n<h4>Man fragt sich, was danach kommt<\/h4>\n<p>Auch wenn wir noch mehr als ein Jahr Zeit haben, bis zu unserer geplanten R\u00fcckkehr, merke ich trotzdem, wie ich mich frage, was eigentlich danach kommt. Und mehr noch: Was ich eigentlich m\u00f6chte, was danach kommt.<span class=\"Apple-converted-space\">\u00a0<\/span><\/p>\n<p>Wieder ein Vollzeitjob? Im alten Beruf? Oder was ganz anderes? Weniger arbeiten? Als Selbstst\u00e4ndiger?<span class=\"Apple-converted-space\">\u00a0<\/span><\/p>\n<p>Noch habe ich diese Fragen f\u00fcr mich nicht beantwortet, muss es auch noch nicht, aber es ist trotzdem ein komisches Gef\u00fchl, es nicht zu wissen und auch kein Gesp\u00fcr daf\u00fcr zu haben.<\/p>\n<p>In den vergangenen Jahren hat mein beruflicher Werdegang immer mehr einer Wanderung durch die Berge geglichen. Meist ging es irgendwie bergauf, das war anstrengend, daf\u00fcr war der Weg recht klar \u2013 zumindest f\u00fcr mich \u2013 und ja, ich h\u00e4tte jederzeit auch alles anders machen k\u00f6nnen.<span class=\"Apple-converted-space\">\u00a0<\/span><\/p>\n<p>Aber \u2013 um in der Metapher zu bleiben \u2013 so ein Bergpfad ist auch nicht mal eben so verlassen und der Weg ins Tal und wieder hinauf auf den n\u00e4chsten Berg kann anstrengend sein.<span class=\"Apple-converted-space\">\u00a0<\/span><\/p>\n<div id=\"attachment_60093\" class=\"wp-caption alignnone\" style=\"max-width: 1034px;\"><img loading=\"lazy\" decoding=\"async\" class=\"size-large wp-image-60093\" src=\"\/wp-content\/uploads\/2023\/01\/img_20230118_110343-1-1024x741.jpeg\" alt=\"\" width=\"1024\" height=\"741\" \/><span class=\"wp-caption-text\">Lena und Jan in Georgetown &#8211; \u00a9 reisen-ist.jetzt<\/span><\/div>\n<p>Jetzt f\u00fchlt es sich komplett anders an, ich bin unten, nicht nur im Tal, sondern in einer riesigen Ebene und pl\u00f6tzlich ist alles m\u00f6glich. Im Hintergrund die Berge, viele verschiedene, und ein jeder w\u00e4re gangbar.<span class=\"Apple-converted-space\">\u00a0<\/span><\/p>\n<p>Doch ich wei\u00df noch nicht einmal, ob ich \u00fcberhaupt Lust habe, die Wanderschuhe noch einmal anzuziehen. Metapher Ende.<\/p>\n<h4>Es gibt Dinge, die uns fehlen<\/h4>\n<p>Es mag jetzt hart klingen, wenn ich an erster Stelle nicht unsere Familie und Freunde nenne. Aber es ist auch ein Kompliment. Denn die Verbindungen sind so eng und intensiv, und Dank des Internets auch jederzeit zumindest digital erfahrbar, dass wir wissen und sp\u00fcren, dass sie da sind und auch nicht weggehen werden.<span class=\"Apple-converted-space\">\u00a0<\/span><\/p>\n<p>Es w\u00e4re oft sch\u00f6n, sie in gewissen Situationen dabei zu haben und sehen zu k\u00f6nnen, aber es geht halt nicht, so ist das eben. Was uns aktuell fehlt, nicht von Herzen, aber so, dass wir mal wieder Lust darauf h\u00e4tten, sind eher westliche Dinge, wie: ein gem\u00fctliches Kochen in einer sch\u00f6nen K\u00fcche, mit einem leckeren Glas Wein dazu.<span class=\"Apple-converted-space\">\u00a0<\/span><\/p>\n<p>Oder auch einfach mal durch eine vertraute Umgebung zu gehen, in der man jeden Stein kennt. Und tats\u00e4chlich Kraftsport. Wir haben zwar unser Equipment dabei und sind auch flei\u00dfig, aber ich w\u00fcrde wirklich sehr gerne wieder eine echte Routine im Fitnessstudio haben, mit meinen Eiwei\u00dfshakes und gesunden M\u00fcslis und den sichtbaren Ergebnissen vor dem heimischen Badezimmerspiegel.<\/p>\n<p>Hach ja, wie oberfl\u00e4chlich ich bei Bedarf sein kann \u2013 und nein, das w\u00e4re nie ein Grund, auf eine Weltreise zu verzichten.<\/p>\n<h4>Es gibt Dinge, die wir nicht brauchen<\/h4>\n<p>Das meine ich jetzt gar nicht im \u00fcbertragenen Sinn, sondern ganz praktisch. Einiges von den Sachen, die wir eingepackt haben, haben wir noch kein einziges Mal gebraucht.<span class=\"Apple-converted-space\">\u00a0<\/span><\/p>\n<p>Allerdings liegt das in den meisten F\u00e4llen auch daran, dass wir bislang fast ausschlie\u00dflich in warmen Gegenden unterwegs waren, in denen das Essen noch dazu so g\u00fcnstig ist, so dass wir nicht selbst zu kochen brauchen.<span class=\"Apple-converted-space\">\u00a0<\/span><\/p>\n<p>Deswegen z\u00e4hlen unter anderem dazu: S\u00e4mtliche lange Unterw\u00e4sche, s\u00e4mtliches Kochzubeh\u00f6r inklusive Teller und Besteck, der Wasserfilter, aber auch Dinge wie unsere Schl\u00f6sser, ein bestimmtes Kartenspiel, unsere H\u00fcttenschlafs\u00e4cke.<span class=\"Apple-converted-space\">\u00a0<\/span><\/p>\n<div id=\"attachment_61109\" class=\"wp-caption alignnone\" style=\"max-width: 1034px;\"><img loading=\"lazy\" decoding=\"async\" class=\"size-large wp-image-61109\" src=\"\/wp-content\/uploads\/2023\/02\/img_20230211_114236-1024x731.jpeg\" alt=\"\" width=\"1024\" height=\"731\" \/><span class=\"wp-caption-text\">Lena Lichterbeck und Jan Filipzik in Bangkok &#8211; \u00a9 reisen-ist.jetzt<\/span><\/div>\n<p>Und ein paar Sachen haben wir bislang nur in Ausnahmef\u00e4llen ben\u00f6tigt, konkret als wir in Malaysia in den Bergen waren: Unsere Regenjacken, lange Hosen, Jacken und Pullover. Aber auch das wird sind sich in den kommenden Wochen und Monaten noch \u00e4ndern.<\/p>\n<h4>Man ist nicht automatisch immer gl\u00fccklich<\/h4>\n<p>Die letzte Erkenntnis ist eine Binsenweisheit. Und ich schreibe sie trotzdem auf: Auch auf einer Weltreise ist man nicht automatisch st\u00e4ndig gl\u00fccklich.<span class=\"Apple-converted-space\">\u00a0<\/span><\/p>\n<p>Wenngleich viele Faktoren, die tendenziell zu schlechter Laune f\u00fchren k\u00f6nnen, wegfallen, gibt es immer noch Tage, an denen man einfach genervt aufwacht, sich \u00fcber Dinge \u00e4rgert, schlechte Laune hat, weil die Sonnencreme zu viele Pickel macht, sich den Zeh st\u00f6\u00dft oder mit einer rostigen Kante \u00fcber das Tattoo schrammt, was noch \u00e4rgerlicher ist.<span class=\"Apple-converted-space\">\u00a0<\/span><\/p>\n<p>Ja, eine Weltreise macht nicht zwangsl\u00e4ufig gl\u00fccklich. Aber sie f\u00fchlt sich insgesamt doch viel besser an, als immer den gleichen Alltag zu leben.<\/p>\n<p><strong>Jan Filipzik<span class=\"Apple-converted-space\">\u00a0<\/span><\/strong><\/p>\n<p>21. M\u00e4rz 2023<\/p>\n<h4>In Lenas &amp; Jans Reiseblog \u201ereisen-ist.jetzt \u2013 Unterwegs ist da,\u00a0wo wir sind\u201c finden Sie noch viel mehr Fotos, Infos und Impressionen:<\/h4>\n<p><a href=\"https:\/\/reisen-ist.jetzt\">https:\/\/reisen-ist.jetzt<\/a><\/p>\n<p>&nbsp;<\/p>\n","protected":false},"excerpt":{"rendered":"<p>Sie sind auf dem Weg, sich ihren grossen Traum zu erf\u00fcllen &#8211; die Unternehmensberaterin Lena Lichterbeck und der Berater Jan Filipzik, Ex-Chefredakteur des Wuppertaler Magazins &#8222;talw\u00e4rts&#8220;. Die beiden haben ihre gemeinsame Wohnung aufgegeben und sind unterwegs auf gro\u00dfer Weltreise. Dabei begleiten wir Lena und Jan. Gehen SIE mit auf gro\u00dfe Reise &#8211; wenn SIE m\u00f6gen&#8230;<\/p>\n","protected":false},"author":7,"featured_media":0,"comment_status":"open","ping_status":"open","sticky":false,"template":"","format":"standard","meta":{"footnotes":""},"categories":[25],"tags":[],"class_list":["post-62346","post","type-post","status-publish","format-standard","hentry","category-lifestyle"],"publishpress_future_action":{"enabled":false,"date":"2026-05-05 08:22:26","action":"change-status","newStatus":"draft","terms":[],"taxonomy":"category","extraData":[]},"publishpress_future_workflow_manual_trigger":{"enabledWorkflows":[]},"_links":{"self":[{"href":"https:\/\/www.die-stadtzeitung.de\/index.php\/wp-json\/wp\/v2\/posts\/62346","targetHints":{"allow":["GET"]}}],"collection":[{"href":"https:\/\/www.die-stadtzeitung.de\/index.php\/wp-json\/wp\/v2\/posts"}],"about":[{"href":"https:\/\/www.die-stadtzeitung.de\/index.php\/wp-json\/wp\/v2\/types\/post"}],"author":[{"embeddable":true,"href":"https:\/\/www.die-stadtzeitung.de\/index.php\/wp-json\/wp\/v2\/users\/7"}],"replies":[{"embeddable":true,"href":"https:\/\/www.die-stadtzeitung.de\/index.php\/wp-json\/wp\/v2\/comments?post=62346"}],"version-history":[{"count":4,"href":"https:\/\/www.die-stadtzeitung.de\/index.php\/wp-json\/wp\/v2\/posts\/62346\/revisions"}],"predecessor-version":[{"id":62351,"href":"https:\/\/www.die-stadtzeitung.de\/index.php\/wp-json\/wp\/v2\/posts\/62346\/revisions\/62351"}],"wp:attachment":[{"href":"https:\/\/www.die-stadtzeitung.de\/index.php\/wp-json\/wp\/v2\/media?parent=62346"}],"wp:term":[{"taxonomy":"category","embeddable":true,"href":"https:\/\/www.die-stadtzeitung.de\/index.php\/wp-json\/wp\/v2\/categories?post=62346"},{"taxonomy":"post_tag","embeddable":true,"href":"https:\/\/www.die-stadtzeitung.de\/index.php\/wp-json\/wp\/v2\/tags?post=62346"}],"curies":[{"name":"wp","href":"https:\/\/api.w.org\/{rel}","templated":true}]}}