{"id":62074,"date":"2023-03-16T09:40:07","date_gmt":"2023-03-16T08:40:07","guid":{"rendered":"https:\/\/www.die-stadtzeitung.de\/?p=62074"},"modified":"2023-03-23T20:59:27","modified_gmt":"2023-03-23T19:59:27","slug":"video-clip-zweite-reihe-start-mit-asv-boxen","status":"publish","type":"post","link":"https:\/\/www.die-stadtzeitung.de\/index.php\/2023\/03\/16\/video-clip-zweite-reihe-start-mit-asv-boxen\/","title":{"rendered":"Video-Clip &#8222;ZWEITE REIHE&#8220;: Start mit ASV-Boxen"},"content":{"rendered":"<div id=\"attachment_62075\" class=\"wp-caption alignnone\" style=\"max-width: 1034px;\"><img loading=\"lazy\" decoding=\"async\" class=\"wp-image-62075 size-large\" src=\"\/wp-content\/uploads\/2023\/03\/IMG_7077-2-1024x624.jpg\" alt=\"\" width=\"1024\" height=\"624\" \/><span class=\"wp-caption-text\">ASV-Box-Trainer Kevin G\u00fcnther im Video-Clip &#8222;ZWETE REIHE &#8211; Randsport im Tal&#8220; &#8211; \u00a9 Screenshot Paul Coon<\/span><\/div>\n<p>Es riecht noch nach neuer Farbe im rennovierten Trainingszentrum des ASV Wuppertal am Sedansberg. Vieles erinnert noch an die glorreichen alten Zeiten des ASV. Der erfolgreiche und ehrgeizige Trainer Kevin G\u00fcnther m\u00f6chte an die erfolgreichen Jahre der Wuppertaler Boxabteilung ankn\u00fcpfen. Und er hat daf\u00fcr genau das richtige H\u00e4ndchen &#8211; oder muss man sagen, die richtige Faust?.<\/p>\n<p>Kevin G\u00fcnther, der ebenso wie Profi Martin Houben als Protagonist im Video-Clip &#8222;ZWEITE REIHE&#8220; zu Wort kommt, hat massgeblichen Anteil am Aufstieg des Wuppertaler Profiboxers Cenzo Gualtieri. Immer, wenn er mal in Wuppertal ist, absolviert er noch ein paar Traingseinheiten mit Kevin G\u00fcnter, seinem fr\u00fcheren Trainer. Brandhei\u00dfe News: Innerhalb der n\u00e4chsten 120 Tage wird Cenzo um den Weltmeister-Titel boxen.<\/p>\n<p><iframe loading=\"lazy\" title=\"YouTube video player\" src=\"https:\/\/www.youtube.com\/embed\/51yZFv_RvBU\" width=\"560\" height=\"315\" frameborder=\"0\" allowfullscreen=\"allowfullscreen\"><\/iframe><\/p>\n<p>Auch Martin Houben f\u00fchlt sich unter den Fittichen von Kevin G\u00fcnther bestens aufgehoben. Wie der Profi die Zusammenarbeit mit seinem Trainer Kevin G\u00fcnther sieht, erfahren Sie im Video-Clip.<\/p>\n<p>Soviel sei verraten: Martin Houben m\u00f6chte noch in diesem Jahr um die Deutsche Meisterschaft k\u00e4mpfen.<span class=\"Apple-converted-space\">\u00a0<\/span><\/p>\n<p>Aber nicht nur die Profis, die in den Ring steigen, um Meisterschaften und G\u00fcrtel zu erringen, liegen Kevin G\u00fcnther am Herzen, auch diejenigen, die Boxtraining nur als Ausgleichssort oder Hobby sehen.<span class=\"Apple-converted-space\">\u00a0<\/span><\/p>\n<p>Er sieht sich auch als so eine Art Sozialarbeiter, der Kinder und Jugendliche von der Stra\u00dfe holen m\u00f6chte, um ihnen \u00fcber den Sport wichtige Werte wie Kameradschaft, Fairness, Zuverl\u00e4ssigkeit zu vermitteln.<\/p>\n<div id=\"attachment_62077\" class=\"wp-caption alignnone\" style=\"max-width: 1034px;\"><img loading=\"lazy\" decoding=\"async\" class=\"wp-image-62077 size-large\" src=\"\/wp-content\/uploads\/2023\/03\/IMG_7076-3-1024x562.jpg\" alt=\"\" width=\"1024\" height=\"562\" \/><span class=\"wp-caption-text\">Profiboxer Martin Houben &#8211; \u00a9 Screenshot Paul Coon<\/span><\/div>\n<p>&#8222;Projekt 2.0 &#8211; Sport + Sozialarbeit&#8220; nennt er die Initiative, die er gemeinsam mit ASV-Box-Abteilungsleiter Andr\u00e9 Vogel ud Manager Stefan G\u00f6rlitz entwickelt hat.<span class=\"Apple-converted-space\">\u00a0<\/span><\/p>\n<p>Viel Spa\u00df beim Anschauen des Video-Clips &#8222;ZWEITE REIHE &#8211; Randsport im Tal&#8220; \u00fcber die Boxabteiung des ASV Wuppertal.<\/p>\n<p>Die &#8222;ZWEITE REIHE&#8220; wird pr\u00e4sentiert von njuuz &#8211; TalTV<span class=\"Apple-converted-space\">\u00a0 <\/span>&#8211; DIE STADTZEITUNG.<\/p>\n<p><strong>Link zu Cenzo Gualtieri:<\/strong><\/p>\n<p><a href=\"https:\/\/www.agon-sports.com\/news-details\/vincenzo-gualtieri-erhaelt-wm-chance.html\">https:\/\/www.agon-sports.com\/news-details\/vincenzo-gualtieri-erhaelt-wm-chance.html<\/a><\/p>\n<p><strong>Link zur Homepage von Stefan Gottschalk:<\/strong><\/p>\n<p><a href=\"http:\/\/www.mediabel.de\">http:\/\/www.mediabel.de<\/a><\/p>\n<p><strong>Link zur Homepage der ASV-Box-Abteilung:<\/strong><\/p>\n<p><a href=\"http:\/\/www.asv-wuppertal-boxen.de\">http:\/\/www.asv-wuppertal-boxen.de<\/a><\/p>\n","protected":false},"excerpt":{"rendered":"<p>Heute starten wir mit unserer neuen Videoreihe &#8222;ZWEITE REIHE &#8211; Randsport im Tal&#8220;. Filmemacher Stefan Gottschalk (Mediabel) ist f\u00fcr uns mit der Kamera unterwegs und stellt Sportarten in den Fokus, die sonst nicht im Rampenlicht stehen. In der ersten Folge der &#8222;ZWEITEN REIHE&#8220; besucht er die Boxabteilung des ASV Wuppertal.<\/p>\n","protected":false},"author":7,"featured_media":0,"comment_status":"open","ping_status":"open","sticky":false,"template":"","format":"standard","meta":{"footnotes":""},"categories":[20],"tags":[],"class_list":["post-62074","post","type-post","status-publish","format-standard","hentry","category-sport"],"publishpress_future_action":{"enabled":false,"date":"2026-05-07 07:30:26","action":"change-status","newStatus":"draft","terms":[],"taxonomy":"category","extraData":[]},"publishpress_future_workflow_manual_trigger":{"enabledWorkflows":[]},"_links":{"self":[{"href":"https:\/\/www.die-stadtzeitung.de\/index.php\/wp-json\/wp\/v2\/posts\/62074","targetHints":{"allow":["GET"]}}],"collection":[{"href":"https:\/\/www.die-stadtzeitung.de\/index.php\/wp-json\/wp\/v2\/posts"}],"about":[{"href":"https:\/\/www.die-stadtzeitung.de\/index.php\/wp-json\/wp\/v2\/types\/post"}],"author":[{"embeddable":true,"href":"https:\/\/www.die-stadtzeitung.de\/index.php\/wp-json\/wp\/v2\/users\/7"}],"replies":[{"embeddable":true,"href":"https:\/\/www.die-stadtzeitung.de\/index.php\/wp-json\/wp\/v2\/comments?post=62074"}],"version-history":[{"count":12,"href":"https:\/\/www.die-stadtzeitung.de\/index.php\/wp-json\/wp\/v2\/posts\/62074\/revisions"}],"predecessor-version":[{"id":62123,"href":"https:\/\/www.die-stadtzeitung.de\/index.php\/wp-json\/wp\/v2\/posts\/62074\/revisions\/62123"}],"wp:attachment":[{"href":"https:\/\/www.die-stadtzeitung.de\/index.php\/wp-json\/wp\/v2\/media?parent=62074"}],"wp:term":[{"taxonomy":"category","embeddable":true,"href":"https:\/\/www.die-stadtzeitung.de\/index.php\/wp-json\/wp\/v2\/categories?post=62074"},{"taxonomy":"post_tag","embeddable":true,"href":"https:\/\/www.die-stadtzeitung.de\/index.php\/wp-json\/wp\/v2\/tags?post=62074"}],"curies":[{"name":"wp","href":"https:\/\/api.w.org\/{rel}","templated":true}]}}