{"id":61740,"date":"2023-03-10T10:28:11","date_gmt":"2023-03-10T09:28:11","guid":{"rendered":"https:\/\/www.die-stadtzeitung.de\/?p=61740"},"modified":"2023-03-14T10:25:33","modified_gmt":"2023-03-14T09:25:33","slug":"31-in-lippstadt-wsv-wieder-in-erfolgsspur","status":"publish","type":"post","link":"https:\/\/www.die-stadtzeitung.de\/index.php\/2023\/03\/10\/31-in-lippstadt-wsv-wieder-in-erfolgsspur\/","title":{"rendered":"3:1 in Lippstadt &#8211; WSV wieder in Erfolgsspur"},"content":{"rendered":"<div id=\"attachment_61743\" class=\"wp-caption alignnone\" style=\"max-width: 1034px;\"><img loading=\"lazy\" decoding=\"async\" class=\"size-large wp-image-61743\" src=\"\/wp-content\/uploads\/2023\/03\/Bild-12.03.23-um-09.49-2-1024x686.jpg\" alt=\"\" width=\"1024\" height=\"686\" \/><span class=\"wp-caption-text\">Brachte mit seiner Mannschaft einen Sieg aus Lippstadt mit: WSV-Cheftraiiner H\u00fczeyfe Dogan &#8211; \u00a9 Wuppertaler SV<\/span><\/div>\n<p>Die G\u00e4ste \u00fcbernahmen sofort das Kommando und wurden bereits in der 13. Minute belohnt. Innenverteidiger Lion Schweers schraubte sich nach einem Eckball hoch und erzielte per Kopfball das 1:0 (13.).<\/p>\n<p>Die Lippstst\u00e4dter taten sich schwer, Torchancen zu kreieren. Und die Wuppertaler begn\u00fcgten sich damit, den knappen aber verdienten Vorsprung in die Halbzeitpause zu schaukeln.<\/p>\n<p>Lippstadt kam nach dem Wechsel besser ins Spiel. Und dennoch half der WSV beim 1:1-Ausgleich in der 53. Minute kr\u00e4ftig mit. Die Wuppertaler leisteten sich einen Fehlpass im eigenen Strafraum. Seung Won Lee lie\u00df sich dieses Geschenk nicht entgehen.<\/p>\n<p>Doch jetzt ergriff der Wuppertaler SV wieder die Initiative. In der 68. Minute gelang Philipp Hanke die erneute F\u00fchrung f\u00fcr den WSV. Die Vorentscheidung. In der Nachspielzeit machte Roman Prokoph mit seinem Treffer zum 3:1 f\u00fcr den WSV den Sack endg\u00fcltig zu.<\/p>\n<h4>SV Lippstadt 08 &#8211; Wuppertaler SV 1:3 (o.1)<\/h4>\n<p><strong>Aufstellung des Wuppertaler SV:<\/strong><\/p>\n<p>Patzler &#8211; Montag &#8211; Demming (72. Prokoph) &#8211; Hagemann (90. Henke) &#8211; G\u00fcler &#8211; Hanke &#8211; Peitz &#8211; Salau &#8211; B. M\u00fcller &#8211; Schweers &#8211; Peitz \u00a0(90. Multari)<\/p>\n<p><strong>Tore:<\/strong> 0:1 Schweers (13.) &#8211; 1: 1 Lee (53.) &#8211; 1:2 Hanke (68.) &#8211; 1:3 Prokoph (90.)<\/p>\n<p><strong>Zuschauer:<\/strong> 513<\/p>\n<p>&nbsp;<\/p>\n<p>&nbsp;<\/p>\n<p>&nbsp;<\/p>\n","protected":false},"excerpt":{"rendered":"<p>Mit einem 3:1 (1:0)-Erfolg beim SV Lippstadt 08 meldet sich Regionalligist Wuppertaler SV nach einer Sieglos-Serie zur\u00fcck in der Erfolgspur. Trainer H\u00fczeyfe Dogan war sichtbar erleichtert \u00fcber den Ausw\u00e4rtssieg. In der abgelaufenen Woche hatte er seinen.Vertag beim WSV verl\u00e4ngert. Mit 47 Punkten belegen Hagemann &#038; Co. den dritten Tabellenplatz &#8211; hinter Preussen M\u00fcnster (59) und Borussia M\u00f6nchengladbach U23 (48).<\/p>\n","protected":false},"author":7,"featured_media":0,"comment_status":"open","ping_status":"open","sticky":false,"template":"","format":"standard","meta":{"footnotes":""},"categories":[20],"tags":[],"class_list":["post-61740","post","type-post","status-publish","format-standard","hentry","category-sport"],"publishpress_future_action":{"enabled":false,"date":"2026-05-08 15:33:07","action":"change-status","newStatus":"draft","terms":[],"taxonomy":"category","extraData":[]},"publishpress_future_workflow_manual_trigger":{"enabledWorkflows":[]},"_links":{"self":[{"href":"https:\/\/www.die-stadtzeitung.de\/index.php\/wp-json\/wp\/v2\/posts\/61740","targetHints":{"allow":["GET"]}}],"collection":[{"href":"https:\/\/www.die-stadtzeitung.de\/index.php\/wp-json\/wp\/v2\/posts"}],"about":[{"href":"https:\/\/www.die-stadtzeitung.de\/index.php\/wp-json\/wp\/v2\/types\/post"}],"author":[{"embeddable":true,"href":"https:\/\/www.die-stadtzeitung.de\/index.php\/wp-json\/wp\/v2\/users\/7"}],"replies":[{"embeddable":true,"href":"https:\/\/www.die-stadtzeitung.de\/index.php\/wp-json\/wp\/v2\/comments?post=61740"}],"version-history":[{"count":3,"href":"https:\/\/www.die-stadtzeitung.de\/index.php\/wp-json\/wp\/v2\/posts\/61740\/revisions"}],"predecessor-version":[{"id":61744,"href":"https:\/\/www.die-stadtzeitung.de\/index.php\/wp-json\/wp\/v2\/posts\/61740\/revisions\/61744"}],"wp:attachment":[{"href":"https:\/\/www.die-stadtzeitung.de\/index.php\/wp-json\/wp\/v2\/media?parent=61740"}],"wp:term":[{"taxonomy":"category","embeddable":true,"href":"https:\/\/www.die-stadtzeitung.de\/index.php\/wp-json\/wp\/v2\/categories?post=61740"},{"taxonomy":"post_tag","embeddable":true,"href":"https:\/\/www.die-stadtzeitung.de\/index.php\/wp-json\/wp\/v2\/tags?post=61740"}],"curies":[{"name":"wp","href":"https:\/\/api.w.org\/{rel}","templated":true}]}}