{"id":61504,"date":"2023-03-11T23:44:15","date_gmt":"2023-03-11T22:44:15","guid":{"rendered":"https:\/\/www.die-stadtzeitung.de\/?p=61504"},"modified":"2023-03-14T10:26:21","modified_gmt":"2023-03-14T09:26:21","slug":"jaana-caspary-kuenstlerisches-heimspiel-im-skulpturenpark","status":"publish","type":"post","link":"https:\/\/www.die-stadtzeitung.de\/index.php\/2023\/03\/11\/jaana-caspary-kuenstlerisches-heimspiel-im-skulpturenpark\/","title":{"rendered":"Jaana Caspary: K\u00fcnstlerisches Heimspiel im Skulpturenpark"},"content":{"rendered":"<div id=\"attachment_61508\" class=\"wp-caption alignnone\" style=\"max-width: 1034px;\"><img loading=\"lazy\" decoding=\"async\" class=\"wp-image-61508 size-large\" src=\"\/wp-content\/uploads\/2023\/03\/3964-2-1024x682.jpg\" alt=\"\" width=\"1024\" height=\"682\" \/><span class=\"wp-caption-text\">Tony Cragg und Jaana Caspary vor ihrer Skulptur &#8222;upside down&#8220; im Au\u00dfenbereich des Skulpturenparks Waldfrieden &#8211; \u00a9 Ralf Silberkuhl<\/span><\/div>\n<p>Hier pr\u00e4sentiert die Sch\u00fclerin von Tony Cragg mit ihre Gro\u00df- und Kleinplastiken sowie Zeichnungen, die in Beziehung zu ihrem bildhauerischen Werk stehen, beschreibt und in Korrespondenz mit dem Naturraum des Skulpturenparks bringt.<\/p>\n<p>Darunter im Au\u00dfenraum auch Jaana Casparys Skulptur\u00a0&#8222;upside down&#8220; (2022), die von der Cragg-Foundation erworben wurde. Heute f\u00fchrten eine bestens gelaunte K\u00fcnsterlinJaana Xaspary und ein ebenso gut gelaunter Hausherr Tomy Cragg Journalisten beim obligatorischen Presserundgang durch die faszinierende Ausstellung, die offiziell am Samstag (04.03.) beginnt und bis zum 06. August l\u00e4uft.<\/p>\n<div id=\"attachment_61509\" class=\"wp-caption alignnone\" style=\"max-width: 610px;\"><img loading=\"lazy\" decoding=\"async\" class=\"wp-image-61509\" src=\"\/wp-content\/uploads\/2023\/03\/3915-1024x683.jpg\" alt=\"\" width=\"600\" height=\"400\" \/><span class=\"wp-caption-text\">Jaana Caspary zwischen ihren Werken &#8211; \u00a9 Ralf Silberkuhl<\/span><\/div>\n<p>In der Ank\u00fcndigung heisst es: &#8222;Die Skulpturen von Jaana Caspary referieren auf die Reproduzierbarkeit von Objekten: indem sie aus dem allt\u00e4glichen Gebrauch \u00fcberlieferte Formen wiederholen oder verdoppeln, vergegenw\u00e4rtigen sie Riten des Konsums, doch bannen diese zugleich in mitunter hochwertigsten Materialien. In Bronze gegossen oder aus Marmor herausgearbeitet beschreiben Casparys Plastiken in ihrer Abstraktion \u00e4sthetische Eigenwelten, die zu einer autonomen Bezugnahme zwischen sich und der uns umgebenden Umwelt herausfordern.&#8220;<\/p>\n<div id=\"attachment_61511\" class=\"wp-caption alignnone\" style=\"max-width: 609px;\"><img loading=\"lazy\" decoding=\"async\" class=\"wp-image-61511\" src=\"\/wp-content\/uploads\/2023\/03\/4058-2-803x1024.jpg\" alt=\"\" width=\"599\" height=\"764\" \/><span class=\"wp-caption-text\">Freuen sich auf viele kunstinteressierte Besucher f\u00fcr die mehr als sehenswerte Ausstellung: Jaana Caspary und Tony Cragg &#8211; \u00a9 Ralf Silberkuhl<\/span><\/div>\n<p><strong>Ausstellung<\/strong><\/p>\n<h4>&#8222;ebenda&#8220;<\/h4>\n<p><strong>Jaana Caspary<\/strong><\/p>\n<p>04.03. &#8211; 06.08.2023<\/p>\n<p>Skulpturenpark Waldfrieden<\/p>\n<p>Hirschstra\u00dfe 12 &#8211; 42285 Wuppertal<\/p>\n<p><strong>Link zur Homepage des Skulpturenparks Waldfrieden:<\/strong><br \/>\n<a href=\"https:\/\/re-book.us6.list-manage.com\/track\/click?u=d114e0e456c9da69c8439be20&amp;id=2b16a8df65&amp;e=1b8e27c571\">skulpturenpark-waldfrieden.de<\/a><\/p>\n<p><strong>Link zur Homepage von Jaana Caspary:_<\/strong><\/p>\n<p><a href=\"http:\/\/www.jaana-caspary.de\">http:\/\/www.jaana-caspary.de<\/a><\/p>\n","protected":false},"excerpt":{"rendered":"<p>Unter dem Titel\u00a0&#8222;ebenda&#8220; (gerade dort) pr\u00e4sentiert Jaana Caspary\u00a0ihre Einzelausstellung im Skulpturenpark Waldfrieden. Das Freilicht-Kunstmuseum des weltber\u00fchmten Bildhauers Tony Cragg ist f\u00fcr die 1988 in Wuppertal geborene K\u00fcnstlerin\u00a0seit vielen Jahren ein vertrauter Ort. Die Ausstellung ist f\u00fcr so etwas, wie ein k\u00fcnstlerisches Heimspiel.<\/p>\n","protected":false},"author":7,"featured_media":0,"comment_status":"open","ping_status":"open","sticky":false,"template":"","format":"standard","meta":{"footnotes":""},"categories":[29],"tags":[],"class_list":["post-61504","post","type-post","status-publish","format-standard","hentry","category-kultur"],"publishpress_future_action":{"enabled":false,"date":"2026-05-09 00:02:01","action":"change-status","newStatus":"draft","terms":[],"taxonomy":"category","extraData":[]},"publishpress_future_workflow_manual_trigger":{"enabledWorkflows":[]},"_links":{"self":[{"href":"https:\/\/www.die-stadtzeitung.de\/index.php\/wp-json\/wp\/v2\/posts\/61504","targetHints":{"allow":["GET"]}}],"collection":[{"href":"https:\/\/www.die-stadtzeitung.de\/index.php\/wp-json\/wp\/v2\/posts"}],"about":[{"href":"https:\/\/www.die-stadtzeitung.de\/index.php\/wp-json\/wp\/v2\/types\/post"}],"author":[{"embeddable":true,"href":"https:\/\/www.die-stadtzeitung.de\/index.php\/wp-json\/wp\/v2\/users\/7"}],"replies":[{"embeddable":true,"href":"https:\/\/www.die-stadtzeitung.de\/index.php\/wp-json\/wp\/v2\/comments?post=61504"}],"version-history":[{"count":4,"href":"https:\/\/www.die-stadtzeitung.de\/index.php\/wp-json\/wp\/v2\/posts\/61504\/revisions"}],"predecessor-version":[{"id":61512,"href":"https:\/\/www.die-stadtzeitung.de\/index.php\/wp-json\/wp\/v2\/posts\/61504\/revisions\/61512"}],"wp:attachment":[{"href":"https:\/\/www.die-stadtzeitung.de\/index.php\/wp-json\/wp\/v2\/media?parent=61504"}],"wp:term":[{"taxonomy":"category","embeddable":true,"href":"https:\/\/www.die-stadtzeitung.de\/index.php\/wp-json\/wp\/v2\/categories?post=61504"},{"taxonomy":"post_tag","embeddable":true,"href":"https:\/\/www.die-stadtzeitung.de\/index.php\/wp-json\/wp\/v2\/tags?post=61504"}],"curies":[{"name":"wp","href":"https:\/\/api.w.org\/{rel}","templated":true}]}}