{"id":61469,"date":"2023-03-01T12:13:05","date_gmt":"2023-03-01T11:13:05","guid":{"rendered":"https:\/\/www.die-stadtzeitung.de\/?p=61469"},"modified":"2023-03-01T12:13:05","modified_gmt":"2023-03-01T11:13:05","slug":"charles-petersohn-humanity-wird-neu-veroeffentlicht","status":"publish","type":"post","link":"https:\/\/www.die-stadtzeitung.de\/index.php\/2023\/03\/01\/charles-petersohn-humanity-wird-neu-veroeffentlicht\/","title":{"rendered":"Charles Petersohn: &#8222;Humanity&#8220; wird neu ver\u00f6ffentlicht"},"content":{"rendered":"<div id=\"attachment_43782\" class=\"wp-caption alignnone\" style=\"max-width: 1034px;\"><img loading=\"lazy\" decoding=\"async\" class=\"size-large wp-image-43782\" src=\"\/wp-content\/uploads\/2021\/11\/charles.petersohn-osswald-fotografie-2-1024x721.jpg\" alt=\"\" width=\"1024\" height=\"721\" \/><span class=\"wp-caption-text\">Musiker &amp; Komponist Charles Petersohn &#8211;\u00a0\u00a9 Bettina Osswald<\/span><\/div>\n<p>&#8222;Vor beinahe 30 Jahren hat meine Plattenfirma JARO in Bremen mein\/unser zweites Album &#8222;aspects&#8220; ver\u00f6ffentlicht. Die Vorabsingle damals war A-Seite &#8222;Humanity&#8220;, B-Seite &#8222;Sele\u00e7\u00e3o&#8220;. Mit &#8222;Sele\u00e7\u00e3o&#8220; landeten wir im Sommer auf Platz 2 in den Schweizer Clubcharts (Z\u00fcrich war nach London, Amsterdam und Paris der Club-Music Hotspot in diesen Jahren).<\/p>\n<p>Das ZDF Sportstudio wollte uns als Live-Act buchen. Da die DFB Elf bei der Fu\u00dfball WM 1994 in den USA vorzeitig ausschied und das Finale Italien:Brasilien hie\u00df, war es leider unm\u00f6glich, einen Deutschen Act als finale K\u00fcnstlergruppe zu pr\u00e4sentieren.<\/p>\n<p>Schade! Von &#8222;Humanity&#8220; h\u00f6rte man nicht so viel. Zu viel Jazz, zu wenig Pop und Glamour. Eigentlich war es sogar besser und reifer, als der &#8222;Hit&#8220; unseres ersten Albums C-Funk &#8222;Mother Father Sister Brother&#8220;. Aber &#8211; zu wenig Glanz.<\/p>\n<h4>Ein Comeback nach 29 Jahren<\/h4>\n<p>Jetzt, 29 Jahre sp\u00e4ter, nun \u00fcberraschend das Humanity Comeback. Wie kommt&#8217;s?<\/p>\n<p>Beim &#8222;Unterdings&#8220; im &#8222;KuKuNa&#8220;, dem K\u00fcnstlertreff des Fachdienstes f\u00fcr Integration und Migration,\u00a0leiste ich als Gastgeber dieser Treffen, wann immer m\u00f6glich und sinnvoll, auch einen k\u00fcnstlerischen Beitrag. Letzten Sonntag waren der katalanische K\u00fcnstler und Friedensforscher Andreu Ginestet und Frank N bei uns zu Gast.<\/p>\n<p>Bei der Frage, was ich selbst zum Thema Kunst und Frieden beitragen k\u00f6nnte, fiel mir das Video von eben diesem Song wieder ein. Gedreht in Wroclaw (Polen) und Wupperttal, obendrein mit tamilischen Asylantenkindern, die mit ihren Familien in einer Asylunterkunft in einem Lagerhaus in Unterbarmen wohnten.<\/p>\n<p>Der Filmemacher Michael Baudenbacher hat dieses Video vielschichtig und spannend inszeniert. Beim ersten Wiedersehen war ich total gefesselt von der Qualit\u00e4t und Aktualit\u00e4t des Songs und eben dieser Bilder. Damit habe ich nicht gerechnet. Zu lang her!<\/p>\n<p>Ich schickte das Video an Labelchef Uli Bal\u00df. Der sagte sofort zu, es als Special Edition neu zu ver\u00f6ffentlichen. Heute ist es &#8222;\u00fcberall&#8220; erschienen. Als Stream bei <a href=\"https:\/\/www.youtube.com\/watch?v=gouVoQJBTWU\">YOUTUBE<\/a>\u00a0und\u00a0\u00a0<a href=\"https:\/\/open.spotify.com\/album\/7xC16LV8kYRwRckZeOuytG\">SPOTIFY<\/a>, als Free Download (bis Samstag 4.3.) bei <a href=\"https:\/\/hypeddit.com\/charles\/humanity-1\">JARO<\/a>. Bei JARO kann man auch die CD der Maxi-Single kaufen. Ich habe noch einige 12 &#8220; Platten.<\/p>\n<p>Mal schauen, wie &#8222;die Welt&#8220; auf den Song reagiert. Mit gro\u00dfer Freude und mit Dank an Uli Bal\u00df blicke ich musikalisch ausnahmsweise mal nicht nach vorne, sondern zur\u00fcck. Back to the future!<\/p>\n<p>Viel Spa\u00df beim Reinh\u00f6ren und Reinschauen!&#8220;<\/p>\n<p><strong>Euer Charles Petersohn<\/strong><\/p>\n","protected":false},"excerpt":{"rendered":"<p>Charles Petersohn, Musiker, Komponist, DJ, Moderator, l\u00e4sst seine Fans in seiner Kolumne regelm\u00e4ssig an seiner k\u00fcnstlerischen und musikalischen Gef\u00fchlswelt teilhaben. Und er macht auch auf Veranstaltungen aufmerksam, bei denen er oder seine Musik-Kolleginnen und -Kollegen f\u00fcr das coole Feeling und den Groove sorgen.<\/p>\n","protected":false},"author":7,"featured_media":0,"comment_status":"open","ping_status":"open","sticky":false,"template":"","format":"standard","meta":{"footnotes":""},"categories":[29],"tags":[],"class_list":["post-61469","post","type-post","status-publish","format-standard","hentry","category-kultur"],"publishpress_future_action":{"enabled":false,"date":"2026-05-06 16:25:10","action":"change-status","newStatus":"draft","terms":[],"taxonomy":"category","extraData":[]},"publishpress_future_workflow_manual_trigger":{"enabledWorkflows":[]},"_links":{"self":[{"href":"https:\/\/www.die-stadtzeitung.de\/index.php\/wp-json\/wp\/v2\/posts\/61469","targetHints":{"allow":["GET"]}}],"collection":[{"href":"https:\/\/www.die-stadtzeitung.de\/index.php\/wp-json\/wp\/v2\/posts"}],"about":[{"href":"https:\/\/www.die-stadtzeitung.de\/index.php\/wp-json\/wp\/v2\/types\/post"}],"author":[{"embeddable":true,"href":"https:\/\/www.die-stadtzeitung.de\/index.php\/wp-json\/wp\/v2\/users\/7"}],"replies":[{"embeddable":true,"href":"https:\/\/www.die-stadtzeitung.de\/index.php\/wp-json\/wp\/v2\/comments?post=61469"}],"version-history":[{"count":5,"href":"https:\/\/www.die-stadtzeitung.de\/index.php\/wp-json\/wp\/v2\/posts\/61469\/revisions"}],"predecessor-version":[{"id":61475,"href":"https:\/\/www.die-stadtzeitung.de\/index.php\/wp-json\/wp\/v2\/posts\/61469\/revisions\/61475"}],"wp:attachment":[{"href":"https:\/\/www.die-stadtzeitung.de\/index.php\/wp-json\/wp\/v2\/media?parent=61469"}],"wp:term":[{"taxonomy":"category","embeddable":true,"href":"https:\/\/www.die-stadtzeitung.de\/index.php\/wp-json\/wp\/v2\/categories?post=61469"},{"taxonomy":"post_tag","embeddable":true,"href":"https:\/\/www.die-stadtzeitung.de\/index.php\/wp-json\/wp\/v2\/tags?post=61469"}],"curies":[{"name":"wp","href":"https:\/\/api.w.org\/{rel}","templated":true}]}}