{"id":61087,"date":"2023-02-12T14:17:08","date_gmt":"2023-02-12T13:17:08","guid":{"rendered":"https:\/\/www.die-stadtzeitung.de\/?p=61087"},"modified":"2023-02-19T13:07:38","modified_gmt":"2023-02-19T12:07:38","slug":"bhc-zieht-transfer-von-elias-scholtes-vor","status":"publish","type":"post","link":"https:\/\/www.die-stadtzeitung.de\/index.php\/2023\/02\/12\/bhc-zieht-transfer-von-elias-scholtes-vor\/","title":{"rendered":"BHC zieht Transfer von Elias Scholtes vor"},"content":{"rendered":"<div id=\"attachment_45527\" class=\"wp-caption alignnone\" style=\"max-width: 1034px;\"><img loading=\"lazy\" decoding=\"async\" class=\"size-large wp-image-45527\" src=\"\/wp-content\/uploads\/2021\/10\/Joerg-Foeste-1-2-1024x890.jpg\" alt=\"\" width=\"1024\" height=\"890\" \/><span class=\"wp-caption-text\">BHC-Gesch\u00e4ftsf\u00fchrer J\u00f6rg F\u00f6ste freut sich \u00fcber zwei talentierte Neuzug\u00e4nge &#8211; \u00a9 Kurt Kosler<\/span><\/div>\n<p>\u201eWir sind den Rhein-Neckar L\u00f6wen und insbesondere den Jungl\u00f6wen dankbar, dass sie diesen Wechsel m\u00f6glich gemacht haben und freuen uns sehr, Elias ab sofort zu unserem Profi-Kader z\u00e4hlen zu k\u00f6nnen\u201c, sagt BHC-Gesch\u00e4ftsf\u00fchrer J\u00f6rg F\u00f6ste.<\/p>\n<p>Elias Scholtes ist als geb\u00fcrtiger Bruchsaler ein Kind der Rhein-Neckar-Region. Bei den Jungl\u00f6wen durchlief er s\u00e4mtliche Jahrgangsstufen, ehe er im M\u00e4rz 2022 seinen ersten Profi-Vertrag bei den L\u00f6wen unterschrieb.<span class=\"Apple-converted-space\">\u00a0<\/span><\/p>\n<p>Sein Profi-Deb\u00fct hatte er bereits zuvor gegeben, im Februar 2021 beim European-League-Spiel gegen die Kadetten Schaffhausen.<\/p>\n<h4>Auch Aron Sensing kommt<\/h4>\n<div class=\"page\" title=\"Page 1\">\n<div class=\"layoutArea\">\n<div class=\"column\">\n<p>Der Bergische HC hat gleich zwei Spieler aus dem aktuellen U21-Kader des Deutschen Handballbundes verpflichtet. Mit Elias Scholtes, der sofort von den Rhein-Neckar Lo\u0308wen kommt, wird Aron Seesing vom TSV Bayer Dormagen wechselt im Sommer 2023 in Bergische Land. Beide unterschrieben einen Vertrag bis zum 30. Juni 2026.<\/p>\n<p>Elias Scholtes (Ru\u0308ckraum rechts) und Aron Seesing (Kreis) za\u0308hlen auf ihren Positionen zu den gro\u0308\u00dften Talenten im 2003-er Jahrgang des Deutschen Handballbundes, der von Martin Heuberger und Klaus-Dieter Petersen trainiert wird.<\/p>\n<p>Der Linksha\u0308nder Scholtes strahlt mit seiner immensen Wurfgewalt eine stetige Torgefahr aus und konnte sich mit unermu\u0308dlichem Einsatz und Kampf bereits einen Platz im erweiterten Kreis der Profimannschaft der Rhein-Neckar Lo\u0308wen sichern. Zuletzt machte Scholtes im Sommer 2022 bei der U20-Europameisterschaft in Portugal auf sich aufmerksam, als er mit seinen zehn Toren gegen Island im letzten Vorrundenspiel ma\u00dfgeblichen Anteil am Einzug in die EM-Hauptrunde hatte.<\/p>\n<p>Aron Seesing, der im Jahr 2021 seinen ersten Profivertrag beim TSV Bayer Dormagen unterschieb, mit der A-Jugend im Finale der Deutschen Meisterschaft stand und bei der U19- Europameisterschaft in Kroatien die Goldmedaille gewann, wurde im vergangenen Jahr bei der Sportlerehrung der Stadt Dormagen als Sportler des Jahres ausgezeichnet. In der aktuell laufenden Zweitligasaison konnte Seesing in 16 absolvierten Partien insgesamt 42 Tore von der Kreisposition erzielen.<\/p>\n<p>Die Verpflichtung der deutschen Junioren-Nationalspieler reiht sich in die Personalstrategie des Bergischen HC ein, den Fokus auf eine vorrangig deutsch-skandinavische Kaderbildung zu legen. Zudem schreibt dies die Tradition des Bergischen HC fort, die Entwicklung hoffnungsvoller Nachwuchsspieler wie Patrick Wiencek, Hendrik Pekeler, Fabian Bo\u0308hm, Alexander Weck, Yannick Fraatz, Lukas Stutzke, Tom Bergner, Noah Beyer und Tim Nothdurft voranzutreiben.<\/p>\n<\/div>\n<\/div>\n<\/div>\n<p>&nbsp;<\/p>\n","protected":false},"excerpt":{"rendered":"<p>Elias Scholtes wechselt mit sofortiger Wirkung zum Bergischen HC. Mitte Januar war der Transfer des Linksh\u00e4nders zur kommenden Saison vermeldet worden. Nun haben sich die Rhein-Neckar L\u00f6wen und die Bergischen L\u00f6wen bereits auf einen vorzeitigen Transfer geeinigt. Auch Aron Sensing (TSV Bayer Dormagen) kommt. <\/p>\n","protected":false},"author":7,"featured_media":0,"comment_status":"open","ping_status":"open","sticky":false,"template":"","format":"standard","meta":{"footnotes":""},"categories":[20],"tags":[],"class_list":["post-61087","post","type-post","status-publish","format-standard","hentry","category-sport"],"publishpress_future_action":{"enabled":false,"date":"2026-05-04 22:34:10","action":"change-status","newStatus":"draft","terms":[],"taxonomy":"category","extraData":[]},"publishpress_future_workflow_manual_trigger":{"enabledWorkflows":[]},"_links":{"self":[{"href":"https:\/\/www.die-stadtzeitung.de\/index.php\/wp-json\/wp\/v2\/posts\/61087","targetHints":{"allow":["GET"]}}],"collection":[{"href":"https:\/\/www.die-stadtzeitung.de\/index.php\/wp-json\/wp\/v2\/posts"}],"about":[{"href":"https:\/\/www.die-stadtzeitung.de\/index.php\/wp-json\/wp\/v2\/types\/post"}],"author":[{"embeddable":true,"href":"https:\/\/www.die-stadtzeitung.de\/index.php\/wp-json\/wp\/v2\/users\/7"}],"replies":[{"embeddable":true,"href":"https:\/\/www.die-stadtzeitung.de\/index.php\/wp-json\/wp\/v2\/comments?post=61087"}],"version-history":[{"count":2,"href":"https:\/\/www.die-stadtzeitung.de\/index.php\/wp-json\/wp\/v2\/posts\/61087\/revisions"}],"predecessor-version":[{"id":61091,"href":"https:\/\/www.die-stadtzeitung.de\/index.php\/wp-json\/wp\/v2\/posts\/61087\/revisions\/61091"}],"wp:attachment":[{"href":"https:\/\/www.die-stadtzeitung.de\/index.php\/wp-json\/wp\/v2\/media?parent=61087"}],"wp:term":[{"taxonomy":"category","embeddable":true,"href":"https:\/\/www.die-stadtzeitung.de\/index.php\/wp-json\/wp\/v2\/categories?post=61087"},{"taxonomy":"post_tag","embeddable":true,"href":"https:\/\/www.die-stadtzeitung.de\/index.php\/wp-json\/wp\/v2\/tags?post=61087"}],"curies":[{"name":"wp","href":"https:\/\/api.w.org\/{rel}","templated":true}]}}