{"id":60879,"date":"2023-02-08T11:01:36","date_gmt":"2023-02-08T10:01:36","guid":{"rendered":"https:\/\/www.die-stadtzeitung.de\/?p=60879"},"modified":"2023-02-08T11:01:36","modified_gmt":"2023-02-08T10:01:36","slug":"bayer-15-millionen-e-soforthilfe-fuer-erdbeben-opfer","status":"publish","type":"post","link":"https:\/\/www.die-stadtzeitung.de\/index.php\/2023\/02\/08\/bayer-15-millionen-e-soforthilfe-fuer-erdbeben-opfer\/","title":{"rendered":"Bayer: 1,5 Millionen \u20ac Soforthilfe f\u00fcr Erdbeben-Opfer"},"content":{"rendered":"<div id=\"attachment_60882\" class=\"wp-caption alignnone\" style=\"max-width: 810px;\"><img loading=\"lazy\" decoding=\"async\" class=\"size-full wp-image-60882\" src=\"\/wp-content\/uploads\/2023\/02\/Bild-08.02.23-um-10.46.jpg\" alt=\"\" width=\"800\" height=\"533\" \/><span class=\"wp-caption-text\">Ein Helfer des t\u00fcrkischen Roten Halbmonds \u00a0k\u00fcmmert sich um eine betroffene Frau &#8211; \u00a9 Bayer AG<\/span><\/div>\n<p>Insgesamt werden 500.000 Euro an die t\u00fcrkische Hilfsorganisation Ahbap und 500.000 Euro an den T\u00fcrkischen Roten Halbmond gespendet. Zus\u00e4tzlich wird Bayer 200.000 Euro an das Deutsche Rote Kreuz f\u00fcr die Katastrophenhilfe in Syrien spenden.<\/p>\n<p>\u201eUnsere Gedanken sind bei allen, die von dieser beispiellosen Naturkatastrophe betroffen sind, einschlie\u00dflich unserer Kollegen, Partner und ihrer Familien. Wir sind dankbar f\u00fcr alle Ma\u00dfnahmen, die von Regierungen, Nichtregierungsorganisationen und Rettungsteams ergriffen wurden, um den Opfern in beiden L\u00e4ndern zu helfen&#8220;, sagt Werner Baumann, Vorstandsvorsitzender der Bayer AG.<\/p>\n<p>Bayer hat au\u00dferdem gemeinsam mit dem Deutschen Roten Kreuz eine Mitarbeiterspendenaktion gestartet und wird die von den Besch\u00e4ftigten gespendeten Betr\u00e4ge auf bis zu 300.000 Euro verdoppeln. Der Gesamtbetrag wird sowohl Syrien als auch der T\u00fcrkei zugutekommen.<\/p>\n<p>Dar\u00fcber hinaus k\u00f6nnen sich qualifizierte Bayer-Mitarbeiter in der Region f\u00fcr freiwillige Hilfseins\u00e4tze vom Unternehmen bezahlt freistellen lassen. Bayer bereitet zudem Spenden \u2013 sowohl von lebenswichtigen Medikamenten als auch von landwirtschaftlichen Produkten \u2013 der vor Ort am dringlichsten ben\u00f6tigten Produkte vor.<\/p>\n<p><b>\u00dcber Ahbap<\/b><\/p>\n<p>Der Verein Ahbap ist eine t\u00fcrkische Organisation, die mit dem Ziel gegr\u00fcndet wurde, bed\u00fcrftigen Menschen jegliche Art von Hilfe zukommen zu lassen, das Bewusstsein f\u00fcr Solidarit\u00e4t in der Gesellschaft zu st\u00e4rken, moderne und nachhaltige Kooperations- und Solidarit\u00e4tsnetzwerke mit neuen Kooperationsmodellen und Projekten zu schaffen, die lokale Kultur zu bewahren und zur Entwicklung der heutigen technologischen M\u00f6glichkeiten beizutragen und diese in Zukunft nutzbar zu machen.<\/p>\n<p><b>\u00dcber den T\u00fcrkischen Roten Halbmond<\/b><\/p>\n<p>Seit seiner Gr\u00fcndung im Jahr 1868 hat der T\u00fcrkische Rote Halbmond (Kizilay) nicht nur zur Entwicklung der sozialen Wohlfahrt beigetragen, sondern auch verschiedene und wichtige Dienste f\u00fcr die soziale Solidarit\u00e4t geleistet und bereitgestellt, wie z. B. Unterkunft und Schutz f\u00fcr Arme und Bed\u00fcrftige, Hilfen f\u00fcr Ern\u00e4hrung und Gesundheitsf\u00fcrsorge, Blutkonserven, Katastropheneins\u00e4tze, internationale Hilfen, soziale Dienste, Gesundheit, Erste Hilfe, Bildung und Jugendf\u00fcrsorge, Wohnungswesen, Migranten- und Fl\u00fcchtlingsschutz sowie den Betrieb von Anlagen zur Trinkwasserversorgung.<\/p>\n<p><b>\u00dcber das Deutsche Rote Kreuz<\/b><\/p>\n<p>Das Deutsche Rote Kreuz e. V. (DRK) ist die nationale Rotkreuz-Gesellschaft in Deutschland nach den Genfer Abkommen und als solche Teil der Internationalen Rotkreuz- und Rothalbmond-Bewegung mit Hauptsitz in Berlin. Das DRK rettet Menschen, hilft in Notlagen, bietet Menschen eine Gemeinschaft, steht den Armen und Bed\u00fcrftigen bei und wacht \u00fcber das humanit\u00e4re V\u00f6lkerrecht \u2013 in Deutschland und in der ganzen Welt. Das DRK hat mehr als drei Millionen Mitglieder.<\/p>\n<p>&nbsp;<\/p>\n","protected":false},"excerpt":{"rendered":"<p>Nach den schweren Erdbeben in der S\u00fcdt\u00fcrkei und in Nordsyrien hat Bayer eine erste Soforthilfe in H\u00f6he von 1,5 Millionen Euro zur Unterst\u00fctzung der Bev\u00f6lkerung in den betroffenen Regionen freigegeben.\u00a0<\/p>\n","protected":false},"author":7,"featured_media":0,"comment_status":"open","ping_status":"open","sticky":false,"template":"","format":"standard","meta":{"footnotes":""},"categories":[22],"tags":[],"class_list":["post-60879","post","type-post","status-publish","format-standard","hentry","category-wirtschaft"],"publishpress_future_action":{"enabled":false,"date":"2026-05-04 07:08:38","action":"change-status","newStatus":"draft","terms":[],"taxonomy":"category","extraData":[]},"publishpress_future_workflow_manual_trigger":{"enabledWorkflows":[]},"_links":{"self":[{"href":"https:\/\/www.die-stadtzeitung.de\/index.php\/wp-json\/wp\/v2\/posts\/60879","targetHints":{"allow":["GET"]}}],"collection":[{"href":"https:\/\/www.die-stadtzeitung.de\/index.php\/wp-json\/wp\/v2\/posts"}],"about":[{"href":"https:\/\/www.die-stadtzeitung.de\/index.php\/wp-json\/wp\/v2\/types\/post"}],"author":[{"embeddable":true,"href":"https:\/\/www.die-stadtzeitung.de\/index.php\/wp-json\/wp\/v2\/users\/7"}],"replies":[{"embeddable":true,"href":"https:\/\/www.die-stadtzeitung.de\/index.php\/wp-json\/wp\/v2\/comments?post=60879"}],"version-history":[{"count":3,"href":"https:\/\/www.die-stadtzeitung.de\/index.php\/wp-json\/wp\/v2\/posts\/60879\/revisions"}],"predecessor-version":[{"id":60883,"href":"https:\/\/www.die-stadtzeitung.de\/index.php\/wp-json\/wp\/v2\/posts\/60879\/revisions\/60883"}],"wp:attachment":[{"href":"https:\/\/www.die-stadtzeitung.de\/index.php\/wp-json\/wp\/v2\/media?parent=60879"}],"wp:term":[{"taxonomy":"category","embeddable":true,"href":"https:\/\/www.die-stadtzeitung.de\/index.php\/wp-json\/wp\/v2\/categories?post=60879"},{"taxonomy":"post_tag","embeddable":true,"href":"https:\/\/www.die-stadtzeitung.de\/index.php\/wp-json\/wp\/v2\/tags?post=60879"}],"curies":[{"name":"wp","href":"https:\/\/api.w.org\/{rel}","templated":true}]}}