{"id":6073,"date":"2016-06-15T15:02:21","date_gmt":"2016-06-15T13:02:21","guid":{"rendered":"http:\/\/192.168.10.16\/newsportal\/stadtzeitung\/index.php\/2016\/06\/15\/fussball-em-ulli-potofski-tanzt-wieder-auf-seinem-parket-1\/"},"modified":"2025-05-12T19:20:12","modified_gmt":"2025-05-12T17:20:12","slug":"fussball-em-ulli-potofski-tanzt-wieder-auf-seinem-parket-1","status":"publish","type":"post","link":"https:\/\/www.die-stadtzeitung.de\/index.php\/2016\/06\/15\/fussball-em-ulli-potofski-tanzt-wieder-auf-seinem-parket-1\/","title":{"rendered":"Fu\u00dfball-EM: Ulli Potofski tanzt wieder auf seinem Parkett"},"content":{"rendered":"<div id=\"attachment_39796\" class=\"wp-caption alignnone\" style=\"max-width: 1034px;\"><img loading=\"lazy\" decoding=\"async\" class=\"size-large wp-image-39796\" src=\"\/wp-content\/uploads\/2021\/07\/IMG_4080-2-1024x890.jpg\" alt=\"\" width=\"1024\" height=\"890\" \/><span class=\"wp-caption-text\">Ulli Potofski einmal ohne Mikrofon in einer wohlverdienten Kaffeepause &#8211; \u00a9 privat<\/span><\/div>\n<p>Zu seiner Sport-Moderatoren-Karriere kam Ulli Potofski auf Umwegen. 1970 landete er als Rundfunk-Moderator bei bei Radio Luxemburg. Vorher war der heute 63 Jahre alte Rundfunk- &amp; TV-Mann bereits als Puppenspieler, Schlagers\u00e4nger und Diskjockey mehr oder weniger erfolgreich am Start. Das Talent als Entertainer zahlte sich auch in seiner Journalisten-Karriere aus.<\/p>\n<p><img loading=\"lazy\" decoding=\"async\" class=\"alignnone size-full wp-image-83834\" src=\"\/wp-content\/uploads\/2025\/05\/Hand-aufs-Herz-88510200.jpg\" alt=\"\" width=\"350\" height=\"66\" \/><\/p>\n<p>Wortgewandt, schlagfertig und humorvoll kreierte seinen ganz eigenen Moderation Stil. Dieser brachte ihm als Moderator und Chef der legend\u00e4ren RTL-Sport-Sendung \u201eAnpfiff\u201c (1984-1992) sogar den Fernseh-Preis \u00a0\u201eBambi\u201c (1989) ein. 2013 wurde Ulli Potofski noch einmal dekoriert &#8211; und zwar mit dem MIRA Award als bester Sportkommentator.<\/p>\n<div id=\"attachment_39794\" class=\"wp-caption alignnone\" style=\"max-width: 1034px;\"><img loading=\"lazy\" decoding=\"async\" class=\"size-large wp-image-39794\" src=\"\/wp-content\/uploads\/2021\/07\/IMG_2938-2-1024x750.jpg\" alt=\"\" width=\"1024\" height=\"750\" \/><span class=\"wp-caption-text\">Ulli Potofski als &#8222;Anpfiff&#8220;-Moderator bei RTL plus &#8211; \u00a9 RTL<\/span><\/div>\n<p>Ulli Potofski war eigentlich immer auf Sendung &#8211; auch als er den gro\u00dfen Privat-Sender RTL l\u00e4ngst verlassen hatte und als freier TV-Journalist f\u00fcr verschiedene Kan\u00e4le arbeitete. Der bekennende, aber durchaus kritische Schalke-Fan, ver\u00f6ffentlichte insgesamt sieben Kinderb\u00fccher. Sein Held \u201eLocke\u201c hat nat\u00fcrlich auch mit Fu\u00dfball zu tun. Zuletzt war Ulli Potofski mit charmanten Co-Moderatorinnen (Esther Sedlarczik &#8211; Christiana Rann) Gastgeber der lockeren, informativen Fu\u00dfball-Show \u201eMein Stadion\u201c.<\/p>\n<p>Nur auf einem Parket konnte sich der schlagfertige Allesk\u00f6nner bei weitem nicht so erfolgreich wie gewohnt behaupten: Auf dem Tanzparkett. Seine Auftritte in der RTL-Show \u201eLet\u2019s Dance\u201c erinnerten beileibe nicht an \u201eSaturday Night Fever\u201c-Star John Travolta, sondern eher an einen Tanzb\u00e4ren. Ulli Potofski schied mit seiner \u201eleidgepr\u00fcften\u201c Partnerin Kathrin Menzinger schon in der ersten Runde aus, kam aber durch die Hintert\u00fcr quasi als \u201eLucky Loser\u201c wieder in die Show zur\u00fcck, weil Konkurrentin Franziska Traub verletzt ausscheiden mu\u00dfte.<\/p>\n<p>Mit dem Sieg hatte Ulli Potofski am Ende nichts zu tun, aber immerhin tanzte er sich mit seinem barocken Stil in die Herzen der TV-Zuschauer. Ausgetanzt! In der n\u00e4chsten Saison kehrt Ulli Potofski wieder auf sein Parkett zur\u00fcck, den gr\u00fcnen Rasen. Die STADTZEITUNG sprach im Zuge der Fu\u00dfball EM mit der sympathischen Moderatoren-Legende.<\/p>\n<p><span style=\"color: #ff0000;\">DS: Verbringen Sie wie Ihr Wuppertaler SKY-Kollege Marcus Lindemann die Fu\u00dfball-EM wie Otto-Normalverbraucher auf dem Sofa, weil SKY ja keine EM-Rechte besitzt?<\/span><\/p>\n<p>Ulli Potofski: \u201eIch sitze nicht auf der Couch. Ich bin in diesen Tagen LIVE in Lille und Paris mit unserer Mannschaft unterwegs. Allerdings nicht als Kommentator &#8211; sondern in einer komplett anderen &#8222;geheimen&#8220; Mission. Jetzt kann man R\u00e4tseln&#8230;\u201c<\/p>\n<p><span style=\"color: #ff0000;\">DS: Hat Sie das EM-Fieber \u00fcberhaupt schon infiziert?<\/span><\/p>\n<p>Ulli Potofski: \u201eSelbstverst\u00e4ndlich bin ich immer irgendwie im Fu\u00dfballfieber &#8211; aber gelegentlich schalte ich komplett davon ab &#8211; was auch sein muss!\u201c<\/p>\n<p><span style=\"color: #ff0000;\">DS: Welche Rolle trauen Sie Jogis Elf bei dieser EM \u00fcberhaupt zu?<\/span><\/p>\n<p>Ulli Potofski: \u201eDer Weltmeister sollte\/muss bei der EM unter die letzten Vier kommen &#8211; aber zum Titel wird es nicht reichen. Wenn doch &#8211; w\u00fcrde ich mich freuen&#8230;\u201c<\/p>\n<div id=\"attachment_39789\" class=\"wp-caption alignnone\" style=\"max-width: 1034px;\"><img loading=\"lazy\" decoding=\"async\" class=\"size-large wp-image-39789\" src=\"\/wp-content\/uploads\/2021\/07\/5f9d178a-be3a-4183-977e-9d152c5541e8-2-1024x693.jpg\" alt=\"\" width=\"1024\" height=\"693\" \/><span class=\"wp-caption-text\">Zwei echte Typen: Fieldreporter Ulli Potofski (l.) mit Freiburgs Trainer Christian Streich &#8211; \u00a9 Sky<\/span><\/div>\n<p><span style=\"color: #ff0000;\">DS: Welche Interpretation k\u00f6nnen Sie denn f\u00fcr Jogis vielbeachteten Griff in die Hose liefern?<\/span><\/p>\n<p>Ulli Potofski: \u201eZu diesem Thema hat Podolski (nicht Potofski) schon alles gesagt -:)\u201c<\/p>\n<p><span style=\"color: #ff0000;\">DS: Sind Sie auch in der neuen Bundesliga-Saison wieder schlagfertiger Gastgeber der beliebten SKY-Sendung \u201eMein Stadion\u201c?<\/span><\/p>\n<p>Ulli Potofski: \u201eLeider gibt es das Format &#8222;Mein Stadion&#8220; bei SKY nicht mehr. Aber ich werde weiter aus der Bundesliga f\u00fcr SKY berichten. Als Kommentator und Moderator! In Vorbereitung sind aber auch zwei weitere Formate f\u00fcr andere Sender. Ein Reisequiz und die Talkshow \u201eDas Hans am Ende der Stadt\u201c!&#8220;<\/p>\n<p><span style=\"color: #ff0000;\">DS: Und wie geht es mit Ihrer Tanz-Karriere weiter?<\/span><\/p>\n<p>Ulli Potofski: \u201eAls T\u00e4nzer wird man mich &#8222;leider&#8220; nie mehr sehen. \u201eLet&#8217;s Dance\u201c war aber trotzdem eine tolle Erfahrung f\u00fcr mich&#8230;\u201c<\/p>\n<p><span style=\"color: #ff0000;\">DS: Vielen Dank f\u00fcr das Gespr\u00e4ch.<\/span><\/p>\n<p><strong>Text: Peter Pionke<\/strong><\/p>\n","protected":false},"excerpt":{"rendered":"<p>Er ist eines der schillerndsten und beliebtesten Gesichter der deutschen TV-Landschaft. Nur Fernseh-Koch war Ulli Potofski noch nicht, obwohl er genau diesen Beruf nach seinem Realschul-Abschlu\u00df erlernt hat. Bei der Fu\u00dfball-EM in Frankreich ist er in geheimer Mission unterwegs&#8230;<\/p>\n","protected":false},"author":7,"featured_media":0,"comment_status":"open","ping_status":"open","sticky":false,"template":"","format":"standard","meta":{"footnotes":""},"categories":[32],"tags":[],"class_list":["post-6073","post","type-post","status-publish","format-standard","hentry","category-interviews"],"publishpress_future_action":{"enabled":false,"date":"2026-05-07 23:26:54","action":"change-status","newStatus":"draft","terms":[],"taxonomy":"category","extraData":[]},"publishpress_future_workflow_manual_trigger":{"enabledWorkflows":[]},"_links":{"self":[{"href":"https:\/\/www.die-stadtzeitung.de\/index.php\/wp-json\/wp\/v2\/posts\/6073","targetHints":{"allow":["GET"]}}],"collection":[{"href":"https:\/\/www.die-stadtzeitung.de\/index.php\/wp-json\/wp\/v2\/posts"}],"about":[{"href":"https:\/\/www.die-stadtzeitung.de\/index.php\/wp-json\/wp\/v2\/types\/post"}],"author":[{"embeddable":true,"href":"https:\/\/www.die-stadtzeitung.de\/index.php\/wp-json\/wp\/v2\/users\/7"}],"replies":[{"embeddable":true,"href":"https:\/\/www.die-stadtzeitung.de\/index.php\/wp-json\/wp\/v2\/comments?post=6073"}],"version-history":[{"count":4,"href":"https:\/\/www.die-stadtzeitung.de\/index.php\/wp-json\/wp\/v2\/posts\/6073\/revisions"}],"predecessor-version":[{"id":83905,"href":"https:\/\/www.die-stadtzeitung.de\/index.php\/wp-json\/wp\/v2\/posts\/6073\/revisions\/83905"}],"wp:attachment":[{"href":"https:\/\/www.die-stadtzeitung.de\/index.php\/wp-json\/wp\/v2\/media?parent=6073"}],"wp:term":[{"taxonomy":"category","embeddable":true,"href":"https:\/\/www.die-stadtzeitung.de\/index.php\/wp-json\/wp\/v2\/categories?post=6073"},{"taxonomy":"post_tag","embeddable":true,"href":"https:\/\/www.die-stadtzeitung.de\/index.php\/wp-json\/wp\/v2\/tags?post=6073"}],"curies":[{"name":"wp","href":"https:\/\/api.w.org\/{rel}","templated":true}]}}