{"id":60626,"date":"2023-02-03T11:55:29","date_gmt":"2023-02-03T10:55:29","guid":{"rendered":"https:\/\/www.die-stadtzeitung.de\/?p=60626"},"modified":"2023-02-04T11:55:45","modified_gmt":"2023-02-04T10:55:45","slug":"wuxi-biologics-germany-expandiert-in-wuppertal","status":"publish","type":"post","link":"https:\/\/www.die-stadtzeitung.de\/index.php\/2023\/02\/03\/wuxi-biologics-germany-expandiert-in-wuppertal\/","title":{"rendered":"WuXi Biologics Germany expandiert in Wuppertal"},"content":{"rendered":"<div id=\"attachment_60628\" class=\"wp-caption alignnone\" style=\"max-width: 1034px;\"><img loading=\"lazy\" decoding=\"async\" class=\"size-large wp-image-60628\" src=\"\/wp-content\/uploads\/2023\/02\/637b9b82c61f41518c273e7501945d17-2-1024x747.jpeg\" alt=\"\" width=\"1024\" height=\"747\" \/><span class=\"wp-caption-text\">Bei der symbolischen Er\u00f6ffnung des neuen Laborgeb\u00e4udes in Aprath: (V.l.) Maik Eckelmann (Standortleiter Bayer AG), Benjamin Minow (Gesch\u00e4ftsf\u00fchrer WuXi Biologics Germany), Uwe Schneidewind (Oberb\u00fcrgermeister der Stadt Wuppertal) und Henning Pfeifer (Head of Quality Control bei WuXi) &#8211; \u00a9 Wirtschaftsf\u00f6rderung Wuppertal<\/span><\/div>\n<p>WuXi Biologics hat nun ein Forschungsgeb\u00e4ude in Aprath bezogen. &#8222;Dies ist ein klares Bekenntnis zum Pharmastandort Wuppertal&#8220;, so Oberb\u00fcrgermeister Uwe Schneidewind.<\/p>\n<p>Die Immobilie hat das Unternehmen von der Bayer AG langfristig \u00fcbernommen. Beide Seiten kennen sich bereits gut. 2021 hat WuXi Biologics in eine hochmoderne Produktionsanlage der Bayer AG investiert und sich mit einem langj\u00e4hrigen Vertrag auf dem Elberfelder Werksgel\u00e4nde eingemietet.<span class=\"Apple-converted-space\">\u00a0<\/span><\/p>\n<p>Um die weiteren Expansionspl\u00e4ne des Unternehmens umsetzen zu k\u00f6nnen, suchte WuXi nach freien Labor- und B\u00fcrokapazit\u00e4ten in der Region. Diese wurden Dank einer erneuten Kooperation mit der Bayer AG gefunden. Der Standort Wuppertal gewinnt durch die Erweiterung zunehmend an Bedeutung f\u00fcr das Unternehmen.<\/p>\n<p>\u201eDie Vereinbarung mit Bayer ist ein weiterer langfristig angelegter Baustein in unserer Wachstumsstrategie f\u00fcr WuXi Biologics in Deutschland und Europa und st\u00e4rkt die Kooperation der beiden Unternehmen\u201c, so Dr. Benjamin Minow, Gesch\u00e4ftsf\u00fchrer von WuXi Biologics Germany.<\/p>\n<h4>Der Labor-Betrieb soll sofort starten<\/h4>\n<p>Zur Er\u00f6ffnung des neuen Laborstandortes begr\u00fc\u00dfte Minow sowohl Oberb\u00fcrgermeister Professor Uwe Schneidewind als auch Bayer-Standortleiter Maik Eckelmann. &#8222;Bei Bayer in Wuppertal setzen wir auf Zusammenarbeit und wollen den Standort auch mit Blick auf partnerschaftliche Netzwerke bedeutend voranbringen.&#8220; Gemeinsam wurde das obligatorische Band durchschnitten.<\/p>\n<p>Der Betrieb im \u201eQuality Control\u201c-Labor soll sofort starten. WuXi Biologics wird in dem Komplex mit ca. 20-30 hochqualifizierten Mitarbeitern das gesamte Spektrum der Qualit\u00e4tskontrolle zur analytischen Pr\u00fcfung innerhalb von WuXi Biologics Germany anbieten.<span class=\"Apple-converted-space\">\u00a0<\/span><\/p>\n<p>Von der Eingangspr\u00fcfung von Ausgangsstoffen der beiden Standorte in Leverkusen und Wuppertal, der Prozessbegleitenden Pr\u00fcfung bis hin zur Freigabe- und Stabilit\u00e4tspr\u00fcfung der hergestellten Produkte. Gem\u00e4\u00df gesetzlichen Vorgaben werden die Produkte auf Identit\u00e4t, Reinheit, Gehalt, biologische Wirksamkeit sowie Sicherheit gepr\u00fcft.<span class=\"Apple-converted-space\">\u00a0<\/span><\/p>\n<div id=\"attachment_60630\" class=\"wp-caption alignnone\" style=\"max-width: 1034px;\"><img loading=\"lazy\" decoding=\"async\" class=\"wp-image-60630 size-large\" src=\"\/wp-content\/uploads\/2023\/02\/bac6f1955d450aa9c01b86c2d2c65d47-2-1024x619.jpeg\" alt=\"\" width=\"1024\" height=\"619\" \/><span class=\"wp-caption-text\">Informationsgespr\u00e4ch in den neuen Laborgeb\u00e4ude: (v.l.) Dr. Uwe Schneidewind, Henning Peifer und Maik Eckelmann &#8211; \u00a9 Stadt Wuppertal<\/span><\/div>\n<p>Eine weitere wichtige Aktivit\u00e4t wird die Importpr\u00fcfung von Produkten sein, die in China produziert wurden und in Europa zur Anwedung kommen sollen.<\/p>\n<p>\u201eMit dem QC Labor k\u00f6nnen wir nun unser Serviceportfolio deutlich erweitern und in Zukunft unseren Kunden auch umfangreiche Freigabe- und Importanalytik anbieten\u201c, so Minow. Insgesamt ist der Laborkomplex \u00fcber 1.200 Quadratmeter gro\u00df. Hinzu kommen rund 300 Quadratmeter B\u00fcrofl\u00e4che.<\/p>\n<h4>Weiterer Baustein bei der Bildung eines Gesundheitsclusters Wuppertal<\/h4>\n<p>WuXi ist mit \u00fcber 10.000 Mitarbeitern aus 27 Staaten weltweit eines der gr\u00f6\u00dften Unternehmen f\u00fcr die Auftragsentwicklung und -herstellung von Biopharmazeutika. Anfang 2020 hatte der chinesische Konzern eine Produktionsanlage von Bayer in Leverkusen gekauft.<span class=\"Apple-converted-space\">\u00a0<\/span><\/p>\n<p>Ein Jahr sp\u00e4ter er\u00f6ffnete mit dem Werk in Wuppertal die zweite Niederlassung in Deutschland. Nach umfangreichen Umbauarbeiten soll in diesem Jahr die Produktion im Elberfelder Werk starten. Insgesamt plant das Unternehmen \u00fcber 350 Arbeitspl\u00e4tze in Wuppertal zu schaffen.<span class=\"Apple-converted-space\">\u00a0<\/span><\/p>\n<p>Oberb\u00fcrgermeister Uwe Schneidewind begr\u00fc\u00dft die Entwicklung: \u201eDie Erweiterung des Standortes von WuXi auf dem Forschungsgel\u00e4nde in Aprath ist ein klares Bekenntnis zum Pharmastandort Wuppertal und ein weiterer Baustein bei der Bildung eines Gesundheitsclusters Wuppertal.\u201c<\/p>\n","protected":false},"excerpt":{"rendered":"<p>Gute Nachrichten f\u00fcr den Wirtschaftsstandort Wuppertal! Nachdem WuXi Biologics vor zwei Jahren ein Produktionsgeb\u00e4ude auf dem Werksgel\u00e4nde der Bayer AG bezogen hat, expandiert der Biotechnologie-Serviceanbieter weiter in der Bergischen Metropole.<\/p>\n","protected":false},"author":7,"featured_media":0,"comment_status":"open","ping_status":"open","sticky":false,"template":"","format":"standard","meta":{"footnotes":""},"categories":[22],"tags":[],"class_list":["post-60626","post","type-post","status-publish","format-standard","hentry","category-wirtschaft"],"publishpress_future_action":{"enabled":false,"date":"2026-05-08 15:17:51","action":"change-status","newStatus":"draft","terms":[],"taxonomy":"category","extraData":[]},"publishpress_future_workflow_manual_trigger":{"enabledWorkflows":[]},"_links":{"self":[{"href":"https:\/\/www.die-stadtzeitung.de\/index.php\/wp-json\/wp\/v2\/posts\/60626","targetHints":{"allow":["GET"]}}],"collection":[{"href":"https:\/\/www.die-stadtzeitung.de\/index.php\/wp-json\/wp\/v2\/posts"}],"about":[{"href":"https:\/\/www.die-stadtzeitung.de\/index.php\/wp-json\/wp\/v2\/types\/post"}],"author":[{"embeddable":true,"href":"https:\/\/www.die-stadtzeitung.de\/index.php\/wp-json\/wp\/v2\/users\/7"}],"replies":[{"embeddable":true,"href":"https:\/\/www.die-stadtzeitung.de\/index.php\/wp-json\/wp\/v2\/comments?post=60626"}],"version-history":[{"count":4,"href":"https:\/\/www.die-stadtzeitung.de\/index.php\/wp-json\/wp\/v2\/posts\/60626\/revisions"}],"predecessor-version":[{"id":60633,"href":"https:\/\/www.die-stadtzeitung.de\/index.php\/wp-json\/wp\/v2\/posts\/60626\/revisions\/60633"}],"wp:attachment":[{"href":"https:\/\/www.die-stadtzeitung.de\/index.php\/wp-json\/wp\/v2\/media?parent=60626"}],"wp:term":[{"taxonomy":"category","embeddable":true,"href":"https:\/\/www.die-stadtzeitung.de\/index.php\/wp-json\/wp\/v2\/categories?post=60626"},{"taxonomy":"post_tag","embeddable":true,"href":"https:\/\/www.die-stadtzeitung.de\/index.php\/wp-json\/wp\/v2\/tags?post=60626"}],"curies":[{"name":"wp","href":"https:\/\/api.w.org\/{rel}","templated":true}]}}