{"id":59921,"date":"2023-01-20T09:37:29","date_gmt":"2023-01-20T08:37:29","guid":{"rendered":"https:\/\/www.die-stadtzeitung.de\/?p=59921"},"modified":"2023-01-20T09:37:29","modified_gmt":"2023-01-20T08:37:29","slug":"kleines-stueck-himmel-kehrt-zurueck-auf-die-buehne","status":"publish","type":"post","link":"https:\/\/www.die-stadtzeitung.de\/index.php\/2023\/01\/20\/kleines-stueck-himmel-kehrt-zurueck-auf-die-buehne\/","title":{"rendered":"&#8222;Kleines St\u00fcck Himmel&#8220; kehrt zur\u00fcck auf die B\u00fchne"},"content":{"rendered":"<div id=\"attachment_59924\" class=\"wp-caption alignnone\" style=\"max-width: 1034px;\"><img loading=\"lazy\" decoding=\"async\" class=\"size-large wp-image-59924\" src=\"\/wp-content\/uploads\/2023\/01\/Oper_Wuppertal_Kleines_Stueck_Himmel_\u00a9_Wil_-van_Iersel-2-1024x703.jpg\" alt=\"\" width=\"1024\" height=\"703\" \/><span class=\"wp-caption-text\">Szene aus der Kinderoper &#8222;Kleines St\u00fcck Himmel&#8220; &#8211; \u00a9 Will van Iersel<\/span><\/div>\n<p>In der letzten Saison des Opernintendanten Berthold Schneider, kehrt &#8222;Kleines St\u00fcck Himmel&#8220; nun zur\u00fcck auf die B\u00fchne des Theater am Engelsgarten. Auch die Vormittagstermine sind nicht nur Kitas vorbehalten, sondern befinden sich im Freiverkauf.<\/p>\n<p>&#8222;Kleines St\u00fcck Himmel&#8220; entstammt aus der Zusammenarbeit von Ania Michaelis, einer Berliner Regisseurin, die eine renommierte Expertin f\u00fcr Theater f\u00fcr j\u00fcngere Kinder ist und der Komponistin Nuria N\u00fa\u00f1ez Hierro. Der Fokus der Zusammenarbeit lag darauf, eine szenische und musikalische Sprache zu entwickeln, die elementar ist und ohne Vorwissen und Theatererfahrung verstanden werden kann.<\/p>\n<p>Trotzdem sollten auch gro\u00dfe Themen und Fragen nicht ausgeschlossen werden. &#8222;Kleines St\u00fcck Himmel&#8220; bietet somit ein Zusammenspiel aus Musik, Schauspiel und gibt wichtigen Themen Platz, die Klein und Gro\u00df betreffen.<\/p>\n<p>Das Musiktheater spielt in der Welt von Em, Eff und dem Vogel Pe. W\u00e4hrend Em und Eff alles f\u00fcr einen sch\u00f6nen Tag vorbereitet haben, kommt Pe \u00fcberraschend neu hinzu. Unbehagen tritt auf: &#8222;Wer ist der neue? Er st\u00f6rt!&#8220; &#8211; Erst als jeder der drei etwas von sich preisgibt, \u00f6ffnet sich ihr Blick f\u00fcreinander. Etwas beginnt. Vielleicht Freundschaft.<\/p>\n<h4>&#8222;Kleines St\u00fcck Himmel&#8220;<\/h4>\n<p>Musiktheater von Nuria N\u00fa\u00f1ez Hierro (Komposition) und Ania Michaelis (Libretto) f\u00fcr alle ab 2 Jahren.<\/p>\n<p>Auftragswerk der Deutschen Oper Berlin und des Theater o. N. Eine Koproduktion der Deutschen Oper Berlin, dem Theater o. N. und der Oper Wuppertal.<\/p>\n<p><strong>Wiederaufnahme: <\/strong>Freitag &#8211; 27. Januar 2023 &#8211; 10 Uhr,<\/p>\n<p>Theater am Engelsgarten<\/p>\n<p><strong>Weitere Termine:<\/strong><\/p>\n<p>Mi. 1. Februar 2023 &#8211; 10 Uhr &#8211; Theater am Engelsgarten<\/p>\n<p>Di. 28. Februar 2023 &#8211; 11 Uhr &#8211; Theater am Engelsgarten<\/p>\n<p>So. 12. M\u00e4rz 2023 &#8211; 15 Uhr &#8211; Theater am Engelsgarten<\/p>\n<p>Mi. 24. Mai 2023 &#8211; 10 Uhr &#8211; Theater am Engelsgarten<\/p>\n<p>Do. 25. Mai 202 &#8211; 10 Uhr &#8211; Theater am Engelsgarten<\/p>\n<p>Fr. 16. Juni 2023 &#8211; 10 Uhr &#8211; Theater am Engelsgarten<\/p>\n<p>Weitere Informationen unter <a href=\"http:\/\/www.oper-wuppertal.de\/himmel\">oper-wuppertal.de\/himmel<\/a><\/p>\n<p><strong>\u00a0<\/strong><\/p>\n<p><strong>K\u00fcnstlerisches Team<\/strong><\/p>\n<p>Musikalische Leitung: Michael Cook<\/p>\n<p>Inszenierung: Ania Michaelis<\/p>\n<p>B\u00fchne und Kost\u00fcme: Martina Schulle<\/p>\n<p>Dramaturgie: Marie-Philine Pippert<\/p>\n<p>&nbsp;<\/p>\n<p><strong>Besetzung<\/strong><\/p>\n<p>Eff (Bassklarinette in B): Stefanie Nora Ott<\/p>\n<p>Pe (Tenor): Mark Bowman-Hester<\/p>\n<p>Em (Schauspieler): Merten Schroedter<\/p>\n<p>&nbsp;<\/p>\n<p><strong>Tickethotline: +49 202 563 7666<\/strong><\/p>\n<p><a href=\"mailto:info@kulturkarte-wuppertal.de\"><strong>info@kulturkarte-wuppertal.de<\/strong><\/a><\/p>\n<p>KulturKarte &#8211; Kirchplatz 1 &#8211; Wuppertal<\/p>\n<p>&nbsp;<\/p>\n","protected":false},"excerpt":{"rendered":"<p>Mit der Produktion &#8222;Kleines St\u00fcck Himmel&#8220; wurde in der Spielzeit 2018\/2019 die Reihe &#8222;Oper von Anfang an&#8220; ins Leben gerufen. Dieses Angebot richtet sich vor allem an kleinen Opernliebhaber, Kinder ab zwei Jahren. Es folgten \u00fcber mehrere Spielzeiten weitere Kinderopern wie &#8222;Nils Karlsson D\u00e4umling&#8220; und &#8222;Vom kleinen Maulwurf, der wissen wollte, wer ihm auf den Kopf gemacht hat&#8220;.<\/p>\n","protected":false},"author":7,"featured_media":0,"comment_status":"open","ping_status":"open","sticky":false,"template":"","format":"standard","meta":{"footnotes":""},"categories":[29],"tags":[],"class_list":["post-59921","post","type-post","status-publish","format-standard","hentry","category-kultur"],"publishpress_future_action":{"enabled":false,"date":"2026-05-08 16:13:35","action":"change-status","newStatus":"draft","terms":[],"taxonomy":"category","extraData":[]},"publishpress_future_workflow_manual_trigger":{"enabledWorkflows":[]},"_links":{"self":[{"href":"https:\/\/www.die-stadtzeitung.de\/index.php\/wp-json\/wp\/v2\/posts\/59921","targetHints":{"allow":["GET"]}}],"collection":[{"href":"https:\/\/www.die-stadtzeitung.de\/index.php\/wp-json\/wp\/v2\/posts"}],"about":[{"href":"https:\/\/www.die-stadtzeitung.de\/index.php\/wp-json\/wp\/v2\/types\/post"}],"author":[{"embeddable":true,"href":"https:\/\/www.die-stadtzeitung.de\/index.php\/wp-json\/wp\/v2\/users\/7"}],"replies":[{"embeddable":true,"href":"https:\/\/www.die-stadtzeitung.de\/index.php\/wp-json\/wp\/v2\/comments?post=59921"}],"version-history":[{"count":3,"href":"https:\/\/www.die-stadtzeitung.de\/index.php\/wp-json\/wp\/v2\/posts\/59921\/revisions"}],"predecessor-version":[{"id":59925,"href":"https:\/\/www.die-stadtzeitung.de\/index.php\/wp-json\/wp\/v2\/posts\/59921\/revisions\/59925"}],"wp:attachment":[{"href":"https:\/\/www.die-stadtzeitung.de\/index.php\/wp-json\/wp\/v2\/media?parent=59921"}],"wp:term":[{"taxonomy":"category","embeddable":true,"href":"https:\/\/www.die-stadtzeitung.de\/index.php\/wp-json\/wp\/v2\/categories?post=59921"},{"taxonomy":"post_tag","embeddable":true,"href":"https:\/\/www.die-stadtzeitung.de\/index.php\/wp-json\/wp\/v2\/tags?post=59921"}],"curies":[{"name":"wp","href":"https:\/\/api.w.org\/{rel}","templated":true}]}}