{"id":59523,"date":"2022-12-30T14:00:51","date_gmt":"2022-12-30T13:00:51","guid":{"rendered":"https:\/\/www.die-stadtzeitung.de\/?p=59523"},"modified":"2022-12-31T06:37:10","modified_gmt":"2022-12-31T05:37:10","slug":"bildhauer-hans-juergen-hiby-neujahrsgruesse-als-gedicht","status":"publish","type":"post","link":"https:\/\/www.die-stadtzeitung.de\/index.php\/2022\/12\/30\/bildhauer-hans-juergen-hiby-neujahrsgruesse-als-gedicht\/","title":{"rendered":"Bildhauer Hans-J\u00fcrgen Hiby: Neujahrsgr\u00fc\u00dfe als Gedicht"},"content":{"rendered":"<div id=\"attachment_45493\" class=\"wp-caption alignnone\" style=\"max-width: 596px;\"><img loading=\"lazy\" decoding=\"async\" class=\"size-full wp-image-45493\" src=\"\/wp-content\/uploads\/2022\/01\/image007-2.jpg\" alt=\"\" width=\"586\" height=\"407\" \/><span class=\"wp-caption-text\">Der Bildhauer Hans-J\u00fcrgen Hiby &#8211; \u00a9 Vok Dams iNotes<\/span><\/div>\n<p>&#8222;Wie Sie sehen habe ich momentan als noch\u00a0t\u00e4tigkeitsloser Bildhauer viel Zeit, um etwas in den PC zu tippen. Mit kleinen Ebenholzskulpturen\u00a0habe ich bereits wieder vorsichtig mit meiner Arbeit begonnen&#8220;, gesteht der Bildhauer, der darauf brennt, eine seiner sechs Kettens\u00e4gen anzuschmei\u00dfen, um eine neue Skulptur aus Holz zu schaffen.<\/p>\n<p>Hier aber erst einmal eines seiner Werke aus dem Bereich der Dicht-Kunst:<\/p>\n<p>&nbsp;<\/p>\n<p><b>Neujahrsgr\u00fc\u00dfe 2023 \u201eWende-Hammer\u201c<\/b><\/p>\n<p>Das alte Jahr geht jetzt zu Ende,<\/p>\n<p>bringt nun das Neue uns die Wende ?<\/p>\n<p>Zu w\u00fcnschen w\u00e4r\u2018 es allemal,<\/p>\n<p>nicht nur f\u00fcr uns in Wuppertal !<\/p>\n<p>Erringt Vernunft<span class=\"Apple-converted-space\">\u00a0 <\/span>einmal den Sieg,<\/p>\n<p>g\u00e4b\u2019s keinen Hunger , keinen Krieg .<\/p>\n<p>Die Pandemie w\u00e4r\u2018 l\u00e4ngst vorbei,<\/p>\n<p>Gesichter von den Masken frei.<\/p>\n<p>W\u00e4r die Menschheit nur gescheit ,<\/p>\n<p><span class=\"Apple-converted-space\">\u00a0<\/span>Klimakrise w\u00e4r Vergangenheit.<\/p>\n<p>Aber leider, s\u2018ist ein Jammer,<\/p>\n<p>die Wende ist ein \u201eWende-Hammer\u201c !<\/p>\n<p>Das hei\u00dft ,der Weg f\u00fchrt nur zur\u00fcck,<\/p>\n<p>beginnt das gleiche Schilda-St\u00fcck !<\/p>\n<p>Wir Menschen drehen uns im Kreise<\/p>\n<p>und handeln auf die gleiche Weise ,<\/p>\n<p>wie es leider immer war,<span class=\"Apple-converted-space\">\u00a0<\/span><\/p>\n<p>nun wohl auch im n\u00e4chsten Jahr ?<\/p>\n<p><b>Hans-J\u00fcrgen Hiby,<span class=\"Apple-converted-space\">\u00a0 <\/span>Wuppertal &#8211; 29.12.202<\/b><\/p>\n<p>&nbsp;<\/p>\n<p>&nbsp;<\/p>\n","protected":false},"excerpt":{"rendered":"<p>Der bekannte Wuppertaler Bildhauer steckt voller Tatendrang. Doch seine frisch operierte Hans muss er noch schonen, sagt sein Arzt. Das hindert den erfolgreichen K\u00fcnstler aber nicht daran, kreativ zu sein &#8211; und zwar als Dichter. Sein Werk, das mit dem Thema Neujahr zu tun haben, lesen Sie weiter unten.<\/p>\n","protected":false},"author":7,"featured_media":0,"comment_status":"open","ping_status":"open","sticky":false,"template":"","format":"standard","meta":{"footnotes":""},"categories":[29],"tags":[],"class_list":["post-59523","post","type-post","status-publish","format-standard","hentry","category-kultur"],"publishpress_future_action":{"enabled":false,"date":"2026-05-09 06:58:45","action":"change-status","newStatus":"draft","terms":[],"taxonomy":"category","extraData":[]},"publishpress_future_workflow_manual_trigger":{"enabledWorkflows":[]},"_links":{"self":[{"href":"https:\/\/www.die-stadtzeitung.de\/index.php\/wp-json\/wp\/v2\/posts\/59523","targetHints":{"allow":["GET"]}}],"collection":[{"href":"https:\/\/www.die-stadtzeitung.de\/index.php\/wp-json\/wp\/v2\/posts"}],"about":[{"href":"https:\/\/www.die-stadtzeitung.de\/index.php\/wp-json\/wp\/v2\/types\/post"}],"author":[{"embeddable":true,"href":"https:\/\/www.die-stadtzeitung.de\/index.php\/wp-json\/wp\/v2\/users\/7"}],"replies":[{"embeddable":true,"href":"https:\/\/www.die-stadtzeitung.de\/index.php\/wp-json\/wp\/v2\/comments?post=59523"}],"version-history":[{"count":4,"href":"https:\/\/www.die-stadtzeitung.de\/index.php\/wp-json\/wp\/v2\/posts\/59523\/revisions"}],"predecessor-version":[{"id":59567,"href":"https:\/\/www.die-stadtzeitung.de\/index.php\/wp-json\/wp\/v2\/posts\/59523\/revisions\/59567"}],"wp:attachment":[{"href":"https:\/\/www.die-stadtzeitung.de\/index.php\/wp-json\/wp\/v2\/media?parent=59523"}],"wp:term":[{"taxonomy":"category","embeddable":true,"href":"https:\/\/www.die-stadtzeitung.de\/index.php\/wp-json\/wp\/v2\/categories?post=59523"},{"taxonomy":"post_tag","embeddable":true,"href":"https:\/\/www.die-stadtzeitung.de\/index.php\/wp-json\/wp\/v2\/tags?post=59523"}],"curies":[{"name":"wp","href":"https:\/\/api.w.org\/{rel}","templated":true}]}}