{"id":59501,"date":"2023-01-02T10:39:10","date_gmt":"2023-01-02T09:39:10","guid":{"rendered":"https:\/\/www.die-stadtzeitung.de\/?p=59501"},"modified":"2023-01-05T16:27:52","modified_gmt":"2023-01-05T15:27:52","slug":"udo-dziersk-haben-nichts-aus-bisherigen-kriegen-gelernt","status":"publish","type":"post","link":"https:\/\/www.die-stadtzeitung.de\/index.php\/2023\/01\/02\/udo-dziersk-haben-nichts-aus-bisherigen-kriegen-gelernt\/","title":{"rendered":"Udo Dziersk: Haben nichts aus bisherigen Kriegen gelernt"},"content":{"rendered":"<div id=\"attachment_59510\" class=\"wp-caption alignnone\" style=\"max-width: 922px;\"><img loading=\"lazy\" decoding=\"async\" class=\" wp-image-59510\" src=\"\/wp-content\/uploads\/2022\/12\/20200327_131439-1-1024x576-1-2.jpeg\" alt=\"\" width=\"912\" height=\"609\" \/><span class=\"wp-caption-text\">Der Maler und Dozent Udo Dziersk &#8211; \u00a9 privat<\/span><\/div>\n<p>Er kommt viel in der Kunst-Welt herum. Udo Dziersk ist Kunstpfofessor an der Kunstakademie in D\u00fcsseldorf und besitzt eine Gastprofessur in China (Academy Of Fine Arts in Xi&#8217;an). Au\u00dferdem erhielt er Lehrauftr\u00e4ge in Albanien (Kunstakademie in Trirana), in Ru\u00dfland (Kunstkademie Savitski in Pensa) und Italien (Accademia di Belle Arti in Palermo).<span class=\"Apple-converted-space\">\u00a0<\/span><\/p>\n<p>Sein Atelier und sein Zuhause hat der der Maler und Dozent Udo Dziersk (61) in einer alten Schreinerei in der N\u00e4he der Steinstra\u00dfe. Hier entstehen seine Werke, eine Mixture aus abstrakten und gegenst\u00e4ndlichen Elementen.<\/p>\n<p>Der geb\u00fcrtige Gelsenkirchener h\u00e4tte beinahe nicht nur mit dem Pinsel, sondern auch mit dem Fu\u00dfball Karriere gemacht. In der Oberliga-Mannschaft des STV Horst-Emscher spielte er im Tor.<span class=\"Apple-converted-space\">\u00a0<\/span><\/p>\n<p>Im Interview mit der STADTZEITUNG warf er einen Blick zur\u00fcck und einen nach vorn.<\/p>\n<p><b>DS: Wie sieht Ihre pers\u00f6nliche Bilanz des Jahres 2022 aus?<\/b><\/p>\n<p>Udo Dziersk: &#8222;Ich bilanziere: Ich bin dankbar daf\u00fcr, dass die Einschr\u00e4nkungen durch die Corona-Pandemie sich deutlich verringert haben und sich deshalb nat\u00fcrlich mein eigener Radius wieder vergr\u00f6\u00dferte.<span class=\"Apple-converted-space\">\u00a0<\/span>Die Ausstellungst\u00e4tigkeiten konnten dadurch auch wieder an Fahrt gewinnen. Was mich nat\u00fcrlich freut.<span class=\"Apple-converted-space\">\u00a0<\/span>Wenig erfreulich ist die Einsicht, dass die Menschen selbst im 21. Jahrhundert nichts aus den bisherigen Kriegen gelernt haben.&#8220;<\/p>\n<div id=\"attachment_56584\" class=\"wp-caption alignnone\" style=\"max-width: 660px;\"><img loading=\"lazy\" decoding=\"async\" class=\" wp-image-56584\" src=\"\/wp-content\/uploads\/2020\/07\/20200412_164516-2-1024x599-2.jpeg\" alt=\"\" width=\"650\" height=\"445\" \/><span class=\"wp-caption-text\">Der K\u00fcnstler Udo Dziersk in seinem Atelier &#8211; \u00a9 privat<\/span><\/div>\n<p><b>DS: Was ist aus Ihrer Sicht positiv gelaufen?<\/b><\/p>\n<p>Udo Dziersk: &#8222;Ich konnte im Jahr 2022 einige Ausstellungen gestalten, die mir ein cooles Feedback brachten. Einige verwilderte Katzen \u2013 schwarz + sch\u00f6n \u2013 haben meine Bleibe, mein Anwesen erobert.&#8220;<\/p>\n<p><b>DS: Was hat Sie eher nachdenklich gestimmt oder gar schockiert?<\/b><\/p>\n<p>Udo Dziersk: &#8222;Der Krieg zwischen der Ukraine und Russland.<span class=\"Apple-converted-space\">\u00a0<\/span>Einige politische Entscheidungen bez\u00fcglich der Auswirkungen des Krieges als auch der Pandemiebek\u00e4mpfung erscheinen mir wenig zu Ende gedacht und verursachten durchaus Irritationen im Privaten und Beruflichen.&#8220;<\/p>\n<p><b>DS: Wie interpretieren Sie f\u00fcr sich das &#8222;Wort des Jahres&#8220; Zeitenwende?<\/b><\/p>\n<p>Udo Dzierksk: &#8222;Ich kann mit dem Begriff \u201eZeitenwende\u201c \u00fcberhaupt gar nichts anfangen. Kann sich eine Zeit denn eigentlich irgendwo hinwenden? W\u00fcrde mit jedem Krieg eine Zeitenwende eingesetzt haben, so h\u00e4tten wir sicherlich mehr gelernt, empf\u00e4nden mehr Friede, Liebe und soziale Gerechtigkeit.<span class=\"Apple-converted-space\">\u00a0<\/span>Gibt es eigentlich auch den \u201eFederhalter\u201c des Jahres?<\/p>\n<p><b>DS: Haben die aktuellen Ereignisse sogar dazu gef\u00fchrt, dass Sie alte \u00dcberzeugungen \u00fcber Bord geworfen und Sie Ihre Meinung ge\u00e4ndert haben?<\/b><\/p>\n<p>Udo Dziersk: &#8222;Nein, ich setze auf Dialog, Gelassenheit und Intelligenz.&#8220;<\/p>\n<p><b>DS: L\u00f6st Putins Krieg in der Ukraine sogar Zukunfts\u00e4ngste bei Ihnen aus?<\/b><\/p>\n<p>Udo Dziersk: &#8222;Nein, tut er nicht. Habe ich w\u00e4hrend der letzten Kriege zu meinen Lebzeiten diese \u00c4ngste gehabt?<span class=\"Apple-converted-space\">\u00a0<\/span>Meine Mutter \u2013 diese 92-j\u00e4hrige bezaubernde Dame \u2013 hat den zweiten Weltkrieg in Deutschland miterlebt; durch sie habe ich erfahren positiv in die Zukunft zu schauen.&#8220;<\/p>\n<p><b>DS: Was sind Deine gr\u00f6\u00dften Sorgen?<\/b><\/p>\n<p>Udo Dziersk: &#8222;Dass meine schwarzen + sch\u00f6nen \u201eMitbewohner\u201c mich wieder verlassen\u2026&#8220;<\/p>\n<p><b>DS: Was macht Ihnen Hoffnung?<\/b><\/p>\n<p>Udo Dziersk: &#8222;Hoffnung worauf?? Sicherlich mein Vertrauen in meinen Gestaltungswillen.&#8220;<\/p>\n<div id=\"attachment_56574\" class=\"wp-caption alignnone\" style=\"max-width: 659px;\"><img loading=\"lazy\" decoding=\"async\" class=\" wp-image-56574\" src=\"\/wp-content\/uploads\/2022\/11\/Udo-Dziersk-Wuppertaler-Atelier-2-1024x697-2.jpeg\" alt=\"\" width=\"649\" height=\"453\" \/><span class=\"wp-caption-text\">Udo Dziersk in seiner Atelier &#8211; \u00a9 privat<\/span><\/div>\n<p><b>DS: Welches war f\u00fcr Sie der r\u00fchrendste, emotionalste Moment im angelaufenen Jahr?<\/b><\/p>\n<p>Udo Dziersk: &#8222;Ein Sturm zerlegte meine riesige Zeder und diese legte sich nicht gerade sanft auf mein Atelierdach: Sieben \u00a0St\u00fctzbalken gebrochen. Aua!! Die sofortige und tatkr\u00e4ftige Hilfe von einigen meiner Freunde und Freundinnen hat mich sehr beeindruckt und das war schon sehr sehr emotional.&#8220;<\/p>\n<p><b>DS: Mit welchen Vors\u00e4tzen gehen Sie ins neue Jahr?<\/b><\/p>\n<p>Udo Dziersk: &#8222;Ich habe keine Vors\u00e4tze, aber ich habe Ideen.&#8220;<\/p>\n<p><b>DS: Welche W\u00fcnsche haben Sie f\u00fcr 2023?<\/b><\/p>\n<p>Udo Dziersk: &#8222;Endlich wieder in Xi `an (China) meine Studierenden und dortigen Kollegen und Kolleginnen im Rahmen meiner Gastprofessur zu sehen und meinen Unterricht mit den Studierenden wieder aufzunehmen. Ich hoffe Corona macht mir in 2023 nicht erneut einen Strich durch meine Rechnung.\u00a0Ruhe im Konflikt zwischen der Ukraine und Russland.&#8220;<\/p>\n<div id=\"attachment_56572\" class=\"wp-caption alignnone\" style=\"max-width: 437px;\"><img loading=\"lazy\" decoding=\"async\" class=\"size-full wp-image-56572\" src=\"\/wp-content\/uploads\/2022\/11\/Udo9684-2.jpeg\" alt=\"\" width=\"427\" height=\"361\" \/><span class=\"wp-caption-text\">Der Maler Udo Dziersk &#8211; \u00a9 Orion Dahlmann<\/span><\/div>\n<p><b>DS: Was k\u00f6nnen die Wuppertalerin und Wuppertaler von Ihnen im n\u00e4chsten Jahr als K\u00fcnstler und Kulturschaffender erwarten?<\/b><\/p>\n<p>Udo Dziersk: &#8222;Auf jeden Fall neue Bilder, interessante Ausstellungen und m\u00f6glicherweise auch mal eine in Wuppertal?&#8220;<\/p>\n<p><strong>Das Interview f\u00fchrte Peter Pionke<\/strong><\/p>\n","protected":false},"excerpt":{"rendered":"<p>2022 neigt sich dem Ende zu. F\u00fcr viele ein Jahr zum Vergessen! Putins Angriffskrieg auf die Ukraine hat die Welt ver\u00e4ndert. Betroffen sind in erster Linie die Menschen in der Ukraine. Aber Auswirkungen hat der Krieg auch auf die Energieversorgung und die Preise bei uns. Auch die Folgen der Covid-19-Pandemie sind immer noch sp\u00fcrbar. K\u00fcnstlerinnen, K\u00fcnstler und Kulturschaffende schauen in ihrem  ganz pers\u00f6nlichen Jahresr\u00fcckblick auf 2022 zur\u00fcck &#8211; wie Udo Dziersk.<\/p>\n","protected":false},"author":7,"featured_media":0,"comment_status":"open","ping_status":"open","sticky":false,"template":"","format":"standard","meta":{"footnotes":""},"categories":[29],"tags":[],"class_list":["post-59501","post","type-post","status-publish","format-standard","hentry","category-kultur"],"publishpress_future_action":{"enabled":false,"date":"2026-05-06 06:46:49","action":"change-status","newStatus":"draft","terms":[],"taxonomy":"category","extraData":[]},"publishpress_future_workflow_manual_trigger":{"enabledWorkflows":[]},"_links":{"self":[{"href":"https:\/\/www.die-stadtzeitung.de\/index.php\/wp-json\/wp\/v2\/posts\/59501","targetHints":{"allow":["GET"]}}],"collection":[{"href":"https:\/\/www.die-stadtzeitung.de\/index.php\/wp-json\/wp\/v2\/posts"}],"about":[{"href":"https:\/\/www.die-stadtzeitung.de\/index.php\/wp-json\/wp\/v2\/types\/post"}],"author":[{"embeddable":true,"href":"https:\/\/www.die-stadtzeitung.de\/index.php\/wp-json\/wp\/v2\/users\/7"}],"replies":[{"embeddable":true,"href":"https:\/\/www.die-stadtzeitung.de\/index.php\/wp-json\/wp\/v2\/comments?post=59501"}],"version-history":[{"count":11,"href":"https:\/\/www.die-stadtzeitung.de\/index.php\/wp-json\/wp\/v2\/posts\/59501\/revisions"}],"predecessor-version":[{"id":59550,"href":"https:\/\/www.die-stadtzeitung.de\/index.php\/wp-json\/wp\/v2\/posts\/59501\/revisions\/59550"}],"wp:attachment":[{"href":"https:\/\/www.die-stadtzeitung.de\/index.php\/wp-json\/wp\/v2\/media?parent=59501"}],"wp:term":[{"taxonomy":"category","embeddable":true,"href":"https:\/\/www.die-stadtzeitung.de\/index.php\/wp-json\/wp\/v2\/categories?post=59501"},{"taxonomy":"post_tag","embeddable":true,"href":"https:\/\/www.die-stadtzeitung.de\/index.php\/wp-json\/wp\/v2\/tags?post=59501"}],"curies":[{"name":"wp","href":"https:\/\/api.w.org\/{rel}","templated":true}]}}