{"id":59440,"date":"2022-12-23T06:00:05","date_gmt":"2022-12-23T05:00:05","guid":{"rendered":"https:\/\/www.die-stadtzeitung.de\/?p=59440"},"modified":"2022-12-31T06:07:40","modified_gmt":"2022-12-31T05:07:40","slug":"hans-juergen-hiby-endlich-wieder-als-bildhauer-arbeiten","status":"publish","type":"post","link":"https:\/\/www.die-stadtzeitung.de\/index.php\/2022\/12\/23\/hans-juergen-hiby-endlich-wieder-als-bildhauer-arbeiten\/","title":{"rendered":"Hans-J\u00fcrgen Hiby: Endlich wieder als Bildhauer arbeiten"},"content":{"rendered":"<div id=\"attachment_45507\" class=\"wp-caption alignnone\" style=\"max-width: 1034px;\"><img loading=\"lazy\" decoding=\"async\" class=\"size-large wp-image-45507\" src=\"\/wp-content\/uploads\/2021\/06\/130615-Hiby-2-1024x682.jpg\" alt=\"\" width=\"1024\" height=\"682\" \/><span class=\"wp-caption-text\">Bei der Arbeit: Der erfolgreiche Wuppertaler Bildhauer Hans-J\u00fcrgen Hiby &#8211; \u00a9 Thomas S\u00e4nger<\/span><\/div>\n<p>Der bundesweit bekannte Bildhauer ist ein Meister seines Fachs. Er arbeitet bei seinen Werken u.a. mit Holz und Stein. Seine oft Zentner schweren Skulpturen schm\u00fccken \u00f6ffentliche Pl\u00e4tze in vielen deutschen St\u00e4dten.<\/p>\n<p>Die Kunstwerke, die f\u00fcr die Ewigkeit geschaffen zu sein scheinen, verlangen Hans-J\u00fcrgen Hiby (81) k\u00f6rperlich alles ab. Mit sechs Kettens\u00e4gen unterschiedlicher Gr\u00f6\u00dfe bearbeitet er meterdicke Baumst\u00e4mme gew\u00f6hnlich. So entstehen die Rohlinge f\u00fcr seine Skulpturen wie \u201eDer letzte Tanz?\u201c, eine Hommage an die weltber\u00fchmte Tanztheater-Chefin Pina Bausch.<\/p>\n<p>Den letzten Schliff erhalten seine Skulpturen durch Schnitzwerkzeuge, Schleifmaschinen und zum Schluss per Hand durch Schmirgelpapier.\u00a0&#8222;Kunst mit der Kettens\u00e4ge&#8220;, haben wir einmal ein Portr\u00e4t des sympathischen, authentischen K\u00fcnstler betitelt.<\/p>\n<p>Ihm Moment mu\u00df der Bildhauer notgedrungen eine Zwangspause einlegen. Nach einer erfolgreichen Handoperation hat ihm sein Arzt noch Schonung verschrieben. Dass dies dem agilen K\u00fcnstler nicht gerade leicht f\u00e4llt, davon Ehefrau Doris, mit der Hans-J\u00fcrgen Hiby seit \u00fcber 50 Jahren gl\u00fccklich verheiratet ist, ein Lied singen.<\/p>\n<p>Im Interview l\u00e4sst er das Jahr 2022 Revue passieren.<\/p>\n<p><strong>DS: Wie sieht Ihre pers\u00f6nliche Bilanz des Jahres 2022 aus?<\/strong><\/p>\n<p>Hans-J\u00fcrgen Hiby: &#8222;\u00dcberwiegend positiv:<span class=\"Apple-converted-space\">\u00a0Erstens war\u00a0<\/span>die WOGA 2022 wider meinen Erwartungen sehr gut besucht,\u00a0allerdings waren die vielen Gespr\u00e4che durch die Maske sehr anstrengend.\u00a0Zweitens blieben meine Frau und ich bisher zum Gl\u00fcck von Corona und Grippe unbehelligt, dank der gesundheitlichen F\u00fcrsorge durch meine Frau. Drittens\u00a0ist meine Karpaltunnel-OP der rechten Hand gut verlaufen. Den\u00a0endg\u00fcltigen Heilungsprozess muss ich allerdings mit viel Ungeduld noch abwarten, bis ich endlich wieder bildhauern kann.&#8220;<\/p>\n<div id=\"attachment_45493\" class=\"wp-caption alignnone\" style=\"max-width: 564px;\"><img loading=\"lazy\" decoding=\"async\" class=\" wp-image-45493\" src=\"\/wp-content\/uploads\/2022\/01\/image007-2.jpg\" alt=\"\" width=\"554\" height=\"385\" \/><span class=\"wp-caption-text\">Der Bildhauer Hans-J\u00fcrgen Hiby &#8211; \u00a9 Vok Dams iNotes<\/span><\/div>\n<p><strong>DS: Was hat Sie eher nachdenklich gestimmt oder gar schockiert?<\/strong><\/p>\n<p>Hans-J\u00fcrgen Hiby: &#8222;Nachdenklich gestimmt haben mich die vielen Gro\u00dfveranstaltungen,\u00a0wie z.B.Karneval und Oktoberfest ohne Maskenpflicht. Die steigenden Inzidenzzahlen und \u00dcberlastung der Intensivstationen\u00a0in den Krankenh\u00e4usern sprechen f\u00fcr sich.&#8220;<\/p>\n<p><strong>DS: Wie interpretieren Sie f\u00fcr sich das &#8222;Wort des Jahres&#8220; Zeitenwende?<\/strong><\/p>\n<p>Hans-J\u00fcrgen Hiby: &#8222;Das Wort des Jahres \u201eZeitenwende\u201c besagt f\u00fcr mich noch gar nichts, denn eine \u201eWende\u201c kann es zum Positiven wie zum Negativen geben. Es sollte zun\u00e4chst vor allem von unseren Politikern einmal mit Inhalt gef\u00fcllt werden und dann sollten den\u00a0sch\u00f6nen Worten vor allem Taten folgen!&#8220;<\/p>\n<p><strong>DS: L\u00f6st Putins Krieg in der Ukraine Zukunfts\u00e4ngste bei Ihnen aus?<\/strong><\/p>\n<p>Hans-J\u00fcrgen Hiby: &#8222;Bei wem l\u00f6st Putins Krieg keine Sorgen und sogar Zukunfts\u00e4ngste aus? Diese Sorgen gelten weniger meiner pers\u00f6nlichen Zukunft mit fast 82 Jahren, als vielmehr der Zukunft<span class=\"Apple-converted-space\">\u00a0<\/span>meiner Kinder und Enkel.&#8220;<\/p>\n<p><strong>DS: Was sind Ihre gr\u00f6\u00dften Sorgen?<\/strong><\/p>\n<p>Hans-J\u00fcrgen Hiby: &#8222;Meine gr\u00f6\u00dfte Sorge ist der kaum noch umkehrbare Klimawandel, der auch wieder die nachfolgenden Generationen mit voller Wucht treffen wird.&#8220;<\/p>\n<p><strong>DS: Was macht Ihnen Hoffnung?<\/strong><\/p>\n<p>Hans-J\u00fcrgen Hiby: &#8222;Hoffnung macht mir die zunehmenden Politisierung einer kritischen\u00a0Jugend, die, wenn auch manchmal mit fragw\u00fcrdigen Aktionen \u00c4nderungen herbeizuf\u00fchren versucht &#8211; wie z.B &#8218;Die letzte Generation&#8216;, die sich u.a. auf Stra\u00dfen und auf Landebahnen von Flugh\u00e4fen festklebt. Sie sollten nachdenken, bevor sie handeln!&#8220;<\/p>\n<div id=\"attachment_45496\" class=\"wp-caption alignnone\" style=\"max-width: 562px;\"><img loading=\"lazy\" decoding=\"async\" class=\" wp-image-45496\" src=\"\/wp-content\/uploads\/2021\/12\/6e36f539c6a80bf353a7f0d97df97edf-2-1.jpeg\" alt=\"\" width=\"552\" height=\"399\" \/><span class=\"wp-caption-text\">Das Ehepaar Doris &amp; Hans-J\u00fcrgen Hiby &#8211; Seit vielen, vielen Jahren ein Herz und eine Seele &#8211; \u00a9 Thomas S\u00e4nger<\/span><\/div>\n<p><strong>DS: Mit welchen W\u00fcnschen und Vors\u00e4tzen gehen Sie in Jahr 2023?<\/strong><\/p>\n<p>Hans-J\u00fcrgen Hiby: &#8222;Meine W\u00fcnsche und Vors\u00e4tze f\u00fcrs neue Jahr sind: Gesund bleiben und endlich wieder bildhauerisch t\u00e4tig werden zu k\u00f6nnen!<span class=\"Apple-converted-space\">\u00a0<\/span>Vielleicht kann ich dann auch noch die schon lange geplante Skulptur f\u00fcr den Turbo-Kreisel Schmiedestra\u00dfe\/Mollenkotten ausf\u00fchren!&#8220;<span class=\"Apple-converted-space\">\u00a0<\/span><\/p>\n<p><strong>Das Interview f\u00fchrte Peter Pionke\u00a0<\/strong><\/p>\n<p>&nbsp;<\/p>\n<p><strong>Link zur Webseite von Hans-J\u00fcrgen Hiby:<\/strong><\/p>\n<p><a href=\"http:\/\/www.hiby-skulpturen.de\">http:\/\/www.hiby-skulpturen.de<\/a><\/p>\n","protected":false},"excerpt":{"rendered":"<p>2022 neigt sich dem Ende zu. F\u00fcr viele ein Jahr zum Vergessen! Putins Angriffskrieg auf die Ukraine hat die Welt ver\u00e4ndert. Betroffen sind in erster Linie die Menschen in der Ukraine. Aber Auswirkungen hat der Krieg auch auf die Energieversorgung und die Preise bei uns. Auch die Folgen der Covid-19-Pandemie sind immer noch sp\u00fcrbar. K\u00fcnstlerinnen, K\u00fcnstler und Kulturschaffende schauen in ihrem  ganz pers\u00f6nlichen Jahresr\u00fcckblick auf 2022 zur\u00fcck &#8211; wie Hans-J\u00fcrgen Hiby.<\/p>\n","protected":false},"author":7,"featured_media":0,"comment_status":"open","ping_status":"open","sticky":false,"template":"","format":"standard","meta":{"footnotes":""},"categories":[29],"tags":[],"class_list":["post-59440","post","type-post","status-publish","format-standard","hentry","category-kultur"],"publishpress_future_action":{"enabled":false,"date":"2026-05-04 07:08:38","action":"change-status","newStatus":"draft","terms":[],"taxonomy":"category","extraData":[]},"publishpress_future_workflow_manual_trigger":{"enabledWorkflows":[]},"_links":{"self":[{"href":"https:\/\/www.die-stadtzeitung.de\/index.php\/wp-json\/wp\/v2\/posts\/59440","targetHints":{"allow":["GET"]}}],"collection":[{"href":"https:\/\/www.die-stadtzeitung.de\/index.php\/wp-json\/wp\/v2\/posts"}],"about":[{"href":"https:\/\/www.die-stadtzeitung.de\/index.php\/wp-json\/wp\/v2\/types\/post"}],"author":[{"embeddable":true,"href":"https:\/\/www.die-stadtzeitung.de\/index.php\/wp-json\/wp\/v2\/users\/7"}],"replies":[{"embeddable":true,"href":"https:\/\/www.die-stadtzeitung.de\/index.php\/wp-json\/wp\/v2\/comments?post=59440"}],"version-history":[{"count":22,"href":"https:\/\/www.die-stadtzeitung.de\/index.php\/wp-json\/wp\/v2\/posts\/59440\/revisions"}],"predecessor-version":[{"id":59561,"href":"https:\/\/www.die-stadtzeitung.de\/index.php\/wp-json\/wp\/v2\/posts\/59440\/revisions\/59561"}],"wp:attachment":[{"href":"https:\/\/www.die-stadtzeitung.de\/index.php\/wp-json\/wp\/v2\/media?parent=59440"}],"wp:term":[{"taxonomy":"category","embeddable":true,"href":"https:\/\/www.die-stadtzeitung.de\/index.php\/wp-json\/wp\/v2\/categories?post=59440"},{"taxonomy":"post_tag","embeddable":true,"href":"https:\/\/www.die-stadtzeitung.de\/index.php\/wp-json\/wp\/v2\/tags?post=59440"}],"curies":[{"name":"wp","href":"https:\/\/api.w.org\/{rel}","templated":true}]}}