{"id":59432,"date":"2023-01-02T05:59:50","date_gmt":"2023-01-02T04:59:50","guid":{"rendered":"https:\/\/www.die-stadtzeitung.de\/?p=59432"},"modified":"2023-01-05T16:24:12","modified_gmt":"2023-01-05T15:24:12","slug":"vom-glaenzenden-schmuckkaestchen-zum-schandfleck","status":"publish","type":"post","link":"https:\/\/www.die-stadtzeitung.de\/index.php\/2023\/01\/02\/vom-glaenzenden-schmuckkaestchen-zum-schandfleck\/","title":{"rendered":"Vom gl\u00e4nzenden &#8222;Schmuckk\u00e4stchen&#8220; zum Schandfleck"},"content":{"rendered":"<div id=\"attachment_59477\" class=\"wp-caption alignnone\" style=\"max-width: 1034px;\"><img loading=\"lazy\" decoding=\"async\" class=\"size-large wp-image-59477\" src=\"\/wp-content\/uploads\/2022\/12\/PACH4888-01-2-1-1024x697.jpeg\" alt=\"\" width=\"1024\" height=\"697\" \/><span class=\"wp-caption-text\">So traurig sieht das einst so stolze Schmuck- und Uhrengesch\u00e4ft Abeler heute aus &#8211; \u00a9 Achim Otto<\/span><\/div>\n<p>Aus ganz Deutschland und dem nahen Ausland reisten Leute an, um 2.000 Uhren aus 5.000 Jahren Weltgeschichte im Wuppertaler Uhrenmuseum zu bestaunen, das im Kellergeschoss des Schmuckgesch\u00e4ftes untergebracht war.<\/p>\n<p>Den Gro\u00dfteil der Sammlung hatte der Goldschmiedemeister und Uhrmacher Georg Abeler 1955 aus dem Nachlass des verstorbenen K\u00f6lner Rechtsanwalts Heinrich Nils Antoine-Feill ersteigert.<span class=\"Apple-converted-space\">\u00a0<\/span><\/p>\n<p>1958 er\u00f6ffnete er dann das vielbeachtete Uhrenmuseum. Ein Publikumsmagnet! Sp\u00e4ter kamen noch Kronen- und Insignien, Ringe-, Speisekarten- und Weinetiketten-Sammlungen hinzu.<\/p>\n<p>\u00dcber eine Million Menschen nahmen sich im Laufe der Jahre die Zeit, das Uhrenmuseum in Wuppertal zu besuchen.<\/p>\n<p>Das Interesse lie\u00df aber im 21. Jahrhundert Jahr f\u00fcr Jahr nach. 2016 schlug dann f\u00fcr das Uhrenmuseum das letzte St\u00fcndlein. Die Mehrzahl der zum Teil sehr wertvollen Exponate wurde vom Auktionshaus Dr. H. Crott in Frankfurt versteigert.<\/p>\n<p>Ein Jahr sp\u00e4ter machte auch das traditionsreiche Schmuck- und Uhrengesch\u00e4ft Abeler im Herzen von Elberfeld dicht. Das Ende einer \u00c4ra nach 178 Jahren.<span class=\"Apple-converted-space\">\u00a0<\/span><\/p>\n<div id=\"attachment_59436\" class=\"wp-caption alignnone\" style=\"max-width: 1034px;\"><img loading=\"lazy\" decoding=\"async\" class=\"size-large wp-image-59436\" src=\"\/wp-content\/uploads\/2022\/12\/IMG_4571-2-2-1024x681.jpg\" alt=\"\" width=\"1024\" height=\"681\" \/><span class=\"wp-caption-text\">Ein Fotos aus Zeiten, als Abeler sogar nicht f\u00fcr Filmkameras interessant war &#8211; \u00a9 Paul Coon<\/span><\/div>\n<p>Verschiedene H\u00e4ndler mieteten danach das Ladenlokal in der Eilberfelder Fu\u00dfg\u00e4ngerzone auf Zeit an, um dort ihre Produkte zu verramschen. Immer wieder gab es Meldungen von neuen Nutzungspl\u00e4nen f\u00fcr die Immobilie, die inzwischen v\u00f6llig heruntergekommen ist.<span class=\"Apple-converted-space\">\u00a0<\/span><\/p>\n<p>Keine Spur mehr von Glanz und Glamour vergangener Tage. Das Erdgescho\u00df des Geb\u00e4udes ist eine Ruine! Nur noch das Glockenspiel, die Weltzeit-, die Drei-R\u00e4der- und die Weltbev\u00f6lkerungsuhr an der Hausfassade, die alle still stehen, erinnern noch an glorreiche Zeiten. Ein trauriger Anblick!<\/p>\n<p>Heute gibt es noch das Schmuck- und Uhrengesch\u00e4ft, das Nadja und Hendrick Abeler am Elberfelder Rathaus (Willy-Brandt-Platz 20) f\u00fchren.\u00a0<b>(pp)<\/b><\/p>\n","protected":false},"excerpt":{"rendered":"<p>Das waren noch Zeiten! Mehrmals t\u00e4glich bildeten sich Menschentrauben vor dem Uhren- und Schmuckgesch\u00e4ft Abeler auf der Poststra\u00dfe, dann n\u00e4mlich, wenn das Glockenspiel ert\u00f6nte. Wenn es um Rolex- oder Cartier-Uhren ging, war das Fachgesch\u00e4ft von Georg und sp\u00e4ter J\u00fcrgen und Hendrick Abeler in der Elberfelder Fu\u00dfg\u00e4ngerzone erste Adresse f\u00fcr Wuppertals Gesellschaft. Mittlerweile ist es ein Schandfleck!<\/p>\n","protected":false},"author":7,"featured_media":0,"comment_status":"open","ping_status":"open","sticky":false,"template":"","format":"standard","meta":{"footnotes":""},"categories":[24],"tags":[],"class_list":["post-59432","post","type-post","status-publish","format-standard","hentry","category-wuppertal"],"publishpress_future_action":{"enabled":false,"date":"2026-05-04 07:10:04","action":"change-status","newStatus":"draft","terms":[],"taxonomy":"category","extraData":[]},"publishpress_future_workflow_manual_trigger":{"enabledWorkflows":[]},"_links":{"self":[{"href":"https:\/\/www.die-stadtzeitung.de\/index.php\/wp-json\/wp\/v2\/posts\/59432","targetHints":{"allow":["GET"]}}],"collection":[{"href":"https:\/\/www.die-stadtzeitung.de\/index.php\/wp-json\/wp\/v2\/posts"}],"about":[{"href":"https:\/\/www.die-stadtzeitung.de\/index.php\/wp-json\/wp\/v2\/types\/post"}],"author":[{"embeddable":true,"href":"https:\/\/www.die-stadtzeitung.de\/index.php\/wp-json\/wp\/v2\/users\/7"}],"replies":[{"embeddable":true,"href":"https:\/\/www.die-stadtzeitung.de\/index.php\/wp-json\/wp\/v2\/comments?post=59432"}],"version-history":[{"count":7,"href":"https:\/\/www.die-stadtzeitung.de\/index.php\/wp-json\/wp\/v2\/posts\/59432\/revisions"}],"predecessor-version":[{"id":59480,"href":"https:\/\/www.die-stadtzeitung.de\/index.php\/wp-json\/wp\/v2\/posts\/59432\/revisions\/59480"}],"wp:attachment":[{"href":"https:\/\/www.die-stadtzeitung.de\/index.php\/wp-json\/wp\/v2\/media?parent=59432"}],"wp:term":[{"taxonomy":"category","embeddable":true,"href":"https:\/\/www.die-stadtzeitung.de\/index.php\/wp-json\/wp\/v2\/categories?post=59432"},{"taxonomy":"post_tag","embeddable":true,"href":"https:\/\/www.die-stadtzeitung.de\/index.php\/wp-json\/wp\/v2\/tags?post=59432"}],"curies":[{"name":"wp","href":"https:\/\/api.w.org\/{rel}","templated":true}]}}