{"id":59416,"date":"2022-12-22T13:53:41","date_gmt":"2022-12-22T12:53:41","guid":{"rendered":"https:\/\/www.die-stadtzeitung.de\/?p=59416"},"modified":"2022-12-31T06:23:10","modified_gmt":"2022-12-31T05:23:10","slug":"maler-christian-von-grumbkow-hat-2022-viel-geschaffen","status":"publish","type":"post","link":"https:\/\/www.die-stadtzeitung.de\/index.php\/2022\/12\/22\/maler-christian-von-grumbkow-hat-2022-viel-geschaffen\/","title":{"rendered":"Maler Christian von Grumbkow hat 2022 viel geschaffen"},"content":{"rendered":"<div id=\"attachment_59422\" class=\"wp-caption alignnone\" style=\"max-width: 1034px;\"><img loading=\"lazy\" decoding=\"async\" class=\"size-large wp-image-59422\" src=\"\/wp-content\/uploads\/2022\/12\/9-Norderney-2-1024x878.jpg\" alt=\"\" width=\"1024\" height=\"878\" \/><span class=\"wp-caption-text\">Christian von Grumbkow mit Lebensgef\u00e4hrtin Daria Antsiferova bei\u00a0einem Urlaub auf der Nordseeinsel Norderney &#8211; \u00a9 privat<\/span><\/div>\n<p>&#8222;Mein kurzer R\u00fcckblick auf ein Jahr, das teilweise wie aus den Fugen geratenen erschien und ja immer\u00a0noch nicht so wirklich nach Frieden, Freude, Eierkuchen schmeckt.<\/p>\n<p>Erstaunlich f\u00fcr mich ist, wie schnell wir Menschen uns an diese Katastrophen zu gew\u00f6hnen scheinen\u00a0und wie schnell wir uns auch einstellen und Strategien entwickeln, um irgendwie zu Recht zu kommen &#8211; mit den neuen Herausforderungen.<\/p>\n<p>F\u00fcr mich pers\u00f6nlich gab es sehr spannende, lehrreiche und wirklich begl\u00fcckende Situationen im Bereich\u00a0der Kunst, auch wenn dieses st\u00f6rende Hintergrundrauschen aus Pandemie und Krieg, Skandalen und\u00a0Energiekrise nat\u00fcrlich unterschwellig anwesend war und noch ist.<\/p>\n<p>Die Ausstellung bei Heike Schumacher (Galerie in \u00dcberlingen) zum Thema \u201eLicht\u201c, die \u00fcber den Jahreswechsel\u00a02021\/22 bis ins Fr\u00fchjahr zu sehen war, konnte zwar Corona bedingt nicht mit einer Vernissage er\u00f6ffnet\u00a0werden, war aber dennoch ein spannender und sogar auch erfolgreicher Beitrag zu einem wirklich wichtigen\u00a0Thema in d\u00fcsteren Zeiten.<\/p>\n<p>Anschlie\u00dfend wurden zehn gr\u00f6\u00dfere Arbeiten von Dr. Johann Severin Campean f\u00fcr das neu erbaute und sehr sch\u00f6n eingerichtete\u00a0Hospiz- und Palliativzentrum in Velbert ausgew\u00e4hlt.<\/p>\n<div id=\"attachment_59425\" class=\"wp-caption alignnone\" style=\"max-width: 650px;\"><img loading=\"lazy\" decoding=\"async\" class=\"wp-image-59425 size-full\" src=\"\/wp-content\/uploads\/2022\/12\/13-KriegFrieden-Solingen.jpg\" alt=\"\" width=\"640\" height=\"480\" \/><span class=\"wp-caption-text\">Christian von Grumbkow&#8217;s Ausstellung &#8222;Krieg &amp; Frieden&#8220; in der Galerie Balke in Solingen &#8211; \u00a9 CvG<\/span><\/div>\n<p>Zum 1. Mai bestritt unsere K\u00fcnstlergruppe &#8222;Der Wald und der Sturm&#8220; in K\u00f6nigswinter, in einer\u00a0Gr\u00fcnderzeitvilla in der Hauptstra\u00dfe 497, eine Ausstellung mit den bereits bestehenden Arbeiten. Auf Einladung<\/p>\n<p>von Franca Perschen und Helmut Reinelt (Kulturb\u00fcro nr. 5) durften wir als artists-in-residence f\u00fcr vier Monate\u00a0dort arbeiten und mit den dann vor Ort neu entstandenen Werken eine weitere Vernissage Ende August\u00a0feiern.<span class=\"Apple-converted-space\">\u00a0<\/span><\/p>\n<p>Das war eine sehr bewegende und innovative Aktion, in der es k\u00fcnstlerisch und sozial eine Menge\u00a0Zuwachs f\u00fcr uns und unser Projekt gab. Trotz einiger irritierender Momente bin ich Franca und Helmut\u00a0sowie den Mitstreiterinnen sehr sehr dankbar f\u00fcr diese wichtige Zeit!<\/p>\n<p>Im Mai fand auch die spektakul\u00e4re Schau \u201eVon Drinnen nach drau\u00dfen&#8220; in der Glashalle\/Stadtsparkasse\u00a0Wuppertal statt. Zum Teil mit gro\u00dfformatigen Drucken unserer im Vorjahr auf Litfa\u00dfs\u00e4ulen gezeigten Arbeiten.<\/p>\n<p>Im September wurde meine Einzelausstellung \u201eKrieg &amp; Frieden\u201c in der Galerie Dirk Balke (Solingen) er\u00f6ffnet. Zwei Tage sp\u00e4ter fand dann im wundersch\u00f6nen Park des Kunstverlegers Lawrence Walmsley und seiner\u00a0Frau Susanne &#8222;Art In The Park&#8220; in Ettlingen, statt.<\/p>\n<div id=\"attachment_59426\" class=\"wp-caption alignnone\" style=\"max-width: 650px;\"><img loading=\"lazy\" decoding=\"async\" class=\"wp-image-59426 size-full\" src=\"\/wp-content\/uploads\/2022\/12\/14-Galerie-Balke-Solingen-2.jpg\" alt=\"\" width=\"640\" height=\"387\" \/><span class=\"wp-caption-text\">Die Galerie Balke in Solingen mit Werken von Christian von Grumbkow &#8211; \u00a9 CvG<\/span><\/div>\n<p>Das war logistisch zwar eine heftige Herausforderung, aber am Ende bei traumhaftem Wetter, ein ganz tolles Event\u00a0mit den Arbeiten von Reinhard Voss, Karin Kieltsch, Sabine Henzler und meinen \u201eschwebenden\u201c Bildern.<\/p>\n<p>Die Kunstmesse C.A.R., in der Zeche Zollverein (Essen), konnte schon wieder unter fast normalen Bedingungen stattfinden.\u00a0Dirk Balke zeigte neue Werke von seinen K\u00fcnstlern der Galerie.<\/p>\n<p>Anfang November gab es bei der WOGA viel Zulauf und gute Verk\u00e4ufe. Au\u00dferordentlich gefreut hat es mich,\u00a0dass der Sammler Stefan Schmersal mich nach vielen Jahren in dem Rahmen besucht hat und ganz\u00a0besondere Arbeiten f\u00fcr seine Sammlung ausgew\u00e4hlt hat.<\/p>\n<p>Das 10j\u00e4hrige Bestehen der Auktion &#8222;KUNST KANN`s&#8220;, wieder zu Gunsten von Jugendeinrichtungen in\u00a0Wuppertal, fand diesmal im musealen Ambiente der Kunsthalle Barmen statt und endete mit einem Rekordergebnis!<\/p>\n<p>Zum guten Schluss initiierte die Westdeutsche Zeitung kurz vor Weihnachten eine weitere Kunstauktion\u00a0zu Gunsten der arg in Bedr\u00e4ngnis geratenen Tafeln in Krefeld und Wuppertal.<\/p>\n<p>Jaana Caspary, Willi Cassel,\u00a0Uwe Esser und ich wurden ausgew\u00e4hlt f\u00fcr diese Aktion und wir erfuhren staunend die gewaltige Werbepower\u00a0der WZ.\u00a0Fast t\u00e4glich kamen ausf\u00fchrliche Berichte und Hinweise im Vorfeld und mit Filmbeitr\u00e4gen wurde\u00a0zus\u00e4tzliche PR betrieben. Da nehmen sich die am Ende zusammen gekommenen gut 7.000 Euro gef\u00fchlt\u00a0doch etwas bescheiden aus.<\/p>\n<div id=\"attachment_59427\" class=\"wp-caption alignnone\" style=\"max-width: 649px;\"><img loading=\"lazy\" decoding=\"async\" class=\"wp-image-59427\" src=\"\/wp-content\/uploads\/2022\/12\/16-Von-Draussen-nach-Drinnen-Wuppertal.jpg\" alt=\"\" width=\"639\" height=\"479\" \/><span class=\"wp-caption-text\">Auch bei der Kunstshow \u201eVon Drinnen nach drau\u00dfen&#8220; in der Glashalle der Stadtsparkasse war Christian von Grumbkow vertreten \u00a9 CvG<\/span><\/div>\n<p>In einem weiteren Filmprojekt zum Thema \u201eK\u00fcnstler in NRW\u201c, das von Sejla\u00a0Ramic (Uni D\u00fcsseldorf) durchgef\u00fchrt wird, wurden wir sechs Kunstschaffenden ausf\u00fchrlich interviewt zu\u00a0unserer pers\u00f6nlichen\u00a0Situation und zu unseren k\u00fcnstlerischen Ans\u00e4tzen.<span class=\"Apple-converted-space\">\u00a0<\/span><\/p>\n<p>Der Film wird im Fr\u00fchjahr fertig. Ein drittes Film-Projekt ist ebenfalls in Vorbereitung. Mit der Journalistin Martina Kast (bekannt durch ihre\u00a0Beitr\u00e4ge bei ARTE, WDR, usw.). Hier handelt es sich auch um einen l\u00e4ngeren Film, der verschiedene\u00a0Schwerpunkte meiner Arbeit, aber auch dokumentarische Momente beinhalten wird.<\/p>\n<p>Wichtig ist mir hier noch zu erw\u00e4hnen, dass ich meiner Partnerin Daria Antsiferova zu verdanken habe,\u00a0dass ich die vielen, teilweise sehr herausfordernden und zeitintensiven Projekte nur Dank ihrer\u00a0tatkr\u00e4ftigen Beratung und Unterst\u00fctzung bew\u00e4ltigen konnte.<\/p>\n<p>Was bei so einer Aufz\u00e4hlung immer zu kurz kommt, sind die vielen kleinen und wunderbaren Momente,\u00a0die im allt\u00e4glichen Geschehen stattfinden, f\u00fcr deren Beschreibung aber in diesem Rahmen kaum Raum ist.<\/p>\n<p>Ob es die hilfsbereiten Menschen unserer Schloss Gemeinschaft sind, ob es die interessierten Atelier\u00a0Besucher oder die kooperierenden Foto K\u00fcnstler, wie Michael Utz, Matthias Dunemann und Markus Bollen sind,<\/p>\n<p>oder die Wald &amp; Sturm-Kolleginnen und -Kollegen, immer gibt es interessante, auch herausfordernde Gespr\u00e4che und unz\u00e4hlige,\u00a0sch\u00f6ne Situationen.<\/p>\n<div id=\"attachment_59428\" class=\"wp-caption alignnone\" style=\"max-width: 649px;\"><img loading=\"lazy\" decoding=\"async\" class=\"wp-image-59428\" src=\"\/wp-content\/uploads\/2022\/12\/5-Arpmuseum-2-1024x915.jpg\" alt=\"\" width=\"639\" height=\"571\" \/><span class=\"wp-caption-text\">Ein gl\u00fcckliches Paar: Christian von Grumbkow mit Lebensgef\u00e4hrtin Daria Antsiferova &#8211; \u00a9 CvG<\/span><\/div>\n<p>Viel Freude macht mir, neben der nahezu t\u00e4glichen, eigenen Malerei und dem Organisieren von Ausstellungen,\u00a0auch meine Arbeit mit rund 30 flei\u00dfigen und interessierten Malsch\u00fclerinnen und Malsch\u00fclern in meinem Atelier oder bei Workshops.<\/p>\n<p>Diese f\u00fchren mich im Auftrag der Firma Boesner in andere St\u00e4dte oder ich biete diese, oft zusammen mit Daria,\u00a0im Schloss L\u00fcntenbeck an.<\/p>\n<p>Zusammenfassend kann ich 2022 so einordnen: Trotz der bedrohlichen, besorgniserregenden politischen Situation,\u00a0der Krisen und Skandale stand das Jahr f\u00fcr mich im Zeichen von positiven, nachhaltig pr\u00e4genden und innovativen\u00a0Herausforderungen, die ich sehr gerne angenommen habe und f\u00fcr die ich allen dankbar bin.<\/p>\n<p><strong>Christian von Grumbkow<\/strong><\/p>\n","protected":false},"excerpt":{"rendered":"<p>Hinter dem Wuppertaler K\u00fcnstler Christian von Grumbkow liegt in ein bewegtes Jahr. Die dramatischen Ereignisse durch Putins Krieg in der Ukraine haben Spuren in seinen Arbeiten hinterlassen. Beispiel Ausstellung &#8222;Krieg &#038; Frieden&#8220;. Losgel\u00f6st von Corona-Pandemie, dem Ukriane-Krieg mit all seinen Folgen, kann der Maler und Ex-Musiker (Hoelderlin) unterm (Pinsel)-Strich f\u00fcr sich pers\u00f6nlich eine positive Bilanz ziehen.<\/p>\n","protected":false},"author":7,"featured_media":0,"comment_status":"open","ping_status":"open","sticky":false,"template":"","format":"standard","meta":{"footnotes":""},"categories":[29],"tags":[],"class_list":["post-59416","post","type-post","status-publish","format-standard","hentry","category-kultur"],"publishpress_future_action":{"enabled":false,"date":"2026-05-04 14:59:18","action":"change-status","newStatus":"draft","terms":[],"taxonomy":"category","extraData":[]},"publishpress_future_workflow_manual_trigger":{"enabledWorkflows":[]},"_links":{"self":[{"href":"https:\/\/www.die-stadtzeitung.de\/index.php\/wp-json\/wp\/v2\/posts\/59416","targetHints":{"allow":["GET"]}}],"collection":[{"href":"https:\/\/www.die-stadtzeitung.de\/index.php\/wp-json\/wp\/v2\/posts"}],"about":[{"href":"https:\/\/www.die-stadtzeitung.de\/index.php\/wp-json\/wp\/v2\/types\/post"}],"author":[{"embeddable":true,"href":"https:\/\/www.die-stadtzeitung.de\/index.php\/wp-json\/wp\/v2\/users\/7"}],"replies":[{"embeddable":true,"href":"https:\/\/www.die-stadtzeitung.de\/index.php\/wp-json\/wp\/v2\/comments?post=59416"}],"version-history":[{"count":5,"href":"https:\/\/www.die-stadtzeitung.de\/index.php\/wp-json\/wp\/v2\/posts\/59416\/revisions"}],"predecessor-version":[{"id":59438,"href":"https:\/\/www.die-stadtzeitung.de\/index.php\/wp-json\/wp\/v2\/posts\/59416\/revisions\/59438"}],"wp:attachment":[{"href":"https:\/\/www.die-stadtzeitung.de\/index.php\/wp-json\/wp\/v2\/media?parent=59416"}],"wp:term":[{"taxonomy":"category","embeddable":true,"href":"https:\/\/www.die-stadtzeitung.de\/index.php\/wp-json\/wp\/v2\/categories?post=59416"},{"taxonomy":"post_tag","embeddable":true,"href":"https:\/\/www.die-stadtzeitung.de\/index.php\/wp-json\/wp\/v2\/tags?post=59416"}],"curies":[{"name":"wp","href":"https:\/\/api.w.org\/{rel}","templated":true}]}}