{"id":59223,"date":"2022-12-14T14:43:11","date_gmt":"2022-12-14T13:43:11","guid":{"rendered":"https:\/\/www.die-stadtzeitung.de\/?p=59223"},"modified":"2022-12-23T10:49:51","modified_gmt":"2022-12-23T09:49:51","slug":"achim-otto-so-schoen-ist-wuppertal-im-winter","status":"publish","type":"post","link":"https:\/\/www.die-stadtzeitung.de\/index.php\/2022\/12\/14\/achim-otto-so-schoen-ist-wuppertal-im-winter\/","title":{"rendered":"Achim Otto: So sch\u00f6n ist Wuppertal im Winter"},"content":{"rendered":"<div id=\"attachment_59225\" class=\"wp-caption alignnone\" style=\"max-width: 1034px;\"><img loading=\"lazy\" decoding=\"async\" class=\"size-large wp-image-59225\" src=\"\/wp-content\/uploads\/2022\/12\/Achim-Otto-Winter-15-2-1024x725.jpeg\" alt=\"\" width=\"1024\" height=\"725\" \/><span class=\"wp-caption-text\">Wuppertaler Winter-Impressionen &#8211; \u00a9 Achim Otto<\/span><\/div>\n<p>Fotografieren ist seit jeher sein gro\u00dfes Hobby, seine Br\u00f6tchen hat Achim Otto fr\u00fcher als Industriekaufmann in der Werbe- und Marketingbranche verdient. Dennoch sind seine Fotos absolut professionell. \u00dcber 1.000 Mal wurden Fotos von ihm in allen Zeitungen des bergischen Dreiecks abgedruckt oder in Fernseh-Sendungen im WDR, NDR und von Sat1 gezeigt.<\/p>\n<p>Besonders stolz ist Achim Otto darauf, dass einige seiner Naturaufnahmen sogar den Wetterbericht in den \u201eARD-Tagesthemen\u201c geschm\u00fcckt haben.\u00a0Achim Otto: \u201eDa ich nicht f\u00fcrs Archiv arbeiten m\u00f6chte, versende ich meine Bilder immer an\u00a0Fernsehsender, Zeitungen und Agenturen.\u201c Mit Erfolg, wie man sieht\u2026<\/p>\n<p>Seine erste Kamera, eine \u201eAgfa Optima\u201c, bekam er als 14j\u00e4hriger zur Konfirmation geschenkt. Sofort machte es bei ihm Klick! Damals fotografierte Achim Otto noch analog mit ganz normalen Filmen und entwickelte seine Bilder sogar in einem kleinen Heim-Labor selbst.<span class=\"Apple-converted-space\">\u00a0<\/span><\/p>\n<div id=\"attachment_45481\" class=\"wp-caption alignnone\" style=\"max-width: 1034px;\"><img loading=\"lazy\" decoding=\"async\" class=\"size-large wp-image-45481\" src=\"\/wp-content\/uploads\/2020\/10\/131-2-01-2-1024x683.jpeg\" alt=\"\" width=\"1024\" height=\"683\" \/><span class=\"wp-caption-text\">Achim Otto mit seiner geliebten Leica &#8211; \u00a9 Achim Otto<\/span><\/div>\n<p>Nat\u00fcrlich ging der Achim Otto, der sich mit VHS-Foto-Kursen st\u00e4ndig weiterbildete, bei seinem Hobby mit der Zeit. Heute schie\u00dft er seine Bilder mit einer modernen Digital-Spiegelreflex-Kamera.<\/p>\n<p>Fr\u00fcher war er auch oft noch auf Familienfeiern mit der Kamera im Einsatz. Heute zieht es ihn nur noch hinaus in die Natur. Und das schon fr\u00fchmorgens, um ja keinen romantischen Sonnenaufgang oder gespenstischen Nebelschwaden zu verpassen. Auch die Schwebebahn ist eines seiner favorisierten Motive.<span class=\"Apple-converted-space\">\u00a0<\/span><\/p>\n<p>Nachmittags geht Achim Otto oft mit seiner Ehefrau spazieren \u2013 und auch dann ist die Kamera immer dabei. Fortsetzung folgt! Gemeinsam im Achim Otto w\u00fcnschen wir allen Leserinnen und Lesern der STADTZEITUNG einen friedvollen, harmonischen 4. Advent.\u00a0<b>(pp)<\/b><\/p>\n<div id=\"attachment_59227\" class=\"wp-caption alignnone\" style=\"max-width: 1034px;\"><img loading=\"lazy\" decoding=\"async\" class=\"size-large wp-image-59227\" src=\"\/wp-content\/uploads\/2022\/12\/Achim-Otto-winter-14-1024x697.jpeg\" alt=\"\" width=\"1024\" height=\"697\" \/><span class=\"wp-caption-text\">Achim Ottos Winter-Impressionen &#8211; \u00a9 Achim Otto<\/span><\/div>\n","protected":false},"excerpt":{"rendered":"<p>So sch\u00f6n kann Wuppertal im Winter sein. Fast jeden Tag ist der leidenschaftliche Fotograf Achim Otto mit seiner Kamera in seiner Heimatstadt Wuppertal unterwegs. Immer auf der Suche nach einem attraktiven Motiv. Auch diese beiden au\u00dfergew\u00f6hnlichen Momentaufnahmen sind ihm auf seiner kreativen Pirsch gelungen<\/p>\n","protected":false},"author":7,"featured_media":0,"comment_status":"open","ping_status":"open","sticky":false,"template":"","format":"standard","meta":{"footnotes":""},"categories":[24],"tags":[],"class_list":["post-59223","post","type-post","status-publish","format-standard","hentry","category-wuppertal"],"publishpress_future_action":{"enabled":false,"date":"2026-05-09 06:58:44","action":"change-status","newStatus":"draft","terms":[],"taxonomy":"category","extraData":[]},"publishpress_future_workflow_manual_trigger":{"enabledWorkflows":[]},"_links":{"self":[{"href":"https:\/\/www.die-stadtzeitung.de\/index.php\/wp-json\/wp\/v2\/posts\/59223","targetHints":{"allow":["GET"]}}],"collection":[{"href":"https:\/\/www.die-stadtzeitung.de\/index.php\/wp-json\/wp\/v2\/posts"}],"about":[{"href":"https:\/\/www.die-stadtzeitung.de\/index.php\/wp-json\/wp\/v2\/types\/post"}],"author":[{"embeddable":true,"href":"https:\/\/www.die-stadtzeitung.de\/index.php\/wp-json\/wp\/v2\/users\/7"}],"replies":[{"embeddable":true,"href":"https:\/\/www.die-stadtzeitung.de\/index.php\/wp-json\/wp\/v2\/comments?post=59223"}],"version-history":[{"count":5,"href":"https:\/\/www.die-stadtzeitung.de\/index.php\/wp-json\/wp\/v2\/posts\/59223\/revisions"}],"predecessor-version":[{"id":59232,"href":"https:\/\/www.die-stadtzeitung.de\/index.php\/wp-json\/wp\/v2\/posts\/59223\/revisions\/59232"}],"wp:attachment":[{"href":"https:\/\/www.die-stadtzeitung.de\/index.php\/wp-json\/wp\/v2\/media?parent=59223"}],"wp:term":[{"taxonomy":"category","embeddable":true,"href":"https:\/\/www.die-stadtzeitung.de\/index.php\/wp-json\/wp\/v2\/categories?post=59223"},{"taxonomy":"post_tag","embeddable":true,"href":"https:\/\/www.die-stadtzeitung.de\/index.php\/wp-json\/wp\/v2\/tags?post=59223"}],"curies":[{"name":"wp","href":"https:\/\/api.w.org\/{rel}","templated":true}]}}