{"id":59197,"date":"2022-12-17T11:15:01","date_gmt":"2022-12-17T10:15:01","guid":{"rendered":"https:\/\/www.die-stadtzeitung.de\/?p=59197"},"modified":"2022-12-17T11:15:01","modified_gmt":"2022-12-17T10:15:01","slug":"feuerwehr-spendet-der-ukraine-ein-loeschfahrzeug","status":"publish","type":"post","link":"https:\/\/www.die-stadtzeitung.de\/index.php\/2022\/12\/17\/feuerwehr-spendet-der-ukraine-ein-loeschfahrzeug\/","title":{"rendered":"Feuerwehr spendet der Ukraine ein L\u00f6schfahrzeug"},"content":{"rendered":"<div id=\"attachment_59199\" class=\"wp-caption alignnone\" style=\"max-width: 1034px;\"><img loading=\"lazy\" decoding=\"async\" class=\"size-large wp-image-59199\" src=\"\/wp-content\/uploads\/2022\/12\/ceaa15c12ac503e51ddbb1bf1489377a-2-1024x699.jpeg\" alt=\"\" width=\"1024\" height=\"699\" \/><span class=\"wp-caption-text\">Dezernent Matthias Nocke (l.) \u00fcberreicht Peter Klein vom Verein &#8222;Mensch zu Mensch&#8220; den symbolischen Schl\u00fcsse des gespendeten L\u00f6schfahrzeuges &#8211; \u00a9 Stadt Wuppertal<\/span><\/div>\n<p>Das L\u00f6schgruppenfahrzeug (Baujahr 1992) diente zuletzt als Reservefahrzeug der Feuerwehr Wuppertal. Inzwischen ist ein neues Fahrzeug angeschafft worden. So kann der L\u00f6schwagen demn\u00e4chst in der Ukraine gute Dienste leisten.<\/p>\n<p>Das Fahrzeug verf\u00fcgt \u00fcber einen L\u00f6schwassertank mit 1.200 Litern und kann direkt zur Brandbek\u00e4mpfung eingesetzt werden. Zur Beladung geh\u00f6ren neben Schl\u00e4uchen und Leitern auch ein Notstromger\u00e4t und Schneeketten.<\/p>\n<p>Der Verein \u201eMensch zu Mensch\u201c sorgt f\u00fcr die \u00dcberf\u00fchrung des Fahrzeugs in die Stadt Winnyzja in der Zentralukraine. Die Stadt wurde seit dem Sommer 2022 dreimal bombardiert und hat eine v\u00f6llig zerst\u00f6rte Infrastruktur.<span class=\"Apple-converted-space\">\u00a0<\/span><\/p>\n<p>Bereits im November konnten aus Spendengeldern f\u00fcnf Notstromaggregate angeschafft und in das dortige Krankenhaus transportiert werden, damit eine medizinische Notversorgung gesichert ist.<\/p>\n<p>Informationen zum Verein Mensch zu Mensch unter <a href=\"https:\/\/mzmev.org\/\">mzmev.org<\/a><\/p>\n<p>&nbsp;<\/p>\n","protected":false},"excerpt":{"rendered":"<p>Die Wuppertaler Feuerwehr spendet der Ukraine ein L\u00f6schfahrzeug. Der Verein \u201eMensch zu Mensch\u201c, der sich seit vielen Jahren f\u00fcr die Ukraine-Hilfe einsetzt, nahm den Fahrzeugschl\u00fcssel symbolisch an der Hauptfeuerwache entgegen.<\/p>\n","protected":false},"author":7,"featured_media":0,"comment_status":"open","ping_status":"open","sticky":false,"template":"","format":"standard","meta":{"footnotes":""},"categories":[24],"tags":[],"class_list":["post-59197","post","type-post","status-publish","format-standard","hentry","category-wuppertal"],"publishpress_future_action":{"enabled":false,"date":"2026-05-08 16:11:57","action":"change-status","newStatus":"draft","terms":[],"taxonomy":"category","extraData":[]},"publishpress_future_workflow_manual_trigger":{"enabledWorkflows":[]},"_links":{"self":[{"href":"https:\/\/www.die-stadtzeitung.de\/index.php\/wp-json\/wp\/v2\/posts\/59197","targetHints":{"allow":["GET"]}}],"collection":[{"href":"https:\/\/www.die-stadtzeitung.de\/index.php\/wp-json\/wp\/v2\/posts"}],"about":[{"href":"https:\/\/www.die-stadtzeitung.de\/index.php\/wp-json\/wp\/v2\/types\/post"}],"author":[{"embeddable":true,"href":"https:\/\/www.die-stadtzeitung.de\/index.php\/wp-json\/wp\/v2\/users\/7"}],"replies":[{"embeddable":true,"href":"https:\/\/www.die-stadtzeitung.de\/index.php\/wp-json\/wp\/v2\/comments?post=59197"}],"version-history":[{"count":2,"href":"https:\/\/www.die-stadtzeitung.de\/index.php\/wp-json\/wp\/v2\/posts\/59197\/revisions"}],"predecessor-version":[{"id":59200,"href":"https:\/\/www.die-stadtzeitung.de\/index.php\/wp-json\/wp\/v2\/posts\/59197\/revisions\/59200"}],"wp:attachment":[{"href":"https:\/\/www.die-stadtzeitung.de\/index.php\/wp-json\/wp\/v2\/media?parent=59197"}],"wp:term":[{"taxonomy":"category","embeddable":true,"href":"https:\/\/www.die-stadtzeitung.de\/index.php\/wp-json\/wp\/v2\/categories?post=59197"},{"taxonomy":"post_tag","embeddable":true,"href":"https:\/\/www.die-stadtzeitung.de\/index.php\/wp-json\/wp\/v2\/tags?post=59197"}],"curies":[{"name":"wp","href":"https:\/\/api.w.org\/{rel}","templated":true}]}}