{"id":59183,"date":"2022-12-16T11:19:26","date_gmt":"2022-12-16T10:19:26","guid":{"rendered":"https:\/\/www.die-stadtzeitung.de\/?p=59183"},"modified":"2022-12-18T11:19:41","modified_gmt":"2022-12-18T10:19:41","slug":"sattelschlepper-modell-als-werbetraeger-fuer-die-funior-uni","status":"publish","type":"post","link":"https:\/\/www.die-stadtzeitung.de\/index.php\/2022\/12\/16\/sattelschlepper-modell-als-werbetraeger-fuer-die-funior-uni\/","title":{"rendered":"Sattelschlepper-Modell als Werbetr\u00e4ger f\u00fcr die\u00a0 funior Uni"},"content":{"rendered":"<div id=\"attachment_59186\" class=\"wp-caption alignnone\" style=\"max-width: 1034px;\"><img loading=\"lazy\" decoding=\"async\" class=\"size-large wp-image-59186\" src=\"\/wp-content\/uploads\/2022\/12\/Mercedes-Sammler-Lkw-im-Junior-Uni-Design-2-1024x737.jpg\" alt=\"\" width=\"1024\" height=\"737\" \/><span class=\"wp-caption-text\">Frank Gro\u00dfjan, Leiter Vertrieb Service VD West II (Mercedes Benz Niederlassung Wuppertal), \u00fcberreichte Junior Uni-Gesch\u00e4ftsf\u00fchrerin Dr. Ariane Staab und Pressereferentin Frauke Fechtner (v.l.) zwei der limitierten Sonder-Lkw im Junior Uni-Design &#8211; \u00a9 Junior Uni<\/span><\/div>\n<p>Im Rahmen der Challenge #deintransportmittelderzukunft werden zudem einige Lkw an Studierende verlost.\u00a0500 dieser besonderen Exemplare des Actros\u201818 Gigaspace Koffersattelzug hat die Mercedes-Benz Niederlassung Wuppertal\/Solingen\/Remscheid in diesem Jahr aufgelegt.<span class=\"Apple-converted-space\">\u00a0<\/span><\/p>\n<p>Das Modell-Fahrzeug ist in einer speziell erstellten Box aufgestellt und mit einem Umkarton versehen. Es wird mit einer nummerierten Zertifikatskarte ausgeliefert. Einen Teil des Verkaufserl\u00f6ses in H\u00f6he von 2.000 Euro spendet das Unternehmen mit dem Stern der Junior-Uni.<span class=\"Apple-converted-space\">\u00a0<\/span><\/p>\n<p>\u201eWir m\u00f6chten mit unserer Spende dazu beitragen, dass das au\u00dferschulische Lern- und Bildungsangebot der Junior Uni noch weiter ausgebaut werden kann\u201c, so Frank Gro\u00dfjan und Harry B\u00fcqu\u00e9.<\/p>\n<p>Im Rahmen der Spenden\u00fcbergabe rief die Junior Uni zu einer neuen Challenge auf: \u201eWir danken Mercedes-Benz f\u00fcr die tolle Unterst\u00fctzung und m\u00f6chten gemeinsam einige Lkw-Modelle an unsere Studierenden weitergeben. Dazu haben wir die Challenge #deintransportmittelderzukunft ins Leben gerufen,\u201c berichtet Junior Uni-Gesch\u00e4ftsf\u00fchrerin Dr. Ariane Staab.<span class=\"Apple-converted-space\">\u00a0<\/span><\/p>\n<div id=\"attachment_59187\" class=\"wp-caption alignnone\" style=\"max-width: 1034px;\"><img loading=\"lazy\" decoding=\"async\" class=\"size-large wp-image-59187\" src=\"\/wp-content\/uploads\/2022\/12\/Mercedes-Sammler-Lkw-im-Junior-Uni-Design-2-3-1024x358.jpg\" alt=\"\" width=\"1024\" height=\"358\" \/><span class=\"wp-caption-text\">Das Mercedes-Benz-Sattelschlepper-Modell aus der N\u00e4he &#8211; \u00a9 Junior Uni<\/span><\/div>\n<p>Im Rahmen der Challenge d\u00fcrfen Studierende kreativ sein und nach Herzenslust designen, konstruieren und kreieren. Bis zum 20. Januar haben sie Zeit der Junior Uni ihr Transportmittel der Zukunft zu pr\u00e4sentieren \u2013 mit Fotos und Videos oder pers\u00f6nlich in der Junior Uni. \u201eWir freuen uns auf viele innovative und kreative Verkehrsmittel\u201c, sagt Dr. Ariane Staab.<\/p>\n<p>Die heimische Mercedes-Benz Niederlassung gibt seit rund 20 Jahren wechselnde Sondermodelle heraus, deren Verkaufserl\u00f6s zur Unterst\u00fctzung lokaler Projekte gespendet wird.<span class=\"Apple-converted-space\">\u00a0<\/span><\/p>\n<p>Das aktuelle Sondermodell ist in den Verkaufsstellen der Mercedes-Benz Niederlassung Wuppertal\/Solingen\/Remscheid zu erwerben. Alle Information zur Challenge gibt es auf den Social Media-Kan\u00e4len der Junior Uni und auf\u00a0 <a href=\"http:\/\/www.junioruni-wuppertal.de\/\">www.junioruni-wuppertal.de<\/a>.<\/p>\n<p>&nbsp;<\/p>\n<p>&nbsp;<\/p>\n","protected":false},"excerpt":{"rendered":"<p>Ganz sch\u00f6n abgefahren! Die Junior Uni freut sich \u00fcber eine Unterst\u00fctzung der besonderen Art. Frank Gro\u00dfjan und Harry B\u00fcqu\u00e9 von der Mercedes-Benz Niederlassung in Wuppertal haben Gesch\u00e4ftsf\u00fchrerin Dr. Ariane Staab 2.000 \u20ac Teilerl\u00f6s aus dem Verkauf des Lkw-Jahresmodells 2022 \u00fcbergeben, das mit dem Junior Uni-Design geschm\u00fcckt ist.<\/p>\n","protected":false},"author":7,"featured_media":0,"comment_status":"open","ping_status":"open","sticky":false,"template":"","format":"standard","meta":{"footnotes":""},"categories":[27],"tags":[],"class_list":["post-59183","post","type-post","status-publish","format-standard","hentry","category-wissen"],"publishpress_future_action":{"enabled":false,"date":"2026-05-05 08:22:32","action":"change-status","newStatus":"draft","terms":[],"taxonomy":"category","extraData":[]},"publishpress_future_workflow_manual_trigger":{"enabledWorkflows":[]},"_links":{"self":[{"href":"https:\/\/www.die-stadtzeitung.de\/index.php\/wp-json\/wp\/v2\/posts\/59183","targetHints":{"allow":["GET"]}}],"collection":[{"href":"https:\/\/www.die-stadtzeitung.de\/index.php\/wp-json\/wp\/v2\/posts"}],"about":[{"href":"https:\/\/www.die-stadtzeitung.de\/index.php\/wp-json\/wp\/v2\/types\/post"}],"author":[{"embeddable":true,"href":"https:\/\/www.die-stadtzeitung.de\/index.php\/wp-json\/wp\/v2\/users\/7"}],"replies":[{"embeddable":true,"href":"https:\/\/www.die-stadtzeitung.de\/index.php\/wp-json\/wp\/v2\/comments?post=59183"}],"version-history":[{"count":2,"href":"https:\/\/www.die-stadtzeitung.de\/index.php\/wp-json\/wp\/v2\/posts\/59183\/revisions"}],"predecessor-version":[{"id":59188,"href":"https:\/\/www.die-stadtzeitung.de\/index.php\/wp-json\/wp\/v2\/posts\/59183\/revisions\/59188"}],"wp:attachment":[{"href":"https:\/\/www.die-stadtzeitung.de\/index.php\/wp-json\/wp\/v2\/media?parent=59183"}],"wp:term":[{"taxonomy":"category","embeddable":true,"href":"https:\/\/www.die-stadtzeitung.de\/index.php\/wp-json\/wp\/v2\/categories?post=59183"},{"taxonomy":"post_tag","embeddable":true,"href":"https:\/\/www.die-stadtzeitung.de\/index.php\/wp-json\/wp\/v2\/tags?post=59183"}],"curies":[{"name":"wp","href":"https:\/\/api.w.org\/{rel}","templated":true}]}}