{"id":58918,"date":"2022-12-03T09:11:16","date_gmt":"2022-12-03T08:11:16","guid":{"rendered":"https:\/\/www.die-stadtzeitung.de\/?p=58918"},"modified":"2022-12-12T11:38:16","modified_gmt":"2022-12-12T10:38:16","slug":"zuenftiges-richtfest-am-29-000-qm-helios-neubau","status":"publish","type":"post","link":"https:\/\/www.die-stadtzeitung.de\/index.php\/2022\/12\/03\/zuenftiges-richtfest-am-29-000-qm-helios-neubau\/","title":{"rendered":"Z\u00fcnftiges Richtfest am 29.000-qm-Helios-Neubau"},"content":{"rendered":"<div id=\"attachment_58921\" class=\"wp-caption alignnone\" style=\"max-width: 1034px;\"><img loading=\"lazy\" decoding=\"async\" class=\"size-large wp-image-58921\" src=\"\/wp-content\/uploads\/2022\/12\/HUKW-Richtfest-01-2-1024x734.jpg\" alt=\"\" width=\"1024\" height=\"734\" \/><span class=\"wp-caption-text\">Helios-Richtfest: (v.l.) Heiner Fragemann (B\u00fcrgermeister), Simone Hyun (Pflegedirektorin), Enrico Jentsch (Helios-Privatkliniken) &#8211; \u00a9 HUKW<\/span><\/div>\n<p>Direkt neben dem Rohbau trafen sich: Heiner Fragemann, stellv. B\u00fcrgermeister der Stadt Wuppertal, Hans-Hermann L\u00fccke, Bezirksb\u00fcrgermeister von Barmen, Hans-Hermann L\u00fccke, Enrico Jensch, Helios-COO, Prof. Rudolf Leuwer, Helios-Arbeitsdirektor, \u00a0Simone Hyun, Pflegedirektorin des HUKW und Vertreter der Bau- und Projektleitung sowie viele geladene G\u00e4ste.<\/p>\n<p>\u201eMit diesem Neubau werden wir ma\u00dfgeblich daf\u00fcr sorgen, die medizinische Versorgung in Wuppertal und Umgebung nochmals deutlich f\u00fcr unsere Patienten und auch unsere Mitarbeiterinnen und Mitarbeiter zu verbessern\u201c, erl\u00e4uterte Enrico Jensch in seiner Er\u00f6ffnungsrede. Auch Pflegedirektorin Simone Hyun schloss sich dem herzlichen Dank Jenschs an alle Beteiligten an.<span class=\"Apple-converted-space\">\u00a0<\/span><\/p>\n<p>Heiner Fragemann stellte die medizinische Rolle des Helios Universit\u00e4tsklinikums (HUKW) f\u00fcr das Bergische Land und die Stadt Wuppertal heraus. F\u00fcr ihn seien die von Helios aus eigenen Mitteln in den Bau investierten 120 Millionen Euro f\u00fcr die \u201eZukunft der hochklassigen Medizin\u201c.<span class=\"Apple-converted-space\">\u00a0<\/span><\/p>\n<div id=\"attachment_58922\" class=\"wp-caption alignnone\" style=\"max-width: 710px;\"><img loading=\"lazy\" decoding=\"async\" class=\" wp-image-58922\" src=\"\/wp-content\/uploads\/2022\/12\/HUKW-Richtfest-50-1024x682.jpg\" alt=\"\" width=\"700\" height=\"466\" \/><span class=\"wp-caption-text\">Helios- Arbeitsdirektor Prof. Rudolf Leuwen bei seiner Ansprache &#8211; \u00a9 HUKW<\/span><\/div>\n<p>Prof. Rudolf Leuwer hob den besonderen Charme des Standortes Barmen hervor, dieser bliebe \u201eerhalten und wird durch das neue Zentrallabor sowie Notfallzentrum mit Anbindung an den Hubschrauberlandeplatz und vier weiteren Normalstationen sinnvoll erg\u00e4nzt.\u201c<\/p>\n<p><span style=\"font-size: 16px;\">Durch die bauliche Erweiterung des HUKW mit der entsprechenden medizinischen Ausstattung werden der Patientenkomfort und \u2013versorgung weiter optimiert. Das zahlt sich ebenfalls auf die interdisziplin\u00e4re Zusammenarbeit der Mediziner aus.<\/span><\/p>\n<p>Nachdem ein Zimmermann auf dem Bauger\u00fcst den traditionellen Richtfestspruch an die Zuschauer gerichtet hatte, zog ein Kran den geschm\u00fcckten Richtkranz langsam \u00fcber den Neubau. Dieser feierliche Moment wurde mit viel Applaus honoriert. Anschlie\u00dfend gab es im Weihnachtsmarkt, der extra um Rohbau aufgebaut worden war, Speisen und Getr\u00e4nke in besinnlicher Atmosph\u00e4re.<\/p>\n<div id=\"attachment_58923\" class=\"wp-caption alignnone\" style=\"max-width: 710px;\"><img loading=\"lazy\" decoding=\"async\" class=\" wp-image-58923\" src=\"\/wp-content\/uploads\/2022\/12\/HUKW-Richtfest-52-1024x682.jpg\" alt=\"\" width=\"700\" height=\"466\" \/><span class=\"wp-caption-text\">Der Richtkranz wird nach oben gezogen &#8211; \u00a9 HUKW<\/span><\/div>\n<p>F\u00fcr den Neubau mussten seit dem Abbruch der H\u00e4user 6 und 7 insgesamt 50.000 qm Boden ausgehoben werden. Dies entspricht dem Fassungsverm\u00f6gen von 20 Schwimmbecken nach olympischer Norm.<span class=\"Apple-converted-space\">\u00a0<\/span><\/p>\n<p>F\u00fcr den Rohbau wurden 21.500 qm Beton eingesetzt, das sind in etwa 2.900 Mischfahrzeugladungen. Es entsteht ein Geb\u00e4ude von 5.500 qm Grundfl\u00e4che und einer Gesamtfl\u00e4che von 29.000 qm. Die Fertigstellung der Arbeiten ist f\u00fcr 2024 geplant.<\/p>\n<p><strong>Link zur Webseite:\u00a0<\/strong><\/p>\n<p><a href=\"http:\/\/www.helios-gesundheit.de\/wuppertal\">http:\/\/www.helios-gesundheit.de\/wuppertal<\/a><\/p>\n","protected":false},"excerpt":{"rendered":"<p>Richtfest am Helios Klinikum! Am Campus Barmen wurde eine alte Tradition gepflegt: Gemeinsam mit Vertretern des Universit\u00e4tsklinikums, der Politik und Wirtschaft wurde vergangenen Freitag der Richtkranz am Neubau in luftiger H\u00f6he gehisst.<\/p>\n","protected":false},"author":7,"featured_media":0,"comment_status":"open","ping_status":"open","sticky":false,"template":"","format":"standard","meta":{"footnotes":""},"categories":[24],"tags":[],"class_list":["post-58918","post","type-post","status-publish","format-standard","hentry","category-wuppertal"],"publishpress_future_action":{"enabled":false,"date":"2026-05-08 18:18:39","action":"change-status","newStatus":"draft","terms":[],"taxonomy":"category","extraData":[]},"publishpress_future_workflow_manual_trigger":{"enabledWorkflows":[]},"_links":{"self":[{"href":"https:\/\/www.die-stadtzeitung.de\/index.php\/wp-json\/wp\/v2\/posts\/58918","targetHints":{"allow":["GET"]}}],"collection":[{"href":"https:\/\/www.die-stadtzeitung.de\/index.php\/wp-json\/wp\/v2\/posts"}],"about":[{"href":"https:\/\/www.die-stadtzeitung.de\/index.php\/wp-json\/wp\/v2\/types\/post"}],"author":[{"embeddable":true,"href":"https:\/\/www.die-stadtzeitung.de\/index.php\/wp-json\/wp\/v2\/users\/7"}],"replies":[{"embeddable":true,"href":"https:\/\/www.die-stadtzeitung.de\/index.php\/wp-json\/wp\/v2\/comments?post=58918"}],"version-history":[{"count":4,"href":"https:\/\/www.die-stadtzeitung.de\/index.php\/wp-json\/wp\/v2\/posts\/58918\/revisions"}],"predecessor-version":[{"id":58925,"href":"https:\/\/www.die-stadtzeitung.de\/index.php\/wp-json\/wp\/v2\/posts\/58918\/revisions\/58925"}],"wp:attachment":[{"href":"https:\/\/www.die-stadtzeitung.de\/index.php\/wp-json\/wp\/v2\/media?parent=58918"}],"wp:term":[{"taxonomy":"category","embeddable":true,"href":"https:\/\/www.die-stadtzeitung.de\/index.php\/wp-json\/wp\/v2\/categories?post=58918"},{"taxonomy":"post_tag","embeddable":true,"href":"https:\/\/www.die-stadtzeitung.de\/index.php\/wp-json\/wp\/v2\/tags?post=58918"}],"curies":[{"name":"wp","href":"https:\/\/api.w.org\/{rel}","templated":true}]}}