{"id":5802,"date":"2016-06-03T09:56:12","date_gmt":"2016-06-03T07:56:12","guid":{"rendered":"http:\/\/192.168.10.16\/newsportal\/stadtzeitung\/index.php\/2016\/06\/03\/ein-fall-von-liebe-ein-fall-fuer-mariella-ahrens\/"},"modified":"2022-12-06T19:52:44","modified_gmt":"2022-12-06T18:52:44","slug":"ein-fall-von-liebe-ein-fall-fuer-mariella-ahrens","status":"publish","type":"post","link":"https:\/\/www.die-stadtzeitung.de\/index.php\/2016\/06\/03\/ein-fall-von-liebe-ein-fall-fuer-mariella-ahrens\/","title":{"rendered":"&#8222;Ein Fall von Liebe&#8220; &#8211; ein Fall f\u00fcr Mariella Ahrens"},"content":{"rendered":"<div id=\"attachment_45677\" class=\"wp-caption alignnone\" style=\"max-width: 1034px;\"><img loading=\"lazy\" decoding=\"async\" class=\"size-large wp-image-45677\" src=\"\/wp-content\/uploads\/2016\/01\/IMG_3898_a-3-1024x929.jpg\" alt=\"\" width=\"1024\" height=\"929\" \/><span class=\"wp-caption-text\">Schauspielerin &amp; Moderatorin Mariella Ahrens im Gespr\u00e4ch mit Sternekoch Nelson M\u00fcller &#8211; \u00a9 Dirk Sengotta<\/span><\/div>\n<p>Nach drei Teilen in Spielfilm-L\u00e4nge wird &#8222;Ein Fall von Liebe&#8220; jetzt zum Serien-Format. Neben acht bereits ausgestrahlten Folgen wird die ARD in den n\u00e4chsten Wochen auch acht neue Episoden zeigen &#8211; jeweils dienstags um 18.50 Uhr. Der Startschu\u00df f\u00e4llt am Dienstag (07.06) mit der Folge &#8222;K.O.-Tropfen&#8220;.<\/p>\n<p>Mariella Ahrens und ihr Serien-Partner Francis Fulton-Smith sind eingespieltes Dream-Team. Bereits 2008 standen sie f\u00fcr die erste 90-Minuten-Folge von &#8222;Ein Fall von Liebe&#8220; erstmals vor der Kamera.<\/p>\n<p>Mariella spielt die selbstbewusste und neugierige Journalistin Sarah Pohl, die gemeinsam mit Staranwalt Florian Faber (Francis Fulton-Smith) kniffelige Kriminalf\u00e4lle l\u00f6st. Selbstverst\u00e4ndlich funkt es auch zwischen den beiden. Ihr Serien-Privatleben bleibt jedoch ein st\u00e4ndiges Auf und Ab.<\/p>\n<p>Das wirkliche Privatleben der Schauspielerin Marialla Ahrens verl\u00e4uft dagegen in v\u00f6llig geordneten Bahnen. Sie und ihr Lebensgef\u00e4hrte Sebastian Esser sind inzwischen in Berlin-Charlottenburg zusammen gezogen. Gemeinsam mit Mariellas beiden T\u00f6chtern f\u00fchrt das Paar ein harmonische Familienleben.<\/p>\n<p>Mariella Ahrens: &#8222;Ich freue mich sehr auf die Ausstrahlung unserer Serie und hoffe, dass auch auch viele STADTZEUNGS-Leser vor dem TV-Ger\u00e4t sitzen werden.&#8220; (pp)<\/p>\n<p>&nbsp;<\/p>\n","protected":false},"excerpt":{"rendered":"<p>Das Bergische Land ist ihr ans Herz gewachsen. Mariella Ahrens, die mit ihrem aus Solingen stammenden Lebensgef\u00e4hrten Sebastian Esser regelm\u00e4ssig Familie und Freunde im St\u00e4dtedreieck besucht, kehrt mit &#8222;Ein Fall von Liebe&#8220; auf den Bildschirm zur\u00fcck.<\/p>\n","protected":false},"author":7,"featured_media":5801,"comment_status":"open","ping_status":"open","sticky":false,"template":"","format":"standard","meta":{"footnotes":""},"categories":[29],"tags":[],"class_list":["post-5802","post","type-post","status-publish","format-standard","hentry","category-kultur"],"publishpress_future_action":{"enabled":false,"date":"2026-05-04 17:27:57","action":"change-status","newStatus":"draft","terms":[],"taxonomy":"category","extraData":[]},"publishpress_future_workflow_manual_trigger":{"enabledWorkflows":[]},"_links":{"self":[{"href":"https:\/\/www.die-stadtzeitung.de\/index.php\/wp-json\/wp\/v2\/posts\/5802","targetHints":{"allow":["GET"]}}],"collection":[{"href":"https:\/\/www.die-stadtzeitung.de\/index.php\/wp-json\/wp\/v2\/posts"}],"about":[{"href":"https:\/\/www.die-stadtzeitung.de\/index.php\/wp-json\/wp\/v2\/types\/post"}],"author":[{"embeddable":true,"href":"https:\/\/www.die-stadtzeitung.de\/index.php\/wp-json\/wp\/v2\/users\/7"}],"replies":[{"embeddable":true,"href":"https:\/\/www.die-stadtzeitung.de\/index.php\/wp-json\/wp\/v2\/comments?post=5802"}],"version-history":[{"count":1,"href":"https:\/\/www.die-stadtzeitung.de\/index.php\/wp-json\/wp\/v2\/posts\/5802\/revisions"}],"predecessor-version":[{"id":58843,"href":"https:\/\/www.die-stadtzeitung.de\/index.php\/wp-json\/wp\/v2\/posts\/5802\/revisions\/58843"}],"wp:featuredmedia":[{"embeddable":true,"href":"https:\/\/www.die-stadtzeitung.de\/index.php\/wp-json\/wp\/v2\/media\/5801"}],"wp:attachment":[{"href":"https:\/\/www.die-stadtzeitung.de\/index.php\/wp-json\/wp\/v2\/media?parent=5802"}],"wp:term":[{"taxonomy":"category","embeddable":true,"href":"https:\/\/www.die-stadtzeitung.de\/index.php\/wp-json\/wp\/v2\/categories?post=5802"},{"taxonomy":"post_tag","embeddable":true,"href":"https:\/\/www.die-stadtzeitung.de\/index.php\/wp-json\/wp\/v2\/tags?post=5802"}],"curies":[{"name":"wp","href":"https:\/\/api.w.org\/{rel}","templated":true}]}}