{"id":57391,"date":"2022-12-04T11:06:15","date_gmt":"2022-12-04T10:06:15","guid":{"rendered":"https:\/\/www.die-stadtzeitung.de\/?p=57391"},"modified":"2022-12-05T11:06:59","modified_gmt":"2022-12-05T10:06:59","slug":"weihnachtsstimmung-im-kuenftigen-tierschutz-cafe","status":"publish","type":"post","link":"https:\/\/www.die-stadtzeitung.de\/index.php\/2022\/12\/04\/weihnachtsstimmung-im-kuenftigen-tierschutz-cafe\/","title":{"rendered":"Weihnachtsstimmung im k\u00fcnftigen Tierschutz-Caf\u00e9"},"content":{"rendered":"<div>\n<p><img loading=\"lazy\" decoding=\"async\" class=\"size-large wp-image-57394\" src=\"\/wp-content\/uploads\/2022\/12\/IMG_20221203_153127-2-1024x829.jpg\" alt=\"\" width=\"1024\" height=\"829\" \/>Gabi Kramer von &#8222;Pechpfoten e.V.&#8220; schm\u00fcckt den Weihnachtsbaum im Tierschutz-Caf\u00e9 &#8211; \u00a9 Pechpfoten e.V.Und auch im Oberscho\u00df sind die ersten Arbeiten zwischen erledigt.\u00a0Einige Container mit Bauschutt sind bereits abtransportiert. Aber immer noch gibt es alte Wand- und Bodenbel\u00e4ge, die raus m\u00fcssen. W\u00e4hrenddessen werden bereits die ersten Fenster saniert, wo sie zu retten sind.<\/p>\n<p>Und unerwartet schnell sind sogar die Ersatzfenster schon zur Lieferung angek\u00fcndigt und m\u00fcssen dann \u201cnur noch\u201d eingebaut werden. Die ersten Fliesenspenden warten auf Ihre Verwendung und auch drau\u00dfen auf dem Gel\u00e4nde wird stetig aufger\u00e4umt, Wildwuchs in seine Schranken gewiesen und Totholz zu Kaminscheiten verarbeitet.<\/p>\n<p>Bei all dem emsigen Treiben m\u00f6chten die Vereinsmitglieder aber auch die Weihnachtszeit nicht vergessen. So ist f\u00fcr die Aktiven und Bauhelfer eine kleine Weihnachtsfeier als Dankesch\u00f6n geplant. Der Weihnachtsbaum steht bereits im Tierschutz-Caf\u00e9, so dass es auch bei den n\u00e4chsten Helfertagen schon ein bisschen adventlich zugeht.<\/p>\n<p>Und auch f\u00fcr die \u00fcbrigen Unterst\u00fctzer hat sich der Betreiberverein Pechpfoten e.V. das ein oder andere ausgedacht. \u201cSeit Kindertagen hatte ich zum ersten Mal wieder richtig Lust, einen Weihnachts-Wunschzettel zu schreiben\u201d zeigt sich die erste Vorsitzende, Anke S\u00fcper in Weihnachtsstimmung.<\/p>\n<p>\u201cUnter <a href=\"http:\/\/wunschzettel.tierschutzzentrum-wuppertal.de\/\">http:\/\/wunschzettel.tierschutzzentrum-wuppertal.de<\/a> k\u00f6nnen die Menschen Geschenke f\u00fcr uns aussuchen, mit denen sie einen bleibenden Anteil am Tierschutzzentrum haben. Und wer noch keine Geschenkidee f\u00fcr seine Lieben hat, kann ab 10 \u20ac symbolische Anteile erwerben und verschenken unter <a href=\"http:\/\/anteile.tierschutzzentrum-wuppertal.de\/\">http:\/\/anteile.tierschutzzentrum-wuppertal.de<\/a>. Wer sich selbst etwas Gutes g\u00f6nnen m\u00f6chte, kommt zu einem unserer Weihnachtsst\u00e4nde. Dort gibt es frische Waffeln und unseren Tierschutzwein zu kaufen\u201d z\u00e4hlt Anke S\u00fcper die M\u00f6glichkeiten auf.<\/p>\n<p>Am Samstag (10.12.) steht der Weihnachtsstand von &#8222;Pechpfoten e.V.&#8220; von 10.00 \u2013 17.00 Uhr im OBI Steinbecker Meile und am Samstag (17.12.) von 9.00 \u2013 14.00 Uhr im Raiffeisenmarkt in der Bayreuther Stra\u00dfe.\u201d<\/p>\n<p>Neuigkeiten zum Projekt &#8222;Tierschutzzentrum&#8220; finden Sie auf der Projektseite: <a href=\"https:\/\/tierschutzzentrum-wuppertal.de\/\">https:\/\/tierschutzzentrum-wuppertal.de<\/a><\/p>\n<p>&nbsp;<\/p>\n<p>&nbsp;<\/p>\n<\/div>\n<div><\/div>\n","protected":false},"excerpt":{"rendered":"<p>Der Wuppertaler Tierschutzverein &#8222;Pechpfoten e.V.&#8220; hat im k\u00fcnftigen Tierschutzzentrum neben Bergischen Diakonie &#8222;kr\u00e4ftig auf den Putz gehauen&#8220;. Das erste Etappenziel der Sanierung des bereits vorhandenen Geb\u00e4udes ist erreicht. Die Elektrik im Erdgeschoss des Tierschutzzentrums Wuppertal, das in zwei Jahren fertig gestellt sein soll, ist fast fertig. <\/p>\n","protected":false},"author":7,"featured_media":0,"comment_status":"open","ping_status":"open","sticky":false,"template":"","format":"standard","meta":{"footnotes":""},"categories":[24],"tags":[],"class_list":["post-57391","post","type-post","status-publish","format-standard","hentry","category-wuppertal"],"publishpress_future_action":{"enabled":false,"date":"2026-05-08 20:42:34","action":"change-status","newStatus":"draft","terms":[],"taxonomy":"category","extraData":[]},"publishpress_future_workflow_manual_trigger":{"enabledWorkflows":[]},"_links":{"self":[{"href":"https:\/\/www.die-stadtzeitung.de\/index.php\/wp-json\/wp\/v2\/posts\/57391","targetHints":{"allow":["GET"]}}],"collection":[{"href":"https:\/\/www.die-stadtzeitung.de\/index.php\/wp-json\/wp\/v2\/posts"}],"about":[{"href":"https:\/\/www.die-stadtzeitung.de\/index.php\/wp-json\/wp\/v2\/types\/post"}],"author":[{"embeddable":true,"href":"https:\/\/www.die-stadtzeitung.de\/index.php\/wp-json\/wp\/v2\/users\/7"}],"replies":[{"embeddable":true,"href":"https:\/\/www.die-stadtzeitung.de\/index.php\/wp-json\/wp\/v2\/comments?post=57391"}],"version-history":[{"count":5,"href":"https:\/\/www.die-stadtzeitung.de\/index.php\/wp-json\/wp\/v2\/posts\/57391\/revisions"}],"predecessor-version":[{"id":57397,"href":"https:\/\/www.die-stadtzeitung.de\/index.php\/wp-json\/wp\/v2\/posts\/57391\/revisions\/57397"}],"wp:attachment":[{"href":"https:\/\/www.die-stadtzeitung.de\/index.php\/wp-json\/wp\/v2\/media?parent=57391"}],"wp:term":[{"taxonomy":"category","embeddable":true,"href":"https:\/\/www.die-stadtzeitung.de\/index.php\/wp-json\/wp\/v2\/categories?post=57391"},{"taxonomy":"post_tag","embeddable":true,"href":"https:\/\/www.die-stadtzeitung.de\/index.php\/wp-json\/wp\/v2\/tags?post=57391"}],"curies":[{"name":"wp","href":"https:\/\/api.w.org\/{rel}","templated":true}]}}