{"id":57117,"date":"2022-11-25T12:30:53","date_gmt":"2022-11-25T11:30:53","guid":{"rendered":"https:\/\/www.die-stadtzeitung.de\/?p=57117"},"modified":"2022-11-25T15:21:50","modified_gmt":"2022-11-25T14:21:50","slug":"ihre-lieblichkeit-susanna-i-regiert-die-narren-im-tal","status":"publish","type":"post","link":"https:\/\/www.die-stadtzeitung.de\/index.php\/2022\/11\/25\/ihre-lieblichkeit-susanna-i-regiert-die-narren-im-tal\/","title":{"rendered":"Ihre Lieblichkeit Susanna I. regiert die Narren im Tal"},"content":{"rendered":"<div id=\"attachment_57121\" class=\"wp-caption alignnone\" style=\"max-width: 1034px;\"><img loading=\"lazy\" decoding=\"async\" class=\"size-large wp-image-57121\" src=\"\/wp-content\/uploads\/2022\/11\/DSC_2230a-kl-2-1024x740.jpg\" alt=\"\" width=\"1024\" height=\"740\" \/><span class=\"wp-caption-text\">Wuppertaler Prominenz unter sich: (v.l.) MdB Helge Lindh, Schauspielerin Lore Duwe, B\u00fcrgermeister Heiner Fragemann und Stadtdirektor Dr. Stefan K\u00fchn &#8211; \u00a9 privat<\/span><\/div>\n<p>Mal unter uns! Wupp-di-ka &#8211; Wuppertal hat eine Karnevals-Prinzessin. Susanna I. wurde in der Glashalle der Stadtsparkasse inthronisiert.<\/p>\n<p>Die n\u00e4rrische Amtszeit Ihrer Lieblichkeit Prinzessin\u00a0Susanna I.\u00a0\u00a0 dauert bis zum Aschermittwoch (22.02.2023). Mit der Prinzen-Proklamation beginnt seit jeher die 5. Jahreszeit. Karneval ist die Zeit, die f\u00fcr viele die Wellen des Frohsinns Freude hochschlagen l\u00e4\u00dft.<\/p>\n<p>Anschlie\u00dfend beginnt die\u00a040-t\u00e4gige Fastenzeit. Karneval ade, Alkohol lebe wohl, S\u00fcssigkeiten Goodbye. Nur die Waage hat es leichter.<\/p>\n<p>Doch bis dahin heisst es &#8222;Denn wenn et Tr\u00f6mmelche jeiht&#8220;, wie die<span class=\"Apple-converted-space\">\u00a0<\/span>K\u00f6lsche Karnevals-Combo &#8222;De R\u00e4uber&#8220; so sch\u00f6n singt, wird getanzt, gesungen und geschunkelt.<span class=\"Apple-converted-space\">\u00a0<\/span><\/p>\n<p>Nun also regiert &#8222;Susanna I&#8220;\u00a0das n\u00e4rrische Volk Wuppertals.\u00a0Feierlich \u00fcbergab B\u00fcrgermeister Heiner Fragemann das Zepter\u00a0symbolisch an die Prinzessin.<span class=\"Apple-converted-space\">\u00a0<\/span>.<\/p>\n<p>Das attraktive, unterhaltsame B\u00fchnenprogramm unterstrich<\/p>\n<p>den feierlichen Rahmen. Wilfried Michaelis, dem unerm\u00fcdlichen Pr\u00e4sidenten des CCW (Carnevals-Comite Wuppertal), sei Dank.<\/p>\n<div id=\"attachment_57123\" class=\"wp-caption alignnone\" style=\"max-width: 1034px;\"><img loading=\"lazy\" decoding=\"async\" class=\"size-large wp-image-57123\" src=\"\/wp-content\/uploads\/2022\/11\/IMG_5546-2-1024x560.jpg\" alt=\"\" width=\"1024\" height=\"560\" \/><span class=\"wp-caption-text\">Impressionen von der Prinzessinnen-Proklamation &#8211; \u00a9 Lore Duwe<\/span><\/div>\n<p>16 Karnevals-Vereine mit ihren Pr\u00e4sidenten und ihren Showgarden hatten den Weg in die\u00a0Glashalle der Sparkasse Wuppertal gefunden und unterstrichen damit das Zusammengeh\u00f6rigkeitsgef\u00fchl der bergischen Karnevalisten.<span class=\"Apple-converted-space\">\u00a0<\/span><\/p>\n<p>Begeistert wurde mitgesungen, geschunkelt und in die H\u00e4nde geklatscht. Unter all den gut gelaunten, bergischen &#8222;Pappnasen&#8220; wurde auch Wuppertaler Prominenz gesichtet, wie Kulturdezernent Matthias Nocke, B\u00fcrgermeister Heiner Fragemann, der neue Stadtdirektor Dr. Stefan K\u00fchn und der Bundestagsabgeordnete Helge Lindh.<span class=\"Apple-converted-space\">\u00a0<\/span><\/p>\n<p>Ein toller Abend in einem tollem Ambiente.<\/p>\n<p>Ich rufe Ihnen\/Euch ein k\u00e4ftiges Wupp-di-ka zu.<span class=\"Apple-converted-space\">\u00a0<\/span><\/p>\n<p>Wir sehen uns &#8211; mit oder ohne Narrenkappe<\/p>\n<p><strong>Ihre Lore Duwe\/Euer L\u00f6rken<\/strong><\/p>\n","protected":false},"excerpt":{"rendered":"<p>In ihrer Kolumne \u201eMal unter uns\u2026!\u201c kommentiert die beliebte Wuppertaler Schauspielerin, T\u00e4nzerin, S\u00e4ngerin und Autorin Lore Duwe das Stadtgeschehen damals wie heute aus ihrem ganz pers\u00f6nlichen Blickwinkel. Diesmal richtet sie ihren Blick auf die Prinzessinnen-Proklamation in der Glashalle der Stadtsparkasse. <\/p>\n","protected":false},"author":7,"featured_media":0,"comment_status":"open","ping_status":"open","sticky":false,"template":"","format":"standard","meta":{"footnotes":""},"categories":[24],"tags":[],"class_list":["post-57117","post","type-post","status-publish","format-standard","hentry","category-wuppertal"],"publishpress_future_action":{"enabled":false,"date":"2026-05-05 08:23:44","action":"change-status","newStatus":"draft","terms":[],"taxonomy":"category","extraData":[]},"publishpress_future_workflow_manual_trigger":{"enabledWorkflows":[]},"_links":{"self":[{"href":"https:\/\/www.die-stadtzeitung.de\/index.php\/wp-json\/wp\/v2\/posts\/57117","targetHints":{"allow":["GET"]}}],"collection":[{"href":"https:\/\/www.die-stadtzeitung.de\/index.php\/wp-json\/wp\/v2\/posts"}],"about":[{"href":"https:\/\/www.die-stadtzeitung.de\/index.php\/wp-json\/wp\/v2\/types\/post"}],"author":[{"embeddable":true,"href":"https:\/\/www.die-stadtzeitung.de\/index.php\/wp-json\/wp\/v2\/users\/7"}],"replies":[{"embeddable":true,"href":"https:\/\/www.die-stadtzeitung.de\/index.php\/wp-json\/wp\/v2\/comments?post=57117"}],"version-history":[{"count":7,"href":"https:\/\/www.die-stadtzeitung.de\/index.php\/wp-json\/wp\/v2\/posts\/57117\/revisions"}],"predecessor-version":[{"id":57129,"href":"https:\/\/www.die-stadtzeitung.de\/index.php\/wp-json\/wp\/v2\/posts\/57117\/revisions\/57129"}],"wp:attachment":[{"href":"https:\/\/www.die-stadtzeitung.de\/index.php\/wp-json\/wp\/v2\/media?parent=57117"}],"wp:term":[{"taxonomy":"category","embeddable":true,"href":"https:\/\/www.die-stadtzeitung.de\/index.php\/wp-json\/wp\/v2\/categories?post=57117"},{"taxonomy":"post_tag","embeddable":true,"href":"https:\/\/www.die-stadtzeitung.de\/index.php\/wp-json\/wp\/v2\/tags?post=57117"}],"curies":[{"name":"wp","href":"https:\/\/api.w.org\/{rel}","templated":true}]}}