{"id":57007,"date":"2022-11-21T16:16:33","date_gmt":"2022-11-21T15:16:33","guid":{"rendered":"https:\/\/www.die-stadtzeitung.de\/?p=57007"},"modified":"2022-11-21T16:16:33","modified_gmt":"2022-11-21T15:16:33","slug":"tierschutzzentrum-die-aermel-werden-hochgekrempelt","status":"publish","type":"post","link":"https:\/\/www.die-stadtzeitung.de\/index.php\/2022\/11\/21\/tierschutzzentrum-die-aermel-werden-hochgekrempelt\/","title":{"rendered":"Tierschutzzentrum: Die \u00c4rmel werden hochgekrempelt"},"content":{"rendered":"<div id=\"attachment_57009\" class=\"wp-caption alignnone\" style=\"max-width: 1034px;\"><img loading=\"lazy\" decoding=\"async\" class=\"size-large wp-image-57009\" src=\"\/wp-content\/uploads\/2022\/11\/IMG_20221118_140717-2-1024x722.jpg\" alt=\"\" width=\"1024\" height=\"722\" \/><span class=\"wp-caption-text\">Ein gro\u00dfes Team: Mitglieder von &#8222;Pechpfoten e.V&#8220; und Proviel &#8211; \u00a9 Pechpfoten e.V.<\/span><\/div>\n<p>Die Kompletterneuerung der Elektrik ist schon weit vorangeschritten und ein Installateur hat undichte Rohrstellen beseitigt, die sanit\u00e4ren Anlagen nutzbar gemacht und die Heizung in Betrieb genommen. Eine Woche lang hat das Proviel-Team den Mitgliedern von &#8222;Pechpfoten e.V.&#8220; tatkr\u00e4ftig unter die Arme gegriffen.<span class=\"Apple-converted-space\">\u00a0<\/span><\/p>\n<p>Dennoch klingt Anke S\u00fcper besorgt: \u201cWas uns vor dem Winter die gr\u00f6\u00dften Sorgen bereitet, ist die Au\u00dfenhaut. Das Dach ist nach wie vor undicht und zwei Au\u00dfenmauern m\u00fcssen komplett ersetzt werden. Auch von unten kriecht die Feuchtigkeit ins Mauerwerk, was durch eine Verkieselung behoben werden soll. Zwar gibt es erste Zusagen seitens der Handwerkerschaft, die dringendsten Arbeiten vor dem Winter in Angriff zu nehmen, der r\u00fcckt aber nun immer n\u00e4her.\u201d<\/p>\n<p>Um Hilfe aus der Bev\u00f6lkerung bittet der Verein regelm\u00e4\u00dfig in dem eigens eingerichteten Forum <a href=\"http:\/\/www.tierschutzzentrum-wuppertal.de\/forum\">http:\/\/www.tierschutzzentrum-wuppertal.de\/forum<\/a>. Auf dem dort ver\u00f6ffentlichten Wunschzettel steht &#8211; neben den immer ben\u00f6tigten Ehrenamtlern &#8211; aktuell ganz oben ein Industriesauger (mindestens Filterklasse M) f\u00fcr die Bau-Entstaubung zum Schutz der flei\u00dfigen Helfer.<\/p>\n<p>\u201cNicht alle ben\u00f6tigten Werkzeuge, Ger\u00e4tschaften und Materialien k\u00f6nnen wir kaufen. Sonst geht uns ganz schnell das Geld aus. Und auch Ehremamtler, die kr\u00e4ftig mit anpacken wollen, sind herzlich willkommen&#8220;, so Bauleiter Ulrich Sch\u00fcchen und Anke S\u00fcper unisono.<span class=\"Apple-converted-space\">\u00a0<\/span><\/p>\n<p>Samstags ab 10 Uhr, aber auch an einigen Wochentagen, wird gearbeitet. Infos zu den Helfertagen gibt es im B\u00fcro unter 0202\/74717177, <a href=\"mailto:info@tierschutzzentrum-wuppertal.de\">info@tierschutzzentrum-wuppertal.de<\/a> und auch im WhatsApp-Newsletter, f\u00fcr den sich Helfer anmelden k\u00f6nnen.<\/p>\n","protected":false},"excerpt":{"rendered":"<p>Die \u00c4rmel sind hochgekrempelt! Im Geb\u00e4udekomplex auf dem Gel\u00e4nde des k\u00fcnftigen Tierschutzzentrums des &#8222;Pechpfoten\u00a0 e.V.&#8220; wird regelm\u00e4\u00dfig geh\u00e4mmert und geklopft. \u201cNat\u00fcrlich gibt es allerhand zu tun. Aktuell sieht es noch schlimm aus in den R\u00e4umlichkeiten. Aber wer die Baustelle verfolgt wei\u00df auch, wie viel schon geschafft wurde\u201d, berichtet Anke S\u00fcper, 1. Vorsitzende des Wuppertaler Tierschutzvereins.\u00a0<\/p>\n","protected":false},"author":7,"featured_media":0,"comment_status":"open","ping_status":"open","sticky":false,"template":"","format":"standard","meta":{"footnotes":""},"categories":[24],"tags":[],"class_list":["post-57007","post","type-post","status-publish","format-standard","hentry","category-wuppertal"],"publishpress_future_action":{"enabled":false,"date":"2026-05-09 07:50:41","action":"change-status","newStatus":"draft","terms":[],"taxonomy":"category","extraData":[]},"publishpress_future_workflow_manual_trigger":{"enabledWorkflows":[]},"_links":{"self":[{"href":"https:\/\/www.die-stadtzeitung.de\/index.php\/wp-json\/wp\/v2\/posts\/57007","targetHints":{"allow":["GET"]}}],"collection":[{"href":"https:\/\/www.die-stadtzeitung.de\/index.php\/wp-json\/wp\/v2\/posts"}],"about":[{"href":"https:\/\/www.die-stadtzeitung.de\/index.php\/wp-json\/wp\/v2\/types\/post"}],"author":[{"embeddable":true,"href":"https:\/\/www.die-stadtzeitung.de\/index.php\/wp-json\/wp\/v2\/users\/7"}],"replies":[{"embeddable":true,"href":"https:\/\/www.die-stadtzeitung.de\/index.php\/wp-json\/wp\/v2\/comments?post=57007"}],"version-history":[{"count":2,"href":"https:\/\/www.die-stadtzeitung.de\/index.php\/wp-json\/wp\/v2\/posts\/57007\/revisions"}],"predecessor-version":[{"id":57010,"href":"https:\/\/www.die-stadtzeitung.de\/index.php\/wp-json\/wp\/v2\/posts\/57007\/revisions\/57010"}],"wp:attachment":[{"href":"https:\/\/www.die-stadtzeitung.de\/index.php\/wp-json\/wp\/v2\/media?parent=57007"}],"wp:term":[{"taxonomy":"category","embeddable":true,"href":"https:\/\/www.die-stadtzeitung.de\/index.php\/wp-json\/wp\/v2\/categories?post=57007"},{"taxonomy":"post_tag","embeddable":true,"href":"https:\/\/www.die-stadtzeitung.de\/index.php\/wp-json\/wp\/v2\/tags?post=57007"}],"curies":[{"name":"wp","href":"https:\/\/api.w.org\/{rel}","templated":true}]}}