{"id":56970,"date":"2022-11-20T14:48:53","date_gmt":"2022-11-20T13:48:53","guid":{"rendered":"https:\/\/www.die-stadtzeitung.de\/?p=56970"},"modified":"2022-11-20T14:48:53","modified_gmt":"2022-11-20T13:48:53","slug":"von-der-heydt-aussergewoehnliche-ausstellung-in-zuerich","status":"publish","type":"post","link":"https:\/\/www.die-stadtzeitung.de\/index.php\/2022\/11\/20\/von-der-heydt-aussergewoehnliche-ausstellung-in-zuerich\/","title":{"rendered":"Von der Heydt: Au\u00dfergew\u00f6hnliche Ausstellung in Z\u00fcrich"},"content":{"rendered":"<div id=\"attachment_56975\" class=\"wp-caption alignnone\" style=\"max-width: 1034px;\"><img loading=\"lazy\" decoding=\"async\" class=\"size-large wp-image-56975\" src=\"\/wp-content\/uploads\/2022\/11\/iaGiCbUk-1024x658.jpeg\" alt=\"\" width=\"1024\" height=\"658\" \/><span class=\"wp-caption-text\">Ein Exponat der &#8222;JAIN&#8220;-Ausstellung &#8211; \u00a9 Roetberg Museum<\/span><\/div>\n<p>Die Jain-Sammlung z\u00e4hlt zu den wichtigsten Schwerpunkten im Bestand des Museum Rietberg, das 1952 er\u00f6ffnet wurde und in diesem Jahr sein 70j\u00e4hriges Jubil\u00e4um feiert. Ausgangspunkt f\u00fcr die Museumsgr\u00fcndung war die Schenkung von Eduard von der Heydt.<span class=\"Apple-converted-space\">\u00a0<\/span><\/p>\n<p>Vor rund 50 Jahren hat das Rietberg-Museum der Jain-Sammlung eine erste Ausstellung gewidmet. Seitdem ist die Jain-Sammlung durch Schenkungen und Ank\u00e4ufe um zahlreiche Exponate systematisch erweitert worden.<span class=\"Apple-converted-space\">\u00a0<\/span><\/p>\n<p>Viele der rund 200, jetzt in der Ausstellung JAIN SEIN ausgestellten Meisterwerke Jainistischer Kunst, darunter wertvolle Handschriften, Pigmentmalereien, Ritualgegenst\u00e4nde, und Skulpturen, werden jetzt zum ersten Mal der \u00d6ffentlichkeit pr\u00e4sentiert.<span class=\"Apple-converted-space\">\u00a0<\/span><\/p>\n<p>Die Ausstellung JAIN SEIN zeigt neben Neuerwerbungen und Exponaten aus der eigenen Sammlung zahlreiche wertvolle Leihgaben aus dem Nationalmuseum in Neu-Delhi und dem Rautenstrauch Joest Museum in K\u00f6ln.<span class=\"Apple-converted-space\">\u00a0<\/span><\/p>\n<div id=\"attachment_56976\" class=\"wp-caption alignnone\" style=\"max-width: 1034px;\"><img loading=\"lazy\" decoding=\"async\" class=\"wp-image-56976 size-large\" src=\"\/wp-content\/uploads\/2022\/11\/e722q4VU-1024x573.jpeg\" alt=\"\" width=\"1024\" height=\"573\" \/><span class=\"wp-caption-text\">\u00a9 Rietberg Museum<\/span><\/div>\n<p>Viele der monumentalen Steinskulpturen hatten Indien bisher noch nie verlassen. Die Ausstellung wird kuratiert von Dr. Johannes Beltz (Stellvertretender Direktor des Museum Rietberg) und Dr. Patrick Felix Kr\u00fcger (CERES Ruhr-Universit\u00e4t, Bochum).<\/p>\n<h4>\u00dcber die Ausstellung<\/h4>\n<p>In einer Kombination von Highlights jainistischer Kunst, Filmen und interaktiven Gespr\u00e4chen mit Jainas aus allen Lebensbereichen \u2013 religi\u00f6sen F\u00fchrern ebenso wie Laien, die in Wirtschaft, Kultur und Politik t\u00e4tig sind \u2013 gibt die Ausstellung JAIN SEIN in Z\u00fcrich erstmals einen umfassenden Einblick in die Entstehungsgeschichte des Jainismus, in die Kunst und die Lebenswelten der Jainas in Indien und in der Diaspora weltweit.<span class=\"Apple-converted-space\">\u00a0<\/span><\/p>\n<p>Ein besonderes Highlight stellt das eigens f\u00fcr die Ausstellung entwickelte Spiel dar, das auf einer App basiert und \u00fcber sie aktiviert werden kann. Besucher k\u00f6nnen es in eigenen Spielzonen in der Ausstellung ausprobieren oder es auch zu festen Spielterminen, die das Museum anbietet, in einer moderierten Gruppe spielen.<span class=\"Apple-converted-space\">\u00a0<\/span><\/p>\n<p>Es ist unterhaltsam, \u00fcberraschend und bringt die einzelnen Besucher miteinander ins Gespr\u00e4ch. Die das Spielbrett liegt dem dem Katalog bei und kann nach Besuch der Ausstellung online auch an anderen Orten gespielt werden.<span class=\"Apple-converted-space\">\u00a0<\/span><\/p>\n<p>Die Schau versammelt \u00fcber 200 Meisterwerke jainistischer Kunst. Als Verk\u00fcnder der jainistischen Lehre gelten die 24 mit Namen genannten Jinas. Jainistische Tempel enthalten oftmals einen Schrein f\u00fcr jeden von ihnen. Sie werden aber auch in Form von Malereien oder Skulpturen dargestellt.<span class=\"Apple-converted-space\">\u00a0<\/span><\/p>\n<div id=\"attachment_56981\" class=\"wp-caption alignnone\" style=\"max-width: 1034px;\"><img loading=\"lazy\" decoding=\"async\" class=\"wp-image-56981 size-large\" src=\"\/wp-content\/uploads\/2022\/11\/UCoiYQ-R-1024x529.jpeg\" alt=\"\" width=\"1024\" height=\"529\" \/><span class=\"wp-caption-text\">\u00a9 Rietberg Museum<\/span><\/div>\n<p>F\u00fcr ein an die christliche Ikonografie gew\u00f6hntes Publikum sicher ungew\u00f6hnlich: In Kunstwerken dargestellte Jinas unterscheiden sich kaum voneinander. Statt mit individuellen Merkmalen werden sie idealtypisch, in asketischer Statur oder in sitzender, meditativer Haltung dargestellt.<span class=\"Apple-converted-space\">\u00a0<\/span><\/p>\n<p>Ein in Marmor ausgef\u00fchrter Jina, datiert auf das 14. Jahrhundert, ist Highlight der hauseigenen Sammlung und f\u00fchrt die Besucher im Entr\u00e9e in die Welt des Jainismus ein.<span class=\"Apple-converted-space\">\u00a0<\/span><\/p>\n<h4>\u00dcber den Jainismus<\/h4>\n<p>Der Jainismus z\u00e4hlt zu den drei gro\u00dfen Religionen Indiens, ist aber ausserhalb des Kontinents weitgehend unbekannt. Die Ausstellung JAIN SEIN (18.11.2022 \u2013 30.04.2023) hat sich nicht nur zum Ziel gesetzt, einen vertiefenden Einblick in diese Jahrtausende alte Religion, ihre Kunst und kulturellen Sch\u00e4tze zu geben.<span class=\"Apple-converted-space\">\u00a0<\/span><\/p>\n<p>Sie betrachtet auch die religi\u00f6sen Prinzipien der Gewaltlosigkeit, Toleranz und des Respektes vor der Natur und allen Lebenwesen von einer heutigen Perspektive aus. Erstmals zeigt die Z\u00fcrcher Ausstellung im Museum Rietberg wie Jains heute in der Diaspora weltweit verstreut leben und welchen Prinzipien sie sich verbunden f\u00fchlen.<span class=\"Apple-converted-space\">\u00a0<\/span><\/p>\n<p>Der Jainismus, der erst im 20. Jahrhundert nach Europa kam, wird gegenw\u00e4rtig als besonders sinnstiftend wahrgenommen. Der politische Wandel im 20. Jahrhundert, die Globalisierung des Finanz- und Wirtschaftswesens und die \u00d6kologiebewegung im 21. Jahrhundert haben ebenfalls zu einem wachsenden Interesse an dieser Kultur gef\u00fchrt.<span class=\"Apple-converted-space\">\u00a0<\/span><\/p>\n<p>Tugenden wie Achtsamkeit, Nachhaltigkeit, Verzicht, und Gewaltfreiheit im Sinne einer konsequenten Nichtverletzung von Lebewesen geh\u00f6ren zu den Hauptprinzipien des Jainismus.<span class=\"Apple-converted-space\">\u00a0<\/span><\/p>\n<div id=\"attachment_56980\" class=\"wp-caption alignnone\" style=\"max-width: 1034px;\"><img loading=\"lazy\" decoding=\"async\" class=\"wp-image-56980 size-large\" src=\"\/wp-content\/uploads\/2022\/11\/0tMEgLPT-1024x768.jpeg\" alt=\"\" width=\"1024\" height=\"768\" \/><span class=\"wp-caption-text\">\u00a9 Rietberg Museum<\/span><\/div>\n<p>Jainas besetzen heute sowohl in Indien als auch global Leitungspositionen in Wirtschaft, Politik und in gesellschaftlich relevanten Positionen. Als einer der bekanntesten Jains galt der im August 2022 verstorbene, ehemaligew Vorstand der Deutschen Bank Anshu Jain.<\/p>\n<h4>\u00dcber Eduard von der Heydt<\/h4>\n<p>Der B\u00e4nker, Kunstsammler und M\u00e4zen Eduard von der Heydt wurde am 26.09.1882 in Elberfeld geboren. Er starb am 03.04.1964 in seiner Wahlheimat Ascona (Schweiz). Er fand im Familengrab auf dem Friedhof Hochstrasse in Wuppertal-Elberfeld seine letzte Ruhest\u00e4tte.<\/p>\n<p>In den ersten Jahren wurde Eduard wie sein \u00e4lterer Bruder August von einem Privatlehrer unterrichtet. Ab der Untertertia besuchte er das Wilmhelm-D\u00f6rpfeld-Gymnasium Elberfeld. Hier machte er im Jahr 1900 sein Abitur.<\/p>\n<p>Danach absolvierte er eine Banklehre in Dresden. 1905 Promotion zum Dr. rer. pol.. Thema seiner Dessertation: &#8222;Der Aufsichtsrat in einer deutschen Aktiengesellschaft&#8220;. Anschlie\u00dfend arbeitete er in New York f\u00fcr das Bankhaus August Belmont. 1909 gr\u00fcndete er das Bankhaus Eduard von von der Heydt &amp; Co. in London.<\/p>\n<p>Im 1. Weltkrieg wurde er als Rittmeister in Frankreich durch einen Bauchschu\u00df schwer verletzt.<\/p>\n<p>Er wechselte als Legationsrat in den diplomatischen Dienst in Den Haag (Niederlande). 1920 gr\u00fcndete er die von der Heydt-Kersten&#8217;s Bank in Amsterdam (Niederlande).<\/p>\n<p>1926 kaufte Eduard von der Heydt den Monte Verit\u00e0 in Ascona (Schweiz). Dort baute er ein Hotel. Er selbst wohnte in der Casa Anatta. Der Berg wurde zum Treffpunkt von Pers\u00f6nlichkeiten aus Politik, Kunst und Gesellschaft.<\/p>\n<div id=\"attachment_34133\" class=\"wp-caption alignnone\" style=\"max-width: 646px;\"><img loading=\"lazy\" decoding=\"async\" class=\"size-full wp-image-34133\" src=\"\/wp-content\/uploads\/2021\/03\/da47881ccc3962658a2567f9216356f4-2.jpg\" alt=\"\" width=\"636\" height=\"426\" \/><span class=\"wp-caption-text\">Das Von der Heydt-Museum &#8211; \u00a9 Paul Coon<\/span><\/div>\n<p>Bereits in den 20er Jahren hatte er damit begonnen, ostasiatische und afrikanische Kunst zu sammeln.<\/p>\n<p>1946 \u00fcbergab Eduard von Heydt die ostasiatische Sammlung der Stadt Z\u00fcrich, sie wurde zum Grundstock des Rietberg Museums. Seine wertvolle Gem\u00e4ldesammlung lie\u00df er 1952 dem St\u00e4dttischen Museum Wuppertal als Schenkung zukommen. 1961 wurde es in Von der Heydt-Museum umbenannt.<span class=\"Apple-converted-space\">\u00a0<\/span><\/p>\n<p><strong>Ausstellung<\/strong><\/p>\n<h4>JAIN SEIN &#8211; Leben und Kunst einer indischen Religion<span class=\"Apple-converted-space\">\u00a0<\/span><\/h4>\n<p>18. November 2022 \u2013 30. April 2023 in Z\u00fcrich<br \/>\nMuseum Rietberg \u2013 Z\u00fcrich<span class=\"Apple-converted-space\">\u00a0<\/span><\/p>\n<p><b>Link zur Webseite des Rietberg Museums:<\/b><\/p>\n<p><a href=\"http:\/\/www.rietberg.ch\">http:\/\/www.rietberg.ch<\/a><\/p>\n<p><strong>Trailer zu Ausstellung:<\/strong><\/p>\n<p><span class=\"Apple-converted-space\"><a href=\"https:\/\/www.youtube.com\/watch?v=navntuNdD20\">https:\/\/www.youtube.com\/watch?v=navntuNdD20<\/a><\/span><\/p>\n","protected":false},"excerpt":{"rendered":"<p>Eine au\u00dfergew\u00f6hnliche Ausstellung l\u00e4uft bis zum 30.04.2023 im Museum Rietberg in Z\u00fcrich (Schweiz): &#8222;JAIN SEIN &#8211; Leben und Kunst einer indischen Religion&#8220;. Sie basiert auf einer Schenkung des Wuppertaler B\u00e4nkers, Sammlers und M\u00e4zens Eduard von der Heydt.<\/p>\n","protected":false},"author":7,"featured_media":0,"comment_status":"open","ping_status":"open","sticky":false,"template":"","format":"standard","meta":{"footnotes":""},"categories":[29],"tags":[],"class_list":["post-56970","post","type-post","status-publish","format-standard","hentry","category-kultur"],"publishpress_future_action":{"enabled":false,"date":"2026-05-05 08:23:02","action":"change-status","newStatus":"draft","terms":[],"taxonomy":"category","extraData":[]},"publishpress_future_workflow_manual_trigger":{"enabledWorkflows":[]},"_links":{"self":[{"href":"https:\/\/www.die-stadtzeitung.de\/index.php\/wp-json\/wp\/v2\/posts\/56970","targetHints":{"allow":["GET"]}}],"collection":[{"href":"https:\/\/www.die-stadtzeitung.de\/index.php\/wp-json\/wp\/v2\/posts"}],"about":[{"href":"https:\/\/www.die-stadtzeitung.de\/index.php\/wp-json\/wp\/v2\/types\/post"}],"author":[{"embeddable":true,"href":"https:\/\/www.die-stadtzeitung.de\/index.php\/wp-json\/wp\/v2\/users\/7"}],"replies":[{"embeddable":true,"href":"https:\/\/www.die-stadtzeitung.de\/index.php\/wp-json\/wp\/v2\/comments?post=56970"}],"version-history":[{"count":6,"href":"https:\/\/www.die-stadtzeitung.de\/index.php\/wp-json\/wp\/v2\/posts\/56970\/revisions"}],"predecessor-version":[{"id":56982,"href":"https:\/\/www.die-stadtzeitung.de\/index.php\/wp-json\/wp\/v2\/posts\/56970\/revisions\/56982"}],"wp:attachment":[{"href":"https:\/\/www.die-stadtzeitung.de\/index.php\/wp-json\/wp\/v2\/media?parent=56970"}],"wp:term":[{"taxonomy":"category","embeddable":true,"href":"https:\/\/www.die-stadtzeitung.de\/index.php\/wp-json\/wp\/v2\/categories?post=56970"},{"taxonomy":"post_tag","embeddable":true,"href":"https:\/\/www.die-stadtzeitung.de\/index.php\/wp-json\/wp\/v2\/tags?post=56970"}],"curies":[{"name":"wp","href":"https:\/\/api.w.org\/{rel}","templated":true}]}}