{"id":56895,"date":"2022-11-14T08:16:44","date_gmt":"2022-11-14T07:16:44","guid":{"rendered":"https:\/\/www.die-stadtzeitung.de\/?p=56895"},"modified":"2022-11-20T10:31:09","modified_gmt":"2022-11-20T09:31:09","slug":"offstream-zeigt-tuerkischdeutsche-musikdoku","status":"publish","type":"post","link":"https:\/\/www.die-stadtzeitung.de\/index.php\/2022\/11\/14\/offstream-zeigt-tuerkischdeutsche-musikdoku\/","title":{"rendered":"&#8222;Offstream&#8220; zeigt t\u00fcrkischdeutsche Musikdoku"},"content":{"rendered":"<div id=\"attachment_56896\" class=\"wp-caption alignnone\" style=\"max-width: 1034px;\"><img loading=\"lazy\" decoding=\"async\" class=\"size-large wp-image-56896\" src=\"\/wp-content\/uploads\/2022\/11\/LIEBE-D-MARK-UND-TOD_Still06_Copyright-Filmfaust-2-1024x662.jpg\" alt=\"\" width=\"1024\" height=\"662\" \/><span class=\"wp-caption-text\">Szene aus &#8222;Liebe, D-Mark und Tod \/ A\u015fk, Mark ve \u00d6l\u00fcm&#8220; &#8211; \u00a9\u00a0\u00a0&#8222;Rapid Eye Movies&#8220;<\/span><\/div>\n<p>Anhand rarer historischer Bild- und Tonmaterialien wird die Geschichte der vielf\u00e4ltigen Musikkultur t\u00fcrkischst\u00e4mmiger Migranten in Deutschland seit den 1960er-Jahren erz\u00e4hlt.<\/p>\n<p>Der Filmabend beginnt um 19:30 Uhr. Ort ist die Alte Feuerwache (Gathe 6). Weitere Informationen sowie Trailer und Tickets f\u00fcr 5 Euro sind im Internet unter <a href=\"http:\/\/www.offstream.de\">http:\/\/www.offstream.de<\/a>\u00a0und an den bekannten Vorverkaufsstellen erh\u00e4ltlich.<\/p>\n<p>&nbsp;<\/p>\n<p>&nbsp;<\/p>\n","protected":false},"excerpt":{"rendered":"<p>In Mark Tykwers Independent-Filmreihe &#8222;Offstream&#8220; l\u00e4uft am Dienstag (22. 11.) die hochgelobte Musikdokumentation\u00a0&#8222;Liebe, D-Mark und Tod \/ A\u015fk, Mark ve \u00d6l\u00fcm&#8220;.<\/p>\n","protected":false},"author":7,"featured_media":0,"comment_status":"open","ping_status":"open","sticky":false,"template":"","format":"standard","meta":{"footnotes":""},"categories":[29],"tags":[],"class_list":["post-56895","post","type-post","status-publish","format-standard","hentry","category-kultur"],"publishpress_future_action":{"enabled":false,"date":"2026-05-06 06:47:02","action":"change-status","newStatus":"draft","terms":[],"taxonomy":"category","extraData":[]},"publishpress_future_workflow_manual_trigger":{"enabledWorkflows":[]},"_links":{"self":[{"href":"https:\/\/www.die-stadtzeitung.de\/index.php\/wp-json\/wp\/v2\/posts\/56895","targetHints":{"allow":["GET"]}}],"collection":[{"href":"https:\/\/www.die-stadtzeitung.de\/index.php\/wp-json\/wp\/v2\/posts"}],"about":[{"href":"https:\/\/www.die-stadtzeitung.de\/index.php\/wp-json\/wp\/v2\/types\/post"}],"author":[{"embeddable":true,"href":"https:\/\/www.die-stadtzeitung.de\/index.php\/wp-json\/wp\/v2\/users\/7"}],"replies":[{"embeddable":true,"href":"https:\/\/www.die-stadtzeitung.de\/index.php\/wp-json\/wp\/v2\/comments?post=56895"}],"version-history":[{"count":1,"href":"https:\/\/www.die-stadtzeitung.de\/index.php\/wp-json\/wp\/v2\/posts\/56895\/revisions"}],"predecessor-version":[{"id":56897,"href":"https:\/\/www.die-stadtzeitung.de\/index.php\/wp-json\/wp\/v2\/posts\/56895\/revisions\/56897"}],"wp:attachment":[{"href":"https:\/\/www.die-stadtzeitung.de\/index.php\/wp-json\/wp\/v2\/media?parent=56895"}],"wp:term":[{"taxonomy":"category","embeddable":true,"href":"https:\/\/www.die-stadtzeitung.de\/index.php\/wp-json\/wp\/v2\/categories?post=56895"},{"taxonomy":"post_tag","embeddable":true,"href":"https:\/\/www.die-stadtzeitung.de\/index.php\/wp-json\/wp\/v2\/tags?post=56895"}],"curies":[{"name":"wp","href":"https:\/\/api.w.org\/{rel}","templated":true}]}}