{"id":568,"date":"2021-06-12T16:09:27","date_gmt":"2021-06-12T14:09:27","guid":{"rendered":"http:\/\/192.168.10.16\/newsportal\/stadtzeitung\/index.php\/2015\/06\/12\/schlagersaenger-klaus-densow-hat-ein-herz-fuer-hunde\/"},"modified":"2022-07-22T13:09:20","modified_gmt":"2022-07-22T11:09:20","slug":"schlagersaenger-klaus-densow-hat-ein-herz-fuer-hunde","status":"publish","type":"post","link":"https:\/\/www.die-stadtzeitung.de\/index.php\/2021\/06\/12\/schlagersaenger-klaus-densow-hat-ein-herz-fuer-hunde\/","title":{"rendered":"Schlagers\u00e4nger Klaus Densow hat ein Herz f\u00fcr Hunde"},"content":{"rendered":"<div id=\"attachment_53561\" class=\"wp-caption alignnone\" style=\"max-width: 1034px;\"><img loading=\"lazy\" decoding=\"async\" class=\"size-large wp-image-53561\" src=\"\/wp-content\/uploads\/2015\/06\/KLAUS_D2-1024x785.jpg\" alt=\"\" width=\"1024\" height=\"785\" \/><span class=\"wp-caption-text\">Schlagers\u00e4nger und Tierfreund Klaus Densow &#8211; \u00a9 privat<\/span><\/div>\n<p>Frauenschwarm Klaus Densow hat ein weiches Herz \u2013 nicht nur, wenn es um das schwache Geschlecht geht. Der Schlagers\u00e4nger aus Wuppertal (\u201eHoli-Holiday&#8220; \u2013 \u201eM\u00fctter haltet Eure T\u00f6chter fest&#8220;) ist ein ganz gro\u00dfer Tierfreund. Ein Leben ohne Hunde kann sich der 52j\u00e4hrige gar nicht vorstellen. Willi, eine Mischung aus Jack Russel und Cocker Spaniel, ist sein st\u00e4ndiger Begleiter. Der S\u00e4nger: \u201eWas Kommandos angeht, ist Willi praktisch taub. Aber ich kann dem kleinen Kerl einfach nicht b\u00f6se sein \u2013 zumindest nicht lange.&#8220;<\/p>\n<p>Den Vierbeiner hat Densow seit knapp zehn Jahren. Die H\u00fcndin eines seiner weiblichen Fans hatte Junge bekommen. Alle Geschwister wurden schnell vermittelt, doch keiner wollte Willi haben. Da erbarmte sich der Schmuses\u00e4nger und nahm den R\u00fcden auf.<\/p>\n<p>Densow unterst\u00fctzt seit vielen Jahren die Tierheime in der Region. Und selbst wenn er einmal im Jahr mit 1.400 Fans und bekannten Kollegen wie J\u00fcrgen Drews, Bernhard Brink oder Nino den Angelo zur \u201eSchlagerreise&#8220; nach Mallorca aufbricht, l\u00e4sst ihn das Schicksal von notleidenden und herrenlosen Hunden nicht los.<\/p>\n<p>Klaus Densow: \u201eEs ist inzwischen schon Tradition, dass die Teilnehmer unserer Reise Geld f\u00fcr Tiere spenden, die kein richtiges Zuhause haben. Anschlie\u00dfend miete ich einen Bus und wir fahren mit rund 60 Leuten zum Tierheim La Manga. Diana, Witwe meines im Jahr 2000 verstorbenen Kollegen Ibo (\u201eIbiza&#8220; \u2013 \u201eKopf oder Zahl&#8220;), lebt mit 20 Hunden auf Ihrer Finca. Sie unterh\u00e4lt beste Kontakte zur Leitung des Tierheimes.&#8220;<\/p>\n<h4>Hunde aus dem Tierheim<\/h4>\n<p>Die stolze Summe von 8.000 \u20ac konnten Densow und seine tierfreundlichen Schlagerfans diesmal \u00fcberreichen. Nicht nur das. Der Wuppertaler: \u201eJedes Jahr nehmen wir im Schnitt f\u00fcnf Hunde mit nach Deutschland, um ihnen ein neues Zuhause zu geben.&#8220; Dass alles nach dem Motto: Tierheim ist gut \u2013 eigenes Herrchen ist besser.<\/p>\n<p>Und diesmal hatte Klaus Densow auch selbst einen Mallorquiner-Hund mit im Gep\u00e4ck: Das niedliche Mischlings-Weibchen Paula. Der singende Tierfreund: \u201eDen Hund habe ich f\u00fcr meine Schwester Carola mitgenommen. Der Tod unseres Vaters hat ihr sehr zu schaffen gemacht. Der Hund hilft ihr sehr. Inzwischen sind Carola und Paula ein Herz und eine Seele.&#8220;<\/p>\n<p>Klaus Densow hat seine gro\u00dfe Tierliebe auch schon musikalisch zum Ausdruck gebracht: \u201eHallo, liebes Herrchen&#8220; hei\u00dft der Song. Ausl\u00f6ser war ein Artikel in einer Zeitung auf Gran Canaria. Densow: \u201eDer Autor hatte aus Sicht eines Hundes einen Brief an sein Ex-Herrchen gerichtet.<\/p>\n<p>Der Vierbeiner war n\u00e4mlich von seinem herzlosen Besitzer, weil er wohl alt und l\u00e4stig geworden war, einfach an einen Baum an einer Autobahnrastst\u00e4tte gebunden worden. Diese Geschichte hat mich total ger\u00fchrt.&#8220; Und seither wird der Hunde-Song bei jedem Auftritt von seinen Fans als Zugabe gefordert. Densow gibt zu: \u201eUnd jedes Mal, wenn ich ihn singe, habe ich noch einen dicken Klo\u00df im Hals.&#8220;<\/p>\n<p><strong>Text Peter Pionke<\/strong><\/p>\n<p><a href=\"http:\/\/www.klausdensow.de\" target=\"_blank\" rel=\"noopener noreferrer\">www.klausdensow.de<\/a><\/p>\n<p>&nbsp;<\/p>\n","protected":false},"excerpt":{"rendered":"<p>Der Wuppertaler S\u00e4nger rettet Vierbeiner aus spanischen Tierheimen. Und hat sogar schon einmal ein Lied \u00fcber den treuesten Begleiter des Menschen geschrieben.<\/p>\n","protected":false},"author":10,"featured_media":567,"comment_status":"open","ping_status":"open","sticky":false,"template":"","format":"standard","meta":{"footnotes":""},"categories":[25],"tags":[331,332],"class_list":["post-568","post","type-post","status-publish","format-standard","hentry","category-lifestyle","tag-hunde","tag-klaus-densow"],"publishpress_future_action":{"enabled":false,"date":"2026-05-09 11:02:11","action":"change-status","newStatus":"draft","terms":[],"taxonomy":"category","extraData":[]},"publishpress_future_workflow_manual_trigger":{"enabledWorkflows":[]},"_links":{"self":[{"href":"https:\/\/www.die-stadtzeitung.de\/index.php\/wp-json\/wp\/v2\/posts\/568","targetHints":{"allow":["GET"]}}],"collection":[{"href":"https:\/\/www.die-stadtzeitung.de\/index.php\/wp-json\/wp\/v2\/posts"}],"about":[{"href":"https:\/\/www.die-stadtzeitung.de\/index.php\/wp-json\/wp\/v2\/types\/post"}],"author":[{"embeddable":true,"href":"https:\/\/www.die-stadtzeitung.de\/index.php\/wp-json\/wp\/v2\/users\/10"}],"replies":[{"embeddable":true,"href":"https:\/\/www.die-stadtzeitung.de\/index.php\/wp-json\/wp\/v2\/comments?post=568"}],"version-history":[{"count":3,"href":"https:\/\/www.die-stadtzeitung.de\/index.php\/wp-json\/wp\/v2\/posts\/568\/revisions"}],"predecessor-version":[{"id":53562,"href":"https:\/\/www.die-stadtzeitung.de\/index.php\/wp-json\/wp\/v2\/posts\/568\/revisions\/53562"}],"wp:featuredmedia":[{"embeddable":true,"href":"https:\/\/www.die-stadtzeitung.de\/index.php\/wp-json\/wp\/v2\/media\/567"}],"wp:attachment":[{"href":"https:\/\/www.die-stadtzeitung.de\/index.php\/wp-json\/wp\/v2\/media?parent=568"}],"wp:term":[{"taxonomy":"category","embeddable":true,"href":"https:\/\/www.die-stadtzeitung.de\/index.php\/wp-json\/wp\/v2\/categories?post=568"},{"taxonomy":"post_tag","embeddable":true,"href":"https:\/\/www.die-stadtzeitung.de\/index.php\/wp-json\/wp\/v2\/tags?post=568"}],"curies":[{"name":"wp","href":"https:\/\/api.w.org\/{rel}","templated":true}]}}