{"id":56633,"date":"2022-11-07T14:56:43","date_gmt":"2022-11-07T13:56:43","guid":{"rendered":"https:\/\/www.die-stadtzeitung.de\/?p=56633"},"modified":"2022-12-01T13:04:37","modified_gmt":"2022-12-01T12:04:37","slug":"jan-filipzik-okay-dann-bin-ich-halt-ein-stadtkind","status":"publish","type":"post","link":"https:\/\/www.die-stadtzeitung.de\/index.php\/2022\/11\/07\/jan-filipzik-okay-dann-bin-ich-halt-ein-stadtkind\/","title":{"rendered":"Jan Filipzik: Okay, dann bin ich halt ein Stadtkind."},"content":{"rendered":"<div id=\"attachment_56635\" class=\"wp-caption alignnone\" style=\"max-width: 949px;\"><img loading=\"lazy\" decoding=\"async\" class=\"size-full wp-image-56635\" src=\"\/wp-content\/uploads\/2022\/11\/img_20221016_132351.jpeg\" alt=\"\" width=\"939\" height=\"789\" \/><span class=\"wp-caption-text\">Lena und Jan on the road &#8211; \u00a9 reisen-ist.jetzt<\/span><\/div>\n<p>Ganz ehrlich: Was f\u00fcr eine Wohltat. Menschen, Gesch\u00e4fte, Lachen, Leben, M\u00f6glichkeiten. Wir sind in Chemnitz angekommen, wo wir bis Ende November bleiben werden. Die letzte externe Station unserer Reise durch Deutschland sozusagen, denn danach geht es wieder zur\u00fcck in die Heimat \u2013 bis zu unserer Abreise in wenigen Wochen.<\/p>\n<p>Und ja, Wiesmoor war auch sch\u00f6n, die Wohnung liebevoll eingerichtet mit mehr Tassen und Geschirr als wir je h\u00e4tten benutzen k\u00f6nnen und mit einer Terrasse, die wir aus dem warmen Wohnzimmer heraus gew\u00fcrdigt haben, weil es drau\u00dfen dann doch recht k\u00fchl war.<span class=\"Apple-converted-space\">\u00a0<\/span><\/p>\n<p>Aber Wiesmoor ist eben auch: ein Kaff. Die Wochenenden waren sch\u00f6n, wenn wir ans Meer fahren konnten oder auch mal ins Kino oder essen gegangen sind. Aber ansonsten war da dieses Gef\u00fchl, ganz weit weg von allem zu sein, an einer schnurgeraden, eher stark befahrenen Landstra\u00dfe, mit wenigen Gesch\u00e4ften einige Kilometer entfernt \u2013 an einer weiteren, schnurgeraden und stark befahrenen Stra\u00dfe. Wiesmoor Ende.<\/p>\n<h4>In Lenas &amp; Jans Reiseblog &#8222;reisen-ist.jetzt &#8211; Unterwegs ist da,\u00a0wo wir sind&#8220; finden Sie noch viel mehr Fotos, Infos und Impressionen:<\/h4>\n<p><a href=\"https:\/\/reisen-ist.jetzt\">https:\/\/reisen-ist.jetzt<\/a><\/p>\n<p>Ein bisschen hatte ich den Verdacht auch vorher schon. Klein-Rehberg, dieses Geh\u00f6ft an der Mecklenburgischen Seenplatte am Anfang unserer Reise, hat auch nur gez\u00fcndet, weil die Landschaft und das Wetter wirklich traumhaft waren und wir viel drau\u00dfen und unterwegs sein konnten.<span class=\"Apple-converted-space\">\u00a0<\/span><\/p>\n<div id=\"attachment_56636\" class=\"wp-caption alignnone\" style=\"max-width: 660px;\"><img loading=\"lazy\" decoding=\"async\" class=\" wp-image-56636\" src=\"\/wp-content\/uploads\/2022\/11\/img_20221016_140834-768x1024.webp\" alt=\"\" width=\"650\" height=\"867\" \/><span class=\"wp-caption-text\">Abschied vom idyllischen Wiesmoor &#8211; \u00a9 reisen-ist.jetzt<\/span><\/div>\n<p>Dann sp\u00e4ter der Gardasee; die St\u00e4dte und D\u00f6rfer wundersch\u00f6n, aber wir wieder recht abgelegen und ich tendenziell nicht so gl\u00fccklich mit der Situation. Damit \u2013 sp\u00e4testens mit diesem inneren Moment des Aufatmens als wir am Samstag nach unserer Ankunft durch die Innenstadt von Chemnitz gelaufen sind \u2013 d\u00fcrfte nun endg\u00fcltig feststehen: Ich bin ein Stadtkind.<span class=\"Apple-converted-space\">\u00a0<\/span><\/p>\n<p>Ich mag den Trubel, die vielen M\u00f6glichkeiten, das Gef\u00fchl, dort zu sein, wo die Dinge passieren. In meiner romantisierten Vorstellung kann ich auch dem Leben auf dem Land viel abgewinnen \u2013 an einem sonnigen Tag mit dem Gesang der V\u00f6gel aufstehen, drau\u00dfen unter einem Apfelbaum sitzen, abends ein Glas Rotwein mit Blick \u00fcber Felder und Wiesen, dazu ein paar Insekten, die sich tr\u00e4ge vom leichten Wind treiben lassen.<span class=\"Apple-converted-space\">\u00a0<\/span><\/p>\n<p>Doch hier haben Fantasie und Wirklichkeit bislang eindeutig noch nicht zueinandergefunden.<\/p>\n<p>Was mir auch sehr bewusst geworden ist: Wie sehr eine sch\u00f6n eingerichtete Wohnung die Stimmung beeinflusst. M\u00f6bel, die einem gefallen, helle R\u00e4ume, eine gute Aufteilung, dezente Dekorationen, sch\u00f6nes Geschirr.<span class=\"Apple-converted-space\">\u00a0<\/span><\/p>\n<p>Es ist beeindruckend, wie sehr das alles ausschlaggebend daf\u00fcr ist, wie wohl man sich dort f\u00fchlt, wo man gerade ist. Kurz gesagt: Wenn schon die Gegend Mist ist, hilft es viel, eine sch\u00f6ne Wohnung zu haben. Und sch\u00f6nes Wetter dazu. Nichts von alledem zu haben, ist umgekehrt schon fast der Garant f\u00fcr schlechte Laune. Wegen all dieser Dinge f\u00fchle ich, f\u00fchlen wir uns in Chemnitz gerade sehr wohl.<span class=\"Apple-converted-space\">\u00a0<\/span><\/p>\n<div id=\"attachment_56637\" class=\"wp-caption alignnone\" style=\"max-width: 661px;\"><img loading=\"lazy\" decoding=\"async\" class=\" wp-image-56637\" src=\"\/wp-content\/uploads\/2022\/11\/img_20221101_152604-768x1024.webp\" alt=\"\" width=\"651\" height=\"868\" \/><span class=\"wp-caption-text\">Karl Marx-Denkmal in Chemnitz &#8211; \u00a9 reisen-ist.jetzt<\/span><\/div>\n<p>In die Innenstadt sind es zu Fu\u00df nur ein paar Minuten, wir haben Superm\u00e4rkte gleich um die Ecke und ein Fitnessstudio nur eine Querstra\u00dfe weiter, mit sehr freundlichen Menschen, die nach zwei Besuchen schon unsere Vornamen kennen.<span class=\"Apple-converted-space\">\u00a0<\/span><\/p>\n<p>Da st\u00f6rt es auch nicht, dass die Stadt selbst \u2013 bis auf die Tatsache, dass sie halt eine Stadt ist \u2013 weniger spektakul\u00e4r ist. Es gibt keine herausragenden Highlights, sondern schlicht das, was man auch erwarten w\u00fcrde: ein paar Parks, die \u00fcblichen Kaufh\u00e4user, bekannte und weniger bekannte Restaurants, einige Museen, ein paar \u00f6ffentliche Pl\u00e4tze, Wohnviertel unterschiedlicher Couleur.<\/p>\n<p>Was mich dagegen tats\u00e4chlich \u00fcberrascht hat, ist wie sehr sich mein Feed in Social Media mit unserer Ankunft in Chemnitz schlagartig ver\u00e4ndert hat. Nat\u00fcrlich wissen die Algorithmen, wo ich mich gerade aufhalte. Und pl\u00f6tzlich bekomme ich Dinge angezeigt, die mir vorher nie angezeigt wurden.<span class=\"Apple-converted-space\">\u00a0<\/span><\/p>\n<p>Grob gesagt sind es drei recht gegens\u00e4tzliche Kategorien, aus denen sich vor allem die kurzen Videos zusammensetzen, die ich zu sehen bekomme: ganz besonders linke Inhalte, mit zornigen Veganern und militanten Umweltsch\u00fctzern.<span class=\"Apple-converted-space\">\u00a0<\/span><\/p>\n<div id=\"attachment_56638\" class=\"wp-caption alignnone\" style=\"max-width: 660px;\"><img loading=\"lazy\" decoding=\"async\" class=\" wp-image-56638\" src=\"\/wp-content\/uploads\/2022\/11\/img_20221029_182028-1024x669.jpeg\" alt=\"\" width=\"650\" height=\"425\" \/><span class=\"wp-caption-text\">Lena l\u00e4sst es sich in Chemnitz gut gehen &#8211; \u00a9 reisen-ist.jetzt<\/span><\/div>\n<p>Ganz besonders rechte Inhalte, mit AfD-Videos, fragw\u00fcrdigen Montagen und Anspielungen auf Adolf Hitler. Und ganz besonders islamistische Videos, die den Islam vor allen anderen Religionen propagieren und sich \u00fcber andere, vor allem christliche, Werte lustig machen.<span class=\"Apple-converted-space\">\u00a0<\/span><\/p>\n<p>Als jemand, der von sich sagen w\u00fcrde, eindeutig in der Mitte zu stehen, ist das schon ein komisches Gef\u00fchl, diese drei Welten auf seinem Handy so aufeinander prallen zu sehen. Aber vielleicht ist das auch ein ganz guter Grund, das Smartphone noch \u00f6fter mal zur Seite zu legen. Und das echte Leben zu genie\u00dfen.<\/p>\n<p><strong>Jan Filipzik<\/strong><\/p>\n<p>6. November 202<\/p>\n<h4>In Lenas &amp; Jans Reiseblog &#8222;reisen-ist.jetzt &#8211; Unterwegs ist da,\u00a0wo wir sind&#8220; finden Sie noch viel mehr Fotos, Infos und Impressionen:<\/h4>\n<p><a href=\"https:\/\/reisen-ist.jetzt\">https:\/\/reisen-ist.jetzt<\/a><\/p>\n<p>&nbsp;<\/p>\n<p>&nbsp;<\/p>\n","protected":false},"excerpt":{"rendered":"<p>Sie sind buchst\u00e4blich auf dem Weg, sich ihren grossen Traum zu erf\u00fcllen &#8211; die Unternehmensberaterin Lena Lichterbeck und der Berater Jan Filipzik, der Chefredakteur des vielbeachteten Wuppertaler Magazins &#8222;talw\u00e4rts&#8220; war. Die beiden haben ihre gemeinsame Wohnung bereits aufgegeben und sind seit Juni unterwegs auf Deutschland- und Europa-Reise. Ab jetzt werden wir Lena und Jan auf ihrer Tour begleiten. <\/p>\n","protected":false},"author":7,"featured_media":0,"comment_status":"open","ping_status":"open","sticky":false,"template":"","format":"standard","meta":{"footnotes":""},"categories":[25],"tags":[],"class_list":["post-56633","post","type-post","status-publish","format-standard","hentry","category-lifestyle"],"publishpress_future_action":{"enabled":false,"date":"2026-05-04 07:09:02","action":"change-status","newStatus":"draft","terms":[],"taxonomy":"category","extraData":[]},"publishpress_future_workflow_manual_trigger":{"enabledWorkflows":[]},"_links":{"self":[{"href":"https:\/\/www.die-stadtzeitung.de\/index.php\/wp-json\/wp\/v2\/posts\/56633","targetHints":{"allow":["GET"]}}],"collection":[{"href":"https:\/\/www.die-stadtzeitung.de\/index.php\/wp-json\/wp\/v2\/posts"}],"about":[{"href":"https:\/\/www.die-stadtzeitung.de\/index.php\/wp-json\/wp\/v2\/types\/post"}],"author":[{"embeddable":true,"href":"https:\/\/www.die-stadtzeitung.de\/index.php\/wp-json\/wp\/v2\/users\/7"}],"replies":[{"embeddable":true,"href":"https:\/\/www.die-stadtzeitung.de\/index.php\/wp-json\/wp\/v2\/comments?post=56633"}],"version-history":[{"count":5,"href":"https:\/\/www.die-stadtzeitung.de\/index.php\/wp-json\/wp\/v2\/posts\/56633\/revisions"}],"predecessor-version":[{"id":57294,"href":"https:\/\/www.die-stadtzeitung.de\/index.php\/wp-json\/wp\/v2\/posts\/56633\/revisions\/57294"}],"wp:attachment":[{"href":"https:\/\/www.die-stadtzeitung.de\/index.php\/wp-json\/wp\/v2\/media?parent=56633"}],"wp:term":[{"taxonomy":"category","embeddable":true,"href":"https:\/\/www.die-stadtzeitung.de\/index.php\/wp-json\/wp\/v2\/categories?post=56633"},{"taxonomy":"post_tag","embeddable":true,"href":"https:\/\/www.die-stadtzeitung.de\/index.php\/wp-json\/wp\/v2\/tags?post=56633"}],"curies":[{"name":"wp","href":"https:\/\/api.w.org\/{rel}","templated":true}]}}