{"id":56567,"date":"2022-11-05T10:54:20","date_gmt":"2022-11-05T09:54:20","guid":{"rendered":"https:\/\/www.die-stadtzeitung.de\/?p=56567"},"modified":"2022-11-05T11:11:24","modified_gmt":"2022-11-05T10:11:24","slug":"maler-udo-dziersk-heimspiel-in-gelsenkirchen","status":"publish","type":"post","link":"https:\/\/www.die-stadtzeitung.de\/index.php\/2022\/11\/05\/maler-udo-dziersk-heimspiel-in-gelsenkirchen\/","title":{"rendered":"Maler Udo Dziersk: &#8222;Heimspiel&#8220; in Gelsenkirchen"},"content":{"rendered":"<div id=\"attachment_56574\" class=\"wp-caption alignnone\" style=\"max-width: 909px;\"><img loading=\"lazy\" decoding=\"async\" class=\" wp-image-56574\" src=\"\/wp-content\/uploads\/2022\/11\/Udo-Dziersk-Wuppertaler-Atelier-2-1024x697-2.jpeg\" alt=\"\" width=\"899\" height=\"627\" \/><span class=\"wp-caption-text\">Udo Dziersk in seiner Atelier &#8211; \u00a9 privat<\/span><\/div>\n<p>Am Samstag (12.11.) wird er zusammen mit dem Bildhauer Georg Wittwer eine Ausstellung in Bonn gestalten. Udo Dziersk: &#8222;Unabh\u00e4ngig davon, dass ich die Arbeiten von Georg Wittwer sehr sch\u00e4tze, ist es auch gleichzeitig eine Gelegenheit mich mit einem seit 20 Jahren an der Kunstakademie D\u00fcsseldorf t\u00e4tigen Gast-Dozenten einem breiteren Publikum zu zeigen.&#8220;<\/p>\n<p>Udo Dziersk selbst ist in diesem Jahr seit 20 Jahren Professor im Orientierungsbereich an der Kunstakademie D\u00fcsseldorf. &#8222;Die Ausstellung &#8222;it\u00b4s all stories&#8220; ist eine Gemeinschaftsausstellung, sowohl in meinen \u00d6lbildern als auch in den Skulpturen und Objekten von Georg Wittwer gibt es narrative Momente, die Arbeiten erz\u00e4hlen Geschichten&#8220;, so der<span class=\"Apple-converted-space\">\u00a0<\/span>K\u00fcnstler, der in Wuppertal lebt und arbeitet.<\/p>\n<p>Die gezeigten Werke sind teilweise biografisch. Udo Dziersk: &#8222;In meinem Fall k\u00f6nnen es literarische Einfl\u00fcsse, Reisen und die Besch\u00e4ftigung mit K\u00fcnstlerninnen und K\u00fcnstlern sein, die ich herausfordernd finde.&#8220;<\/p>\n<p>Weiter geht es am Freitag (18.11.). Da stellt der Maler zusammen mit acht weiteren K\u00fcnstlerninnen und K\u00fcnstlern im Kunstmuseum Gelsenkirchen aus. Die Ausstellung &#8222;VON HIER!&#8220; zeigt K\u00fcnstlerinnen und K\u00fcnstler mit lokalem Bezug, sie alle wurden wie auch Udo Dziersk in Gelsenkirchen geboren. Er hat eine enge Beziehung zum Fu\u00dfball. Udo Dziersk war Torwart des Gelsenkirchener\u00a0Oberligisten STV Horst-Emscher. Peter Neururer, sp\u00e4ter Bundesliga-Trainer (u.a. FC Schalke 04 &#8211; Hertha BSC Berlin &#8211; 1. FC K\u00f6ln &#8211; VfL Bochum), war sein Vorstopper.<\/p>\n<div id=\"attachment_56572\" class=\"wp-caption alignnone\" style=\"max-width: 437px;\"><img loading=\"lazy\" decoding=\"async\" class=\"size-full wp-image-56572\" src=\"\/wp-content\/uploads\/2022\/11\/Udo9684-2.jpeg\" alt=\"\" width=\"427\" height=\"361\" \/><span class=\"wp-caption-text\">Der Maler Udo Dziersk &#8211; \u00a9 Orion Dahlmann<\/span><\/div>\n<p>Er erkl\u00e4rt: &#8222;Ich werde bei der Ausstellung meinen mir zugewiesenen Raum unter dem Leitgedanken &#8222;Xi`an &#8211; augenblicklich verreist&#8220; gestalten. Ich dokumentiere meine Einfl\u00fcsse und meine Auseinandersetzung mit meiner T\u00e4tigkeit als Gastprofessor in Xi`an \/ China an der Academy of Fine Arts.&#8220;<\/p>\n<p>Gezeigt werden sowohl Arbeiten auf Papier, die in China entstanden sind, als auch \u00d6larbeiten, die Udo Dziersk im Nachhinein in seinem Wuppertaler Atelier angefertigt hat. Des Weiteren zu sehen sind Masken, die er in China gekauft hat und Kataloge die den Arbeitsprozess mit seinen Studentinnen und Studenten veranschaulichen.<\/p>\n<p><strong>Termine:<\/strong><\/p>\n<h4>&#8222;It&#8217;s All Stories&#8220;<\/h4>\n<p>12.11.2022 &#8211; 07.01.2023<\/p>\n<p><strong>Udo Dziersk<\/strong> &#8211; Malerei<\/p>\n<p><strong>Georg Wittmer<\/strong> &#8211; Skulptur \/ Objekt<\/p>\n<p>Kunstraum Villa Friede<\/p>\n<p>Mainzer Str. 141 -143 &#8211; 53179 Bonn<\/p>\n<p><a href=\"http:\/\/www.kunstraum-villafriede.de\">http:\/\/www.kunstraum-villafriede.de<\/a><\/p>\n<h4>&#8222;VON HIER&#8220;<\/h4>\n<p>18.11.2022 &#8211; 29.01.2023<\/p>\n<p>Kunstmuseum Gelsenkirchen<\/p>\n<p>Horster Str. 5 &#8211; 7 &#8211; 45897 Gelsenkirchen<\/p>\n<p><a href=\"http:\/\/www.kunstverein-gelsenkirchen.de\">http:\/\/www.kunstverein-gelsenkirchen.de<\/a><\/p>\n","protected":false},"excerpt":{"rendered":"<p>Der bekannte Wuppertaler Maler Prof. Udo Dziersk ist in diesen Tagen mit seinen Werken gleich auf zwei spannenden, hochwertigen Ausstellungen vertreten &#8211; in Bonn und Gelsenkirchen.<\/p>\n","protected":false},"author":7,"featured_media":0,"comment_status":"open","ping_status":"open","sticky":false,"template":"","format":"standard","meta":{"footnotes":""},"categories":[29],"tags":[],"class_list":["post-56567","post","type-post","status-publish","format-standard","hentry","category-kultur"],"publishpress_future_action":{"enabled":false,"date":"2026-05-04 22:32:47","action":"change-status","newStatus":"draft","terms":[],"taxonomy":"category","extraData":[]},"publishpress_future_workflow_manual_trigger":{"enabledWorkflows":[]},"_links":{"self":[{"href":"https:\/\/www.die-stadtzeitung.de\/index.php\/wp-json\/wp\/v2\/posts\/56567","targetHints":{"allow":["GET"]}}],"collection":[{"href":"https:\/\/www.die-stadtzeitung.de\/index.php\/wp-json\/wp\/v2\/posts"}],"about":[{"href":"https:\/\/www.die-stadtzeitung.de\/index.php\/wp-json\/wp\/v2\/types\/post"}],"author":[{"embeddable":true,"href":"https:\/\/www.die-stadtzeitung.de\/index.php\/wp-json\/wp\/v2\/users\/7"}],"replies":[{"embeddable":true,"href":"https:\/\/www.die-stadtzeitung.de\/index.php\/wp-json\/wp\/v2\/comments?post=56567"}],"version-history":[{"count":8,"href":"https:\/\/www.die-stadtzeitung.de\/index.php\/wp-json\/wp\/v2\/posts\/56567\/revisions"}],"predecessor-version":[{"id":56583,"href":"https:\/\/www.die-stadtzeitung.de\/index.php\/wp-json\/wp\/v2\/posts\/56567\/revisions\/56583"}],"wp:attachment":[{"href":"https:\/\/www.die-stadtzeitung.de\/index.php\/wp-json\/wp\/v2\/media?parent=56567"}],"wp:term":[{"taxonomy":"category","embeddable":true,"href":"https:\/\/www.die-stadtzeitung.de\/index.php\/wp-json\/wp\/v2\/categories?post=56567"},{"taxonomy":"post_tag","embeddable":true,"href":"https:\/\/www.die-stadtzeitung.de\/index.php\/wp-json\/wp\/v2\/tags?post=56567"}],"curies":[{"name":"wp","href":"https:\/\/api.w.org\/{rel}","templated":true}]}}