{"id":56362,"date":"2022-10-27T11:47:29","date_gmt":"2022-10-27T09:47:29","guid":{"rendered":"https:\/\/www.die-stadtzeitung.de\/?p=56362"},"modified":"2022-10-29T11:47:45","modified_gmt":"2022-10-29T09:47:45","slug":"ukraine-fluechtlinge-bethe-stiftung-verdoppelt-spenden","status":"publish","type":"post","link":"https:\/\/www.die-stadtzeitung.de\/index.php\/2022\/10\/27\/ukraine-fluechtlinge-bethe-stiftung-verdoppelt-spenden\/","title":{"rendered":"Ukraine-Fl\u00fcchtlinge: Bethe-Stiftung verdoppelt Spenden"},"content":{"rendered":"<div class=\"page\" title=\"Page 1\">\n<div class=\"layoutArea\">\n<div class=\"column\">\n<div id=\"attachment_50883\" class=\"wp-caption alignnone\" style=\"max-width: 1034px;\"><img loading=\"lazy\" decoding=\"async\" class=\"size-large wp-image-50883\" src=\"\/wp-content\/uploads\/2022\/03\/ukraine-7044827_1280-1024x768.jpeg\" alt=\"\" width=\"1024\" height=\"768\" \/><span class=\"wp-caption-text\">Viele Frauen und Kinder sind vor Putins Krieg aus der Ukraine gefl\u00fcchtet &#8211; \u00a9 Pixabay<\/span><\/div>\n<p>Mit dem Geld soll jetzt die soziale Arbeit fu\u0308r ukrainische Familien unterst\u00fctzt werden, die in Wuppertal vor dem Krieg in ihrer Heimat Zuflucht gefunden haben.<\/p>\n<p>Zurzeit sind rund 6.000 Kriegsflu\u0308chtlinge, u\u0308berwiegend Frauen und Kinder, in Wuppertal untergebracht. Rund 500 davon leben in Sammelunterku\u0308nften. Die Diakonie und die Caritas bieten soziale Unterstu\u0308tzung in den Sammelunterku\u0308nften, aber auch fu\u0308r Personen, die bereits in einer eigenen \u00a0Wohnung leben.<\/p>\n<\/div>\n<\/div>\n<div class=\"layoutArea\">\n<div class=\"column\">\n<p>Die Spenden in H\u00f6he von 29.100 \u20ac \u00a0waren im Zeitraum vom 1. April bis 30. Juni 2022 zusammen gekommen. Ein Vertreter der Bethe-Stiftung hat den symbolischen Scheck \u00fcber 60.000 \u20ac jetzt \u00a0den Ra\u0308umlichkeiten der Stadtsparkasse Wuppertal an die im Aktionsbu\u0308ndnis zusammengeschlossenen Institutionen \u00fcbergeben: Die Gemeinschaftsstiftung fu\u0308r Wuppertal, die Diakonie Wuppertal und den Caritasverband Wuppertal\/Solingen.<\/p>\n<p>&nbsp;<\/p>\n<p>&nbsp;<\/p>\n<\/div>\n<\/div>\n<\/div>\n","protected":false},"excerpt":{"rendered":"<p>29.100 Euro sind an Spenden-Konten des Portals &#8222;WirWunder Wuppertal&#8220; und des &#8222;Aktionsb\u00fcndnisses f\u00fcr gefl\u00fcchtete Ukrainerinnen und Ukrainer&#8220; eingegangen. Dieser Betrag wurde jetzt von der Bethe-Stiftung auf stolze 60.000 Euro verdoppelt.<\/p>\n","protected":false},"author":7,"featured_media":0,"comment_status":"open","ping_status":"open","sticky":false,"template":"","format":"standard","meta":{"footnotes":""},"categories":[24],"tags":[],"class_list":["post-56362","post","type-post","status-publish","format-standard","hentry","category-wuppertal"],"publishpress_future_action":{"enabled":false,"date":"2026-05-07 06:54:44","action":"change-status","newStatus":"draft","terms":[],"taxonomy":"category","extraData":[]},"publishpress_future_workflow_manual_trigger":{"enabledWorkflows":[]},"_links":{"self":[{"href":"https:\/\/www.die-stadtzeitung.de\/index.php\/wp-json\/wp\/v2\/posts\/56362","targetHints":{"allow":["GET"]}}],"collection":[{"href":"https:\/\/www.die-stadtzeitung.de\/index.php\/wp-json\/wp\/v2\/posts"}],"about":[{"href":"https:\/\/www.die-stadtzeitung.de\/index.php\/wp-json\/wp\/v2\/types\/post"}],"author":[{"embeddable":true,"href":"https:\/\/www.die-stadtzeitung.de\/index.php\/wp-json\/wp\/v2\/users\/7"}],"replies":[{"embeddable":true,"href":"https:\/\/www.die-stadtzeitung.de\/index.php\/wp-json\/wp\/v2\/comments?post=56362"}],"version-history":[{"count":3,"href":"https:\/\/www.die-stadtzeitung.de\/index.php\/wp-json\/wp\/v2\/posts\/56362\/revisions"}],"predecessor-version":[{"id":56365,"href":"https:\/\/www.die-stadtzeitung.de\/index.php\/wp-json\/wp\/v2\/posts\/56362\/revisions\/56365"}],"wp:attachment":[{"href":"https:\/\/www.die-stadtzeitung.de\/index.php\/wp-json\/wp\/v2\/media?parent=56362"}],"wp:term":[{"taxonomy":"category","embeddable":true,"href":"https:\/\/www.die-stadtzeitung.de\/index.php\/wp-json\/wp\/v2\/categories?post=56362"},{"taxonomy":"post_tag","embeddable":true,"href":"https:\/\/www.die-stadtzeitung.de\/index.php\/wp-json\/wp\/v2\/tags?post=56362"}],"curies":[{"name":"wp","href":"https:\/\/api.w.org\/{rel}","templated":true}]}}