{"id":56309,"date":"2022-10-27T11:16:37","date_gmt":"2022-10-27T09:16:37","guid":{"rendered":"https:\/\/www.die-stadtzeitung.de\/?p=56309"},"modified":"2022-10-27T11:16:37","modified_gmt":"2022-10-27T09:16:37","slug":"hans-martin-stier-mein-erstes-mal-in-wuppertal","status":"publish","type":"post","link":"https:\/\/www.die-stadtzeitung.de\/index.php\/2022\/10\/27\/hans-martin-stier-mein-erstes-mal-in-wuppertal\/","title":{"rendered":"Hans-Martin Stier: Mein erstes Mal in Wuppertal"},"content":{"rendered":"<div id=\"attachment_56314\" class=\"wp-caption alignnone\" style=\"max-width: 1034px;\"><img loading=\"lazy\" decoding=\"async\" class=\"wp-image-56314 size-large\" src=\"\/wp-content\/uploads\/2022\/10\/DSCN0134-2-2-1024x723.jpg\" alt=\"\" width=\"1024\" height=\"723\" \/><span class=\"wp-caption-text\">Hans-Martin Stier (r.) mit dem Regisseur Peter Schaul bei den Dreharbeiten zu \u201eKing Ping\u201c \u2013 \u00a9 Paul Coon<\/span><\/div>\n<p>Und Charakter-Kopf Stier taucht ist auch in der Erfolgserie &#8222;Babylon Berlin&#8220; dabei, die der Wuppertaler Tom Tykwer als Regisseur und Drehbuchautor entscheidend mitpr\u00e4gt. Die 4. Staffel l\u00e4uft gerade bei &#8222;Sky&#8220;.<\/p>\n<p>Hans-Martin Stier (72) spielt den ehemaligen preussischen Innenminister Albert Grzesinski. In &#8222;Babylon Berlin&#8220; ebenfalls zu sehen ist Godehard Giese, der wie in &#8222;King Ping&#8220; (Rainer Elbroich) mit Wilhelm B\u00f6hm einen Polizeikommissar verk\u00f6rpert.<\/p>\n<p>Hans-Martin Stier hat \u00fcbrigens seine Wurzeln in Wuppertal. Der erfolgreiche Schauspieler und S\u00e4nger der Rock-Band &#8222;Stier&#8220; erz\u00e4hlt: \u201eMeine ganze Familie kommt aus Wuppertal. Meine Mutter wurde 1918 in Barmen geboren. Aber dann sind meine Eltern 1943 ausgebombt worden und nach Bad Ems gezogen, weil meine Oma immer dort Urlaub gemacht hatte und es ihr in dem St\u00e4dtchen so gut gefiel. Ich bin dann auch in Bad Ems geboren worden und aufgewachsen.\u201c<\/p>\n<div id=\"attachment_56315\" class=\"wp-caption alignnone\" style=\"max-width: 1034px;\"><img loading=\"lazy\" decoding=\"async\" class=\"size-large wp-image-56315\" src=\"\/wp-content\/uploads\/2022\/10\/DSCN0020-2-1024x705.jpg\" alt=\"\" width=\"1024\" height=\"705\" \/><span class=\"wp-caption-text\">&#8222;King Ping&#8220;-Regisseur Claude Giffel (l.) mit Produzent Dir Michael H\u00e4ger &#8211; \u00a9 Paul Coon<\/span><\/div>\n<p>Der Schauspieler weiter: \u201c Meine Mutter hat mir immer wieder stolz erz\u00e4hlt, dass sie in den 30er Jahren mit ihrem damaligen Jugendfreund in einem wei\u00dfen Mercedes-Cabrio durch Wuppertal gefahren ist. Schon damals eine tolle Stadt mit Toelleturm, Schwebebahn und Wall. Ich selbst habe auch noch sehr sch\u00f6ne Erinnerungen an Wuppertal. Ich habe in den 50er Jahren als kleiner Junge alle zwei bis drei Monate meine Tante im Tal besucht. Wir sind dann in den Zoo gegangen oder mit der Schwebebahn gefahren. Und ich wei\u00df noch ganz genau, dass ich immer ein mulmiges Gef\u00fchl hatte, wenn ich in den Bahnh\u00f6fen durch das Boden-Gitter hindurch die Wupper sehen konnte. Ich habe dann immer einen Meter Sicherheitsabstand eingehalten und ganz fasziniert hinuntergeschaut.\u201c<\/p>\n<h4>\u00dcber Hans-Martin Stier:<\/h4>\n<p>Hans-Martin Stier wurde am 29.09.1950 in Bad Ems geboren. Mit 17 Jahren ging er<span class=\"Apple-converted-space\">\u00a0 <\/span>zur Handelsmarine. Ab 1973 studierte er in M\u00fcnster Sozialp\u00e4dagogik. Anschlie\u00dfend zog er nach Berlin und nahm dort privaten Schauspielunterricht.<span class=\"Apple-converted-space\">\u00a0<\/span><\/p>\n<p>1978 wurde er Frontmann und S\u00e4nger der &#8222;T\u00f6rner Stier Crew&#8220;, die 1979 den Nachwuchswettbewerb der &#8222;Deutschen Phono-Akademie&#8220; gewann.<\/p>\n<p>Auch seine Schauspiel-Karriere nahm schnell Fahrt auf. 1987 bekam er eine Rolle in Wim Wenders Kinofilm &#8222;Der Himmel \u00fcber Berlin&#8220;. Weitere Auftritte auf der Kino-Leinwand: &#8222;Wir k\u00f6nnen auch anders&#8220; (Regie: Detlev Buck &#8211; 1992) &#8211; &#8222;Fickende Fische&#8220; (Regie: Almut Getto &#8211; 2002) &#8211; &#8222;Duell &#8211; Enemy At The Gate&#8220; (Regie: Jacques Annaud &#8211; 2001 &#8211; u.a. mit Jude Law, Ed Harris, Rachel Weisz) &#8211; &#8222;King Ping &#8211; Tippen Tappen T\u00f6dchen&#8220; (Regie: Claude Giffel &#8211; Produktion: Dirk Michael H\u00e4ger &amp; Christoph Schmidt &#8211; 2013).<\/p>\n<p>Auch im TV tauchte sein Gesicht regem\u00e4ssig auf, so als Kommisssar Reuter in &#8222;Ein Fall f\u00fcr zwei&#8220; mit Claus-Theo G\u00e4rtner &#8211; als Ben Schneider in &#8222;SOKO K\u00f6ln&#8220; &#8211; als Dackelclub-Pr\u00e4sident G\u00f6bel in &#8222;Hausmeister Krause&#8220; mit Tom Gerhardt, Janine Kunze und Axel Stein sowie in vielen weiteren Produktionen wie u.a in der ARD-Krimi-Serie &#8222;Tatort&#8220;,<\/p>\n<p>2007 gr\u00fcndete Hans-Martin Stier mit Ex-Mitgliedern der &#8222;T\u00f6rner Stier Crew&#8220; die Rock-Band &#8222;Kahle M\u00f6nche&#8220;, die 2009 in &#8222;Stier&#8220; unbenannt wurde und heute noch auf Tour geht.<\/p>\n<p>Der Schauspieler und Musiker wohnt inzwischen mit Ehefrau und Kindern in Bergisch-Gladbach.<\/p>\n<div id=\"attachment_41983\" class=\"wp-caption alignnone\" style=\"max-width: 1034px;\"><img loading=\"lazy\" decoding=\"async\" class=\"size-large wp-image-41983\" src=\"\/wp-content\/uploads\/2021\/10\/Tom-Tykwer-2-1024x736.jpg\" alt=\"\" width=\"1024\" height=\"736\" \/><span class=\"wp-caption-text\">Der Wuppertaler Erfolgs-Regisseur Tom Tykwer (r.) mit den Darstellerinnen Liv Lisa Fries (l. &#8211; Charlotte Ritter) und Irene B\u00f6hm (Toni Ritter) &#8211; \u00a9 Babylon Berlin<\/span><\/div>\n<h4>\u00dcber Tom Tykwer<\/h4>\n<p>Tom Tykwer wurde am 23.05.1965 in Wuppertal geboren. Dort f\u00fchrten seine Eltern Kurt und Anna Tykwer einen Tr\u00f6delladen. Bereits mit elf Jahren drehte er seine ersten Super-8-Filme.<\/p>\n<p>Als 13j\u00e4hriger arbeitete er Filmvorf\u00fchrer. 1988 wurde Tom Tykwer Manager des Moviemento-Filmtheaters in Berlin-Kreuzberg.<span class=\"Apple-converted-space\">\u00a0<\/span><\/p>\n<p>1992 gr\u00fcndete er mit dem Produzenten Stefan Arndt die Firma &#8222;Liebesfilm&#8220; und inszenierte zun\u00e4chst als Regisseur zwei Kurzfilme.<\/p>\n<p>Bereits seine ersten beiden Kinofilme &#8222;Die t\u00f6dliche Maria&#8220; (1993) und &#8222;Winterschl\u00e4fer&#8220; (1997) waren Achtungserfolge. Mit &#8222;Lola rennt&#8220; (Hauptrollen Franka Potente &#8211; Moritz Bleibtreu) gelang ihm 1998 der gro\u00dfe Durchbruch.<span class=\"Apple-converted-space\">\u00a0<\/span><\/p>\n<p>Weitere gro\u00dfe Erfolge: &#8222;Der Krieger und die Kaiserin&#8220; (u.a. mit Franka Potente &amp; Benno F\u00fcrmann &#8211; 2000) &#8211; &#8222;Heaven&#8220; (u.a. mit Cate Blanchett &amp; Giovanni Ribisi &#8211; 2002) &#8211; &#8222;Das Parf\u00fcm&#8220; (u.a. mit Dustin Hoffman &amp; Alan Rickman &#8211; 2006) &#8211; &#8222;The International&#8220; (u.a. mit Clive Owen &amp; Naomi Watts &#8211; 2009) &#8211; &#8222;Cloud Atlas&#8220; (u.a. mit Tom Hanks &amp; Halle Berry &#8211; 2012) &#8211; &#8222;Ein Hologramm f\u00fcr einen K\u00f6nig&#8220; (u.a. mit Tom Hanks &amp; Ben Whishaw &#8211; 2016).<\/p>\n<div id=\"attachment_41967\" class=\"wp-caption alignnone\" style=\"max-width: 274px;\"><img loading=\"lazy\" decoding=\"async\" class=\" wp-image-41967\" src=\"\/wp-content\/uploads\/2021\/10\/91ADVHLnQGL._SL1500_-1-802x1024.jpeg\" alt=\"\" width=\"264\" height=\"337\" \/><span class=\"wp-caption-text\">Das Blu-ray-Cover der 3. Staffel von \u201eBabylon Berlin\u201c \u2013 \u00a9 LEONINE \/ WDR \/ SKY<\/span><\/div>\n<p>Tom Tykwer erhielt zahlreiche Auszeichnungen. Einen weiteren gro\u00dfen Erfolg feierte er als Regisseur und Drehbuchautor der von Kritikern und Publikum gelobten TV-Serie &#8222;Babylon Berlin&#8220;.<\/p>\n<p>Der Regisseur war mehrere Jahre mit der Schauspielerin Frank Potente liiert. Seit 2009 ist er mit der Filmproduzentin Marie Steinmann verheiratet und hat mit ihr zwei Kinder. <strong>(pp)<\/strong><\/p>\n<p>&nbsp;<\/p>\n","protected":false},"excerpt":{"rendered":"<p>Er ist eines der markantesten Gesichter in der deutschen Kino- und TV-Szene: Hans-Martin Stier, der Film-B\u00f6sewicht und Charakterdarsteller mit kom\u00f6diantischem Talent. Er spielte den schwulen T\u00fcrsteher &#8222;W\u00f6lfken&#8220; im Wuppertaler Kino-Krimi &#8222;King Ping &#8211; Tippen Tappen T\u00f6dchen&#8220; (2013).<\/p>\n","protected":false},"author":7,"featured_media":0,"comment_status":"open","ping_status":"open","sticky":false,"template":"","format":"standard","meta":{"footnotes":""},"categories":[29],"tags":[],"class_list":["post-56309","post","type-post","status-publish","format-standard","hentry","category-kultur"],"publishpress_future_action":{"enabled":false,"date":"2026-05-04 07:09:03","action":"change-status","newStatus":"draft","terms":[],"taxonomy":"category","extraData":[]},"publishpress_future_workflow_manual_trigger":{"enabledWorkflows":[]},"_links":{"self":[{"href":"https:\/\/www.die-stadtzeitung.de\/index.php\/wp-json\/wp\/v2\/posts\/56309","targetHints":{"allow":["GET"]}}],"collection":[{"href":"https:\/\/www.die-stadtzeitung.de\/index.php\/wp-json\/wp\/v2\/posts"}],"about":[{"href":"https:\/\/www.die-stadtzeitung.de\/index.php\/wp-json\/wp\/v2\/types\/post"}],"author":[{"embeddable":true,"href":"https:\/\/www.die-stadtzeitung.de\/index.php\/wp-json\/wp\/v2\/users\/7"}],"replies":[{"embeddable":true,"href":"https:\/\/www.die-stadtzeitung.de\/index.php\/wp-json\/wp\/v2\/comments?post=56309"}],"version-history":[{"count":6,"href":"https:\/\/www.die-stadtzeitung.de\/index.php\/wp-json\/wp\/v2\/posts\/56309\/revisions"}],"predecessor-version":[{"id":56317,"href":"https:\/\/www.die-stadtzeitung.de\/index.php\/wp-json\/wp\/v2\/posts\/56309\/revisions\/56317"}],"wp:attachment":[{"href":"https:\/\/www.die-stadtzeitung.de\/index.php\/wp-json\/wp\/v2\/media?parent=56309"}],"wp:term":[{"taxonomy":"category","embeddable":true,"href":"https:\/\/www.die-stadtzeitung.de\/index.php\/wp-json\/wp\/v2\/categories?post=56309"},{"taxonomy":"post_tag","embeddable":true,"href":"https:\/\/www.die-stadtzeitung.de\/index.php\/wp-json\/wp\/v2\/tags?post=56309"}],"curies":[{"name":"wp","href":"https:\/\/api.w.org\/{rel}","templated":true}]}}