{"id":56217,"date":"2022-10-26T17:05:27","date_gmt":"2022-10-26T15:05:27","guid":{"rendered":"https:\/\/www.die-stadtzeitung.de\/?p=56217"},"modified":"2022-10-29T13:16:30","modified_gmt":"2022-10-29T11:16:30","slug":"jasmin-jens-vogt-moderieren-pechpfoten-gala","status":"publish","type":"post","link":"https:\/\/www.die-stadtzeitung.de\/index.php\/2022\/10\/26\/jasmin-jens-vogt-moderieren-pechpfoten-gala\/","title":{"rendered":"Jasmin &#038; Jens Vogt moderieren &#8218;Pechpfoten-Gala&#8216;"},"content":{"rendered":"<div id=\"attachment_56224\" class=\"wp-caption alignnone\" style=\"max-width: 1034px;\"><img loading=\"lazy\" decoding=\"async\" class=\"size-large wp-image-56224\" src=\"\/wp-content\/uploads\/2022\/10\/Foto_Voss-2-1024x736.jpeg\" alt=\"\" width=\"1024\" height=\"736\" \/><span class=\"wp-caption-text\">Jasmin &amp; Jens Vogt von Radio Wuppertal f\u00fcr durch das Gala-Programm &#8211; \u00a9 Radio Wuppertal<\/span><\/div>\n<p>F\u00f6rderer, Unterst\u00fctzer und alle Interessierten sind am 03.11.2022 bei der exklusiven Spenden-Gala gern gesehene G\u00e4ste. Umrahmt von einem abwechslungsreichen Unterhaltungsprogramm erfahren die G\u00e4ste alles \u00fcber Entstehung, Hintergr\u00fcnde und Ausblick aus erster Hand.<\/p>\n<p>Birgit \u201eBiggi\u201c Lechtermann (TV-Moderatorin u.a. bei RTL und ZDF, Buchautorin. Medientrainerin) macht an dem Abend \u00fcbrigens auch Station im Barmer Bahnhof. Sie ist prominente Schirmherrin des neuen Tierschutzzentrums. Anke S\u00fcper, 1. Vorsitzende von &#8222;Pechpfoten e.V.&#8220; schw\u00e4rmt: \u201eMit ihrem Buch \u201aDanke Dog, ein Hund ist die beste Medizin\u2018 passt Biggi Lechtermann perfekt zum Inklusionsgedanken unserer Projektes.\u201c<\/p>\n<p>Anke S\u00fcper serviert den Gala-G\u00e4sten einen Vorgeschmack auf das Programm:\u201cWir begr\u00fc\u00dfen die Teilnehmer mit einem kleinen Sektempfang. Das Moderatoren-Duo Jens und Jasmin Voss von Radio Wuppertal f\u00fchrt durch den bunten Abend, Zauberk\u00fcnstler Marc S\u00fcper sorgt f\u00fcr \u00fcberraschende Momente und S\u00e4nger Stefan Mageney unterh\u00e4lt musikalisch\u201d, liefert Anke S\u00fcper, Vorsitzende des Tierschutzvereins \u201ePechpfoten.V.\u201c, \u00a0einen Vorgeschmack auf die Veranstaltung.<\/p>\n<div id=\"attachment_56021\" class=\"wp-caption alignnone\" style=\"max-width: 660px;\"><img loading=\"lazy\" decoding=\"async\" class=\" wp-image-56021\" src=\"\/wp-content\/uploads\/2022\/10\/Biggi_Lechtermann_02-3-1024x613.jpeg\" alt=\"\" width=\"650\" height=\"389\" \/><span class=\"wp-caption-text\">Die gro\u00dfe Tierfreundin Biggi Lechtermann ist Schirmherrin des neuen Tierschutzzentrums in Wuppertal &#8211; \u00a9 privat<\/span><\/div>\n<p>Karten k\u00f6nnen im Vorverkauf erworben werden \u00fcber die Homepage des Vereins <a href=\"http:\/\/www.pechpfoten.de\/\"><b>www.pechpfoten.de<\/b><\/a> und \u00fcber die TreueWelt der Sparkasse.<\/p>\n<p>Der Erl\u00f6s der Gala flie\u00dft zu 100 Prozent in das Tierschutz-Projekt. \u201cSo k\u00f6nnen die Menschen einen informativen und unterhaltsamen Abend verbringen und gleichzeitig Gutes tun\u201d, freut sich Anke S\u00fcper auf ein gro\u00dfes Echo.<\/p>\n<h4>\u00dcber das neue Tierschutzzentrum<\/h4>\n<p>Ein Blick zur\u00fcck! Seit 2016 gibt es in der Bergischen Metropole Wuppertal kein Tierheim mehr! Doch das wird sich jetzt endlich \u00e4ndern. Der Tierschutzverein &#8222;Pechpfoten e.V.&#8220; hat ein ideales Grundst\u00fcck an der Stadtgrenze zu W\u00fclrath gefunden. Dort soll in den n\u00e4chsten zwei Jahren das Tierschutzentrum entstehen.<\/p>\n<p>Auf einem rund zwei Hektar grossen, gr\u00fcnen Oase will \u201ePechpfoten .e.V.\u201c ein modernes Tierheim bauen. Ohne Zwinger. Die Tiere sollen stattdessen in kleineren Gruppe in Gehegen gehalten werden. M\u00f6glich wird das alles durch einen g\u00fcnstigen Erbpachtvertrag, den die \u201ePechpfoten\u201c-Tiersch\u00fctzer mit der Bergischen Diakonie abgeschlossen haben.<span class=\"Apple-converted-space\">\u00a0<\/span><\/p>\n<div id=\"attachment_56220\" class=\"wp-caption alignnone\" style=\"max-width: 658px;\"><img loading=\"lazy\" decoding=\"async\" class=\" wp-image-56220\" src=\"\/wp-content\/uploads\/2022\/10\/IMG_1480-768x1024-2.jpeg\" alt=\"\" width=\"648\" height=\"598\" \/><span class=\"wp-caption-text\">Tierfreund und S\u00e4nger Stefan Mageney mit seinem Hund Jango &#8211; \u00a9 privat<\/span><\/div>\n<p>Auch die Verp\u00e4chterin profitiert vom neuen Tierschutzzentrum. Die Anlage liegt in unmittelbarer N\u00e4he der Patientenwohnungen der Bergischen Diakonie. Die Bewohnerinnen und Bewohner der Bergischen Diakonie sollen \u2013 von Fachkr\u00e4ften angeleitet \u2013 bei der Versorgung der Tiere mit eingespannt werden. Eine Art Therapie nach dem Motto: Tiere sind die beste Medizin.<span class=\"Apple-converted-space\">\u00a0<\/span><\/p>\n<p>Ein altes Geb\u00e4ude auf dem Gel\u00e4nde wird gerade renoviert. Hier sollen ein Besuchercaf\u00e9, das Verwaltungs-B\u00fcro und die Quarant\u00e4nestation einziehen.<\/p>\n<p><b>Link zur Webseite von \u201ePechpfoten e.V.\u201c:<\/b><\/p>\n<p><a href=\"http:\/\/www.pechpfoten.de\/\"><b>http:\/\/www.pechpfoten.de\/<\/b><\/a><\/p>\n<p>&nbsp;<\/p>\n<p><b>Lesen Sie auch \u201eAnke S\u00fcper: Wir brauchen die Hilfe der Tierfreunde\u201c<\/b><\/p>\n<p><a href=\"https:\/\/www.die-stadtzeitung.de\/index.php\/2022\/10\/15\/anke-sueper-wir-brauchen-die-hilfe-der-tierfreunde\/\"><b>https:\/\/www.die-stadtzeitung.de\/index.php\/2022\/10\/15\/anke-sueper-wir-brauchen-die-hilfe-der-tierfreunde\/<\/b><\/a><\/p>\n<p>&nbsp;<\/p>\n","protected":false},"excerpt":{"rendered":"<p>Gute Nachricht f\u00fcr Tiere und Tierfreunde! Der Wupperaler Tierschutzverein &#8222;Pechpfoten e.V.&#8220; baut neben der Bergischen Diakonie an der Stadtgrenze zu W\u00fclfrath ein modernes und artgerechtes Tierschutzzentrum. Bei einer gro\u00dfen Spenden-Gala am 03.11. im Barmer Bahnhof pr\u00e4sentiert &#8222;Pechpfoten e.V. sein Projekt.<\/p>\n","protected":false},"author":7,"featured_media":0,"comment_status":"open","ping_status":"open","sticky":false,"template":"","format":"standard","meta":{"footnotes":""},"categories":[24],"tags":[],"class_list":["post-56217","post","type-post","status-publish","format-standard","hentry","category-wuppertal"],"publishpress_future_action":{"enabled":false,"date":"2026-05-05 08:22:31","action":"change-status","newStatus":"draft","terms":[],"taxonomy":"category","extraData":[]},"publishpress_future_workflow_manual_trigger":{"enabledWorkflows":[]},"_links":{"self":[{"href":"https:\/\/www.die-stadtzeitung.de\/index.php\/wp-json\/wp\/v2\/posts\/56217","targetHints":{"allow":["GET"]}}],"collection":[{"href":"https:\/\/www.die-stadtzeitung.de\/index.php\/wp-json\/wp\/v2\/posts"}],"about":[{"href":"https:\/\/www.die-stadtzeitung.de\/index.php\/wp-json\/wp\/v2\/types\/post"}],"author":[{"embeddable":true,"href":"https:\/\/www.die-stadtzeitung.de\/index.php\/wp-json\/wp\/v2\/users\/7"}],"replies":[{"embeddable":true,"href":"https:\/\/www.die-stadtzeitung.de\/index.php\/wp-json\/wp\/v2\/comments?post=56217"}],"version-history":[{"count":8,"href":"https:\/\/www.die-stadtzeitung.de\/index.php\/wp-json\/wp\/v2\/posts\/56217\/revisions"}],"predecessor-version":[{"id":56229,"href":"https:\/\/www.die-stadtzeitung.de\/index.php\/wp-json\/wp\/v2\/posts\/56217\/revisions\/56229"}],"wp:attachment":[{"href":"https:\/\/www.die-stadtzeitung.de\/index.php\/wp-json\/wp\/v2\/media?parent=56217"}],"wp:term":[{"taxonomy":"category","embeddable":true,"href":"https:\/\/www.die-stadtzeitung.de\/index.php\/wp-json\/wp\/v2\/categories?post=56217"},{"taxonomy":"post_tag","embeddable":true,"href":"https:\/\/www.die-stadtzeitung.de\/index.php\/wp-json\/wp\/v2\/tags?post=56217"}],"curies":[{"name":"wp","href":"https:\/\/api.w.org\/{rel}","templated":true}]}}