{"id":56168,"date":"2022-10-15T17:46:07","date_gmt":"2022-10-15T15:46:07","guid":{"rendered":"https:\/\/www.die-stadtzeitung.de\/?p=56168"},"modified":"2022-10-25T16:12:38","modified_gmt":"2022-10-25T14:12:38","slug":"120-jahre-von-der-heydt-museum-feiert-geburtstag","status":"publish","type":"post","link":"https:\/\/www.die-stadtzeitung.de\/index.php\/2022\/10\/15\/120-jahre-von-der-heydt-museum-feiert-geburtstag\/","title":{"rendered":"120 Jahre: Von der Heydt-Museum feiert Geburtstag"},"content":{"rendered":"<div id=\"attachment_51265\" class=\"wp-caption alignnone\" style=\"max-width: 1034px;\"><img loading=\"lazy\" decoding=\"async\" class=\"size-large wp-image-51265\" src=\"\/wp-content\/uploads\/2022\/04\/Portrait-Roland-Moenig-07-2-2-1024x774.jpg\" alt=\"\" width=\"1024\" height=\"774\" \/><span class=\"wp-caption-text\">Roland K\u00f6nig, Direktor des Von der Heide-Museums &#8211; \u00a9 Von der Heydt-Museum<\/span><\/div>\n<p>Museumsdirektor Dr. Roland M\u00f6nig spricht am Dienstag (25.10.) um 18.30 Uhr mit Fachleuten \u00fcber die Museumsgeschichte, aber auch \u00fcber eine m\u00f6gliche Zukunft.<span class=\"Apple-converted-space\">\u00a0<\/span><\/p>\n<p>Als G\u00e4ste werden dabei sein: Prof. Peter Gorschl\u00fcter (Direktor Museum Folkwang Essen), Prof. Katja Pfeiffer, (K\u00fcnstlerin und Kunst-Professorin an der Bergischen Uni) und Eberhard Robke (langj\u00e4hriger Vorsitzender des Kunst- und Museumsvereins Wuppertal).<span class=\"Apple-converted-space\">\u00a0<\/span><\/p>\n<p>Dies Podiumsdiskussionsrunde moderiert Stefan Koldehoff, Kulturredakteur beim Deutschlandfunk.<\/p>\n<div id=\"attachment_34131\" class=\"wp-caption alignnone\" style=\"max-width: 516px;\"><img loading=\"lazy\" decoding=\"async\" class=\" wp-image-34131\" src=\"\/wp-content\/uploads\/2021\/03\/Von_der_Heydt-Museum-1024x768.jpg\" alt=\"\" width=\"506\" height=\"380\" \/><span class=\"wp-caption-text\">Das Von der Heydt-Museum &#8211; \u00a9 Von der Heydt-Museum<\/span><\/div>\n<p><strong>Termin:<\/strong><\/p>\n<p>Podiumsdiskussion<span class=\"Apple-converted-space\">\u00a0<\/span><\/p>\n<h4>120 Jahre Von der Heydt-Museum<\/h4>\n<p>Dienstag &#8211; 25. Oktober &#8211; 18.30 Uhr<\/p>\n<p>Von der Heydt-Museum &#8211; Turmhof 8 &#8211; 42103 Wuppertal<\/p>\n<p><a href=\"http:\/\/www.von-der-heydt-museum.de\">http:\/\/www.von-der-heydt-museum.de<\/a><\/p>\n","protected":false},"excerpt":{"rendered":"<p>Am 25. Oktober 1902 wurde das Von der Heiydt-Museum gegr\u00fcndet. Damals hiess es noch St\u00e4dtisches Museum Elberfeld. Den Geburtstag feiert der Kunst-Tempel mit einer hochkar\u00e4tigen Podiumsdiskussion.<\/p>\n","protected":false},"author":7,"featured_media":0,"comment_status":"open","ping_status":"open","sticky":false,"template":"","format":"standard","meta":{"footnotes":""},"categories":[29],"tags":[],"class_list":["post-56168","post","type-post","status-publish","format-standard","hentry","category-kultur"],"publishpress_future_action":{"enabled":false,"date":"2026-05-09 04:58:27","action":"change-status","newStatus":"draft","terms":[],"taxonomy":"category","extraData":[]},"publishpress_future_workflow_manual_trigger":{"enabledWorkflows":[]},"_links":{"self":[{"href":"https:\/\/www.die-stadtzeitung.de\/index.php\/wp-json\/wp\/v2\/posts\/56168","targetHints":{"allow":["GET"]}}],"collection":[{"href":"https:\/\/www.die-stadtzeitung.de\/index.php\/wp-json\/wp\/v2\/posts"}],"about":[{"href":"https:\/\/www.die-stadtzeitung.de\/index.php\/wp-json\/wp\/v2\/types\/post"}],"author":[{"embeddable":true,"href":"https:\/\/www.die-stadtzeitung.de\/index.php\/wp-json\/wp\/v2\/users\/7"}],"replies":[{"embeddable":true,"href":"https:\/\/www.die-stadtzeitung.de\/index.php\/wp-json\/wp\/v2\/comments?post=56168"}],"version-history":[{"count":2,"href":"https:\/\/www.die-stadtzeitung.de\/index.php\/wp-json\/wp\/v2\/posts\/56168\/revisions"}],"predecessor-version":[{"id":56170,"href":"https:\/\/www.die-stadtzeitung.de\/index.php\/wp-json\/wp\/v2\/posts\/56168\/revisions\/56170"}],"wp:attachment":[{"href":"https:\/\/www.die-stadtzeitung.de\/index.php\/wp-json\/wp\/v2\/media?parent=56168"}],"wp:term":[{"taxonomy":"category","embeddable":true,"href":"https:\/\/www.die-stadtzeitung.de\/index.php\/wp-json\/wp\/v2\/categories?post=56168"},{"taxonomy":"post_tag","embeddable":true,"href":"https:\/\/www.die-stadtzeitung.de\/index.php\/wp-json\/wp\/v2\/tags?post=56168"}],"curies":[{"name":"wp","href":"https:\/\/api.w.org\/{rel}","templated":true}]}}