{"id":56118,"date":"2022-10-14T12:34:54","date_gmt":"2022-10-14T10:34:54","guid":{"rendered":"https:\/\/www.die-stadtzeitung.de\/?p=56118"},"modified":"2022-10-23T10:56:05","modified_gmt":"2022-10-23T08:56:05","slug":"grosses-finale-des-projektes-die-wueste-lebt","status":"publish","type":"post","link":"https:\/\/www.die-stadtzeitung.de\/index.php\/2022\/10\/14\/grosses-finale-des-projektes-die-wueste-lebt\/","title":{"rendered":"Gro\u00dfes Finale des Projektes &#8222;Die W\u00fcste lebt!&#8220;"},"content":{"rendered":"<div id=\"attachment_56125\" class=\"wp-caption alignnone\" style=\"max-width: 1034px;\"><img loading=\"lazy\" decoding=\"async\" class=\"size-large wp-image-56125\" src=\"\/wp-content\/uploads\/2022\/10\/Sehenswuerdigkeiten-Bahnhof-Oberbarmen-Gleis-3-Foto-Daniela-Raimund-2-1024x846.jpg\" alt=\"\" width=\"1024\" height=\"846\" \/><span class=\"wp-caption-text\">Sehensw\u00fcrdigkeiten am Bahnhof Oberbarmen Gleis 3 &#8211; \u00a9 Daniela Raimund<\/span><\/div>\n<p>Es ist ein Schlusspunkt des Projektes mit Live-Musik von Abdi Ibrahim und seinem somalischen W\u00fcstenblues, mit der Singer-Songwriterin Franzi Rockzz und dem Stra\u00dfenchor. Au\u00dferdem gibt es Filme, Projektionen und hei\u00dfe Suppe am Feuer sowie wie immer W\u00fcstentee und ein paar Datteln.<span class=\"Apple-converted-space\">\u00a0<\/span><\/p>\n<p>Genau vor vier Jahren hat das Team von &#8222;Die W\u00fcste lebt!&#8220; im Rahmen des bundesweiten Modellprojekts UTOPOLIS ein Stadtgebiet symbolisch zur W\u00fcste erkl\u00e4rt: Oberbarmen, ein Weltort im Osten Wuppertals.<span class=\"Apple-converted-space\">\u00a0<\/span><\/p>\n<p>Mit den Forscherinnen und Forscher der Mobilen Oase in ihren wei\u00dfen Laborkitteln, mit Kollegen sowie den Bewohnern der W\u00fcste hat sich das Team auf die Suche begeben: nach Ressourcen und Sch\u00e4tzen, \u00dcberlebensk\u00fcnstlern und Alltagsexperten, nach der Sch\u00f6nheit und dem Eigensinn dieses armen, reichen Ortes, einem sogenannten &#8222;sozialen Brennpunkt&#8220;.<span class=\"Apple-converted-space\">\u00a0<\/span><\/p>\n<p>Das Team von &#8222;Die W\u00fcste lebt!&#8220;<i> <\/i>initiierte auf seiner Interventions- und Forschungsreise &#8222;Karawanen&#8220; und Stra\u00dfench\u00f6re, st\u00f6rte den Verkehr und philosophierte mit den Menschen, fotografierte und portraitierte sie.<span class=\"Apple-converted-space\">\u00a0<\/span><\/p>\n<p>Gemeinsam habendie K\u00fcnstlerinnen und K\u00fcnstler mit den Bewohnerinnen und Bewohnern Oberbarmens Situationen durchgespielt, wie das Leben noch aussehen k\u00f6nnte, R\u00e4ume und Erz\u00e4hlungen geschaffen, die Zeitung DER SAND entwickelt, Filme, Bilder, Installationen, Plakate, Podcasts, Projektionen und Ausstellungen in den \u00f6ffentlichen Raum gebracht. Zusammen auf der Stra\u00dfe getanzt, gelacht und geweint, gefeiert und manchmal auch getrauert. Mit und ohne Abstand und Masken.<span class=\"Apple-converted-space\">\u00a0<\/span><\/p>\n<h4>Team von &#8222;Die W\u00fcste lebt!&#8220; verabschiedet sich<\/h4>\n<p>Zur Er\u00f6ffnung der Tourismus-Zentrale Oberbarmen wird am Samstag &#8222;Wundersames Oberbarmen&#8220;, eine Karte der Sehensw\u00fcrdigkeiten Oberbarmens und Wichlinghausens pr\u00e4sentiert. Sie versammelt Aktionen, besondere Orte, Kultst\u00e4tten und Denkm\u00e4ler, schr\u00e4ge Ecken und Winkel, Skurriles und Lauschiges, kurz: Wundersames.<\/p>\n<p>&#8222;Das alles gibt es also!&#8220;, w\u00fcrde Wolfgang Max Faust (08.02.1944 &#8211; 21.11.1993), deutscher Kunsttheoretiker und Chefredakteur der Kunstzeitschrift &#8222;Wolkenkratzer&#8220;, wohl sagen.<span class=\"Apple-converted-space\">\u00a0<\/span><\/p>\n<p>Mit der Aktion feiert &#8222;Die W\u00fcste lebt!&#8220; ihr Finale. Das Projekt und sein Team verabschieden sich mit Ende der F\u00f6rderungsdauer vorerst aus dem Stadtteil. Nicht ohne ihre Erkundungen und Entdeckungen mit der Stadtgesellschaft zu teilen: &#8222;Die W\u00fcste lebt! Wuppertal lebt!&#8220;<\/p>\n<p><strong>Termin:<\/strong><\/p>\n<h4>Er\u00f6ffnung der Tourismus-Zentrale Oberbarmen<\/h4>\n<p>Samstag &#8211; 22.10.2022 &#8211; 17 Uhr<span class=\"Apple-converted-space\">\u00a0<\/span><\/p>\n<p>Peter-Hansen-Platz 1 &#8211; 42275 Wuppertal<span class=\"Apple-converted-space\">\u00a0<\/span><\/p>\n<p>c\/o F\u00e4rberei &#8211; Peter-Hansen-Platz 1 &#8211; 42277 Wuppertal<span class=\"Apple-converted-space\">\u00a0<\/span><\/p>\n<p>K\u00fcnstlerische Leitung: Roland Brus<span class=\"Apple-converted-space\">\u00a0<\/span><\/p>\n<p>www.die-wueste-lebt.org<span class=\"Apple-converted-space\">\u00a0<\/span><\/p>\n<p>&#8222;Die W\u00fcste lebt!&#8220; ist gef\u00f6rdert durch das Modellprogramm &#8222;Utopolis \u2013 Soziokultur im Quartier&#8220; im Rahmen der ressort\u00fcbergreifenden Strategie Soziale Stadt &#8222;Nachbarschaften st\u00e4rken, Miteinander im Quartier&#8220; des Bundesministeriums f\u00fcr Wohnen, Stadtentwicklung und Bauwesen und der Beauftragten fu\u0308r Kultur und Medien<\/p>\n","protected":false},"excerpt":{"rendered":"<p>&#8222;Die W\u00fcste lebt&#8220; \u00fcbergibt am Samstag (22.10.) aus Anlass der Er\u00f6ffnung der Tourismus-Zentrale Oberbarmen feierlich den Schl\u00fcssel an Oberb\u00fcrgermeister Uwe Schneidewind und weitere Vertreterinnen und Vetreter der Stadt. Es ist das gro\u00dfe Finale des Projektes &#8222;Die W\u00fcste lebt!&#8220;<\/p>\n","protected":false},"author":7,"featured_media":0,"comment_status":"open","ping_status":"open","sticky":false,"template":"","format":"standard","meta":{"footnotes":""},"categories":[29],"tags":[],"class_list":["post-56118","post","type-post","status-publish","format-standard","hentry","category-kultur"],"publishpress_future_action":{"enabled":false,"date":"2026-05-04 07:09:23","action":"change-status","newStatus":"draft","terms":[],"taxonomy":"category","extraData":[]},"publishpress_future_workflow_manual_trigger":{"enabledWorkflows":[]},"_links":{"self":[{"href":"https:\/\/www.die-stadtzeitung.de\/index.php\/wp-json\/wp\/v2\/posts\/56118","targetHints":{"allow":["GET"]}}],"collection":[{"href":"https:\/\/www.die-stadtzeitung.de\/index.php\/wp-json\/wp\/v2\/posts"}],"about":[{"href":"https:\/\/www.die-stadtzeitung.de\/index.php\/wp-json\/wp\/v2\/types\/post"}],"author":[{"embeddable":true,"href":"https:\/\/www.die-stadtzeitung.de\/index.php\/wp-json\/wp\/v2\/users\/7"}],"replies":[{"embeddable":true,"href":"https:\/\/www.die-stadtzeitung.de\/index.php\/wp-json\/wp\/v2\/comments?post=56118"}],"version-history":[{"count":7,"href":"https:\/\/www.die-stadtzeitung.de\/index.php\/wp-json\/wp\/v2\/posts\/56118\/revisions"}],"predecessor-version":[{"id":56126,"href":"https:\/\/www.die-stadtzeitung.de\/index.php\/wp-json\/wp\/v2\/posts\/56118\/revisions\/56126"}],"wp:attachment":[{"href":"https:\/\/www.die-stadtzeitung.de\/index.php\/wp-json\/wp\/v2\/media?parent=56118"}],"wp:term":[{"taxonomy":"category","embeddable":true,"href":"https:\/\/www.die-stadtzeitung.de\/index.php\/wp-json\/wp\/v2\/categories?post=56118"},{"taxonomy":"post_tag","embeddable":true,"href":"https:\/\/www.die-stadtzeitung.de\/index.php\/wp-json\/wp\/v2\/tags?post=56118"}],"curies":[{"name":"wp","href":"https:\/\/api.w.org\/{rel}","templated":true}]}}