{"id":55994,"date":"2022-10-15T14:15:44","date_gmt":"2022-10-15T12:15:44","guid":{"rendered":"https:\/\/www.die-stadtzeitung.de\/?p=55994"},"modified":"2022-10-20T14:55:36","modified_gmt":"2022-10-20T12:55:36","slug":"ha-schults-trash-people-beim-circular-valley-forum","status":"publish","type":"post","link":"https:\/\/www.die-stadtzeitung.de\/index.php\/2022\/10\/15\/ha-schults-trash-people-beim-circular-valley-forum\/","title":{"rendered":"HA Schults &#8218;Trash People&#8216; beim Circular Valley Forum"},"content":{"rendered":"<div id=\"attachment_56000\" class=\"wp-caption alignnone\" style=\"max-width: 1034px;\"><img loading=\"lazy\" decoding=\"async\" class=\"size-large wp-image-56000\" src=\"\/wp-content\/uploads\/2022\/10\/Bild-13.10.22-um-12.42-1024x717.jpg\" alt=\"\" width=\"1024\" height=\"717\" \/><span class=\"wp-caption-text\">2022 setzte HA Schult vor den Pyramiden von Gizeh mit seinen ber\u00fchmten Figuren ein Zeichen &#8211; \u00a9 Foto: Thomas H\u00f6pker<\/span><\/div>\n<p>Die Botschaft der &#8222;Trash People&#8220; ist eindeutig: So wie ihnen darf es unserem Planeten nicht ergehen. Sie bestehen nur aus Abf\u00e4llen und sind Repr\u00e4sentanten der Wegwerfgesellschaft und der heutigen linearen Wirtschaftsweise. Diese muss zu einer echten Kreislauwirtschaft transformiert werden, damit unsere Welt nicht im M\u00fcll versinkt.<\/p>\n<p>Die &#8222;Trash People&#8220; haben die Botschaft \u00fcberall auf der Welt verbreitet: in der Arktis, auf dem Roten Platz in Moskau, vor den Pyramiden von Gizeh und auf der Chinesischen Mauer.<span class=\"Apple-converted-space\">\u00a0<\/span><\/p>\n<p>Der K\u00fcnstler HA Schult hat die 1.000 Figuren vor rund 25 Jahren aus M\u00fcll geschaffen und ist seitdem mit ihnen unterwegs: um spektakul\u00e4re Bilder zu erzeugen und so ein Umdenken im Umgang mit M\u00fcll anzusto\u00dfen.<\/p>\n<p>Die n\u00e4chste Station auf dieser besonderen Reise steht nun fest: HA Schult und die &#8222;Trash People&#8220; sind einer der H\u00f6hepunkte beim Circular Valley\u00ae Forum am 18. November. Dann kommen in der Historischen Stadthalle Wuppertal rund 600 Entscheiderinnen und Entscheider aus Politik, Wirtschaft, Wissenschaft und Zivilgesellschaft zusammen.<span class=\"Apple-converted-space\">\u00a0<\/span><\/p>\n<div id=\"attachment_56002\" class=\"wp-caption alignnone\" style=\"max-width: 1034px;\"><img loading=\"lazy\" decoding=\"async\" class=\"wp-image-56002 size-large\" src=\"\/wp-content\/uploads\/2022\/10\/Bild-13.10.22-um-12.42-1-1024x695.jpg\" alt=\"\" width=\"1024\" height=\"695\" \/><span class=\"wp-caption-text\">Die &#8222;Trash People&#8220; von HA Schult standen 2001 auf der Chinesischen Mauer &#8211; \u00a9 Foto: Thomas H\u00f6pker.<\/span><\/div>\n<p>In verschiedenen Formaten diskutieren sie einen Tag lang \u00fcber die gro\u00dfen Herausforderungen einer zirkul\u00e4ren Wirtschaftsweise &#8211; und die besten Ideen f\u00fcr den Weg dorthin. Zu den Ehreng\u00e4sten des Forums z\u00e4hlen NRW-Ministerpr\u00e4sident Hendrik W\u00fcst und sein fl\u00e4mischer Kollege Jan Jambon.<\/p>\n<p>Neben HA Schult erh\u00e4lt das Circular Valley\u00ae weitere Unterst\u00fctzung aus der Kultur: von Patrick Hahn. Der \u00d6sterreicher ist 27 Jahre ALT und schrieb bereits Als Zw\u00f6lfj\u00e4hriger seine erste Komposition. Heute ist er der j\u00fcngste Generalmusikdirektor im deutschsprachigen Raum und ein Vertreter der Generation, die besonders f\u00fcr den Wandel hin zu einer klima- und umweltschonenden Wirtschaftsweise k\u00e4mpft.<\/p>\n<p>Patrick Hahn wird mit dem Sinfonieorchester Wuppertal am 18. November ein exklusives Programm f\u00fcr die G\u00e4ste des Dinners beim Circular Valley\u00ae Forum spielen.<\/p>\n<p>Organisiert wird das Forum von der Circular Valley\u00ae Stiftung. Sie ist im Sommer 2021 entstanden und arbeitet daran, die erweiterte Rhein-Ruhr-Region zum globalen Hotspot der Kreislaufwirtschaft zu machen.<span class=\"Apple-converted-space\">\u00a0<\/span><\/p>\n<div id=\"attachment_56004\" class=\"wp-caption alignnone\" style=\"max-width: 1034px;\"><img loading=\"lazy\" decoding=\"async\" class=\"size-large wp-image-56004\" src=\"\/wp-content\/uploads\/2022\/10\/Bild-13.10.22-um-12.43-1024x683.jpg\" alt=\"\" width=\"1024\" height=\"683\" \/><span class=\"wp-caption-text\">Generalmusikdirektor Patrick Hahn wird mit dem Sinfonieorchester Wuppertal am 18. November ein exklusives Programm f\u00fcr die G\u00e4ste des Dinners beim Circular Valley\u00ae Forum spielen &#8211; \u00a9 Foto: Uwe Schinkel.<\/span><\/div>\n<p>Dieses Ziel verfolgt sie auf drei Wegen: Durch die F\u00f6rderung von Startups aus der ganzen Welt in ihrem Accelerator-Programm, durch die Beratung von Politik mit Hilfe des im Circular Valley\u00ae gesammelten Wissens und durch Informationen f\u00fcr B\u00fcrgerinnen und B\u00fcrger.<span class=\"Apple-converted-space\">\u00a0<\/span><\/p>\n<p>Letzteres geschieht unter anderem durch Kulturveranstaltungen, weil Kunst, Film oder Musik die komplexen Themen Circular Economy und Transformation greifbar machen.<\/p>\n<p>Mehr zum Circular Valley\u00ae Forum <a href=\"https:\/\/019zz.mjt.lu\/lnk\/AX4AAAA5OyAAAAABDfYAAAE2AKwAAAAAPDUAAEQ5ABrFpgBjRsFZE9Wr988VSAKCensjLdEHFQAZxGw\/1\/d0vkqSi9qNFHREbbae9oEw\/aHR0cHM6Ly9jaXJjdWxhci12YWxsZXkub3JnL292ZXJ2aWV3X2ZvcnVtMjAyMg\">finden Sie hier<\/a>.<\/p>\n<h4>\u00dcber HA Schult<\/h4>\n<p>Der Objekt- und Aktions-K\u00fcnstler HA Schult wurde am 24.06.1939 in Parschim, einer Kreisstadt in Mecklenburg-Vorpommern, geboren. Er wuchs in Berlin auf. Er studierte an der Kunstakademie D\u00fcsseldorf bei Karl Otto G\u00f6tz.<\/p>\n<p>Der Aktionsk\u00fcnstler lebte zeitweise in M\u00fcnchen, Essen und New York. Mittlerweile wohnt er in K\u00f6ln.<\/p>\n<p>Zu seinen bekanntesten Werken geh\u00f6ren &#8222;Der goldene Vogel&#8220;, \u00a0das Fl\u00fcgelauto auf dem Turm des Zeughauses in K\u00f6ln (1991), Die &#8222;Weltkugel&#8220; auf der K\u00f6lner Severinsbr\u00fccke (1996), die heute auf der Zentrale der DEVK steht,\u00a0&#8222;Crash People&#8220; (seit 1996), die bisher u.a. in Paris, Moskau, Peking, Gizeh, New York, Barcelona, Rom und Tel Aviv zu sehen waren, &#8222;Hotel Europa&#8220; (1999) \u00a0an der Hotelruine Kaiserbau (A59 bei Troisdorf), &#8222;Love Letter&#8220; in Berlin (2001) und &#8222;Trees For Peace&#8220; an der Zeche Zollverein in Essen (2003), &#8222;Herz aus M\u00fcll&#8220; (2007 &#8211; 2015) u.a. in Rom und &#8222;Wertgigant&#8220; (2021) in M\u00fcnchen und Hannover.<\/p>\n<p>HA Schult is Gr\u00fcnder des Museums f\u00fcr Aktionskunst in Essen. 1992 zog er mit seinem Museum nach K\u00f6ln um.<\/p>\n<p>Von 1980 bis 2005 war er mit der Schauspielerin und Kunstmanagerin Elke Koska verheiratet. Seine vierte Ehefrau ist die Violinistin und Performern Anna Zlotovskaya. HA Schult ist Vater von zwei S\u00f6hnen. Einer von ihnen, Kolin Schult, hat sich inzwischen als Regisseur und Grimme-Preistr\u00e4ger einen Namen geschaffen.<\/p>\n<p>Zitate von HA Schult: &#8222;Die Freiheit einer Gesellschaft ist so gro\u00df, wie die, die sie ihrer Kunst gibt&#8220; &#8211; &#8222;Wir produzieren M\u00fcll, sind aus M\u00fcll geboren und werden wieder zu M\u00fcll&#8220;,<\/p>\n<p>&nbsp;<\/p>\n<p>&nbsp;<\/p>\n","protected":false},"excerpt":{"rendered":"<p>Der K\u00fcnstler HA Schult hat weltweit mit seinen Plastiken ein Zeichen gegen Umweltverschmutzung und Verm\u00fcllung gesetzt. Am 18. November bringt er einige der legend\u00e4ren &#8222;Trash People&#8220;-Figuren mit zum &#8222;Circular Valley\u00ae Forum&#8220;, dem gro\u00dfen Treffen der Kreislaugwirtschaft. Dort trifft er einen ungew\u00f6hnlichen Gleichgesinnten.\u00a0<\/p>\n","protected":false},"author":7,"featured_media":0,"comment_status":"open","ping_status":"open","sticky":false,"template":"","format":"standard","meta":{"footnotes":""},"categories":[29],"tags":[],"class_list":["post-55994","post","type-post","status-publish","format-standard","hentry","category-kultur"],"publishpress_future_action":{"enabled":false,"date":"2026-05-09 03:05:05","action":"change-status","newStatus":"draft","terms":[],"taxonomy":"category","extraData":[]},"publishpress_future_workflow_manual_trigger":{"enabledWorkflows":[]},"_links":{"self":[{"href":"https:\/\/www.die-stadtzeitung.de\/index.php\/wp-json\/wp\/v2\/posts\/55994","targetHints":{"allow":["GET"]}}],"collection":[{"href":"https:\/\/www.die-stadtzeitung.de\/index.php\/wp-json\/wp\/v2\/posts"}],"about":[{"href":"https:\/\/www.die-stadtzeitung.de\/index.php\/wp-json\/wp\/v2\/types\/post"}],"author":[{"embeddable":true,"href":"https:\/\/www.die-stadtzeitung.de\/index.php\/wp-json\/wp\/v2\/users\/7"}],"replies":[{"embeddable":true,"href":"https:\/\/www.die-stadtzeitung.de\/index.php\/wp-json\/wp\/v2\/comments?post=55994"}],"version-history":[{"count":9,"href":"https:\/\/www.die-stadtzeitung.de\/index.php\/wp-json\/wp\/v2\/posts\/55994\/revisions"}],"predecessor-version":[{"id":56006,"href":"https:\/\/www.die-stadtzeitung.de\/index.php\/wp-json\/wp\/v2\/posts\/55994\/revisions\/56006"}],"wp:attachment":[{"href":"https:\/\/www.die-stadtzeitung.de\/index.php\/wp-json\/wp\/v2\/media?parent=55994"}],"wp:term":[{"taxonomy":"category","embeddable":true,"href":"https:\/\/www.die-stadtzeitung.de\/index.php\/wp-json\/wp\/v2\/categories?post=55994"},{"taxonomy":"post_tag","embeddable":true,"href":"https:\/\/www.die-stadtzeitung.de\/index.php\/wp-json\/wp\/v2\/tags?post=55994"}],"curies":[{"name":"wp","href":"https:\/\/api.w.org\/{rel}","templated":true}]}}