{"id":55943,"date":"2022-10-11T07:35:41","date_gmt":"2022-10-11T05:35:41","guid":{"rendered":"https:\/\/www.die-stadtzeitung.de\/?p=55943"},"modified":"2022-10-11T07:35:41","modified_gmt":"2022-10-11T05:35:41","slug":"meino-von-eitzen-kommt-in-der-kunststation-an","status":"publish","type":"post","link":"https:\/\/www.die-stadtzeitung.de\/index.php\/2022\/10\/11\/meino-von-eitzen-kommt-in-der-kunststation-an\/","title":{"rendered":"Meino von Eitzen kommt in der &#8222;Kunststation&#8220; an"},"content":{"rendered":"<div id=\"attachment_55953\" class=\"wp-caption alignnone\" style=\"max-width: 1034px;\"><img loading=\"lazy\" decoding=\"async\" class=\"size-large wp-image-55953\" src=\"\/wp-content\/uploads\/2022\/10\/meino_feat_01-1024x798.jpg\" alt=\"\" width=\"1024\" height=\"798\" \/><span class=\"wp-caption-text\">Ein Gem\u00e4lde von Meino von Eitzen &#8211; \u00a9 Meino von Eitzen<\/span><\/div>\n<p>Meino von Eitzen befragt mit seinen aktuellen Arbeiten das Ideale in der Malerei der D\u00fcsseldorfer Schule des 19. Jahrhunderts. Genau jetzt bricht er die, in ihrer Zeit stilbildenden Bildnisse dieser damals f\u00fchrenden Str\u00f6mung auf.<span class=\"Apple-converted-space\">\u00a0<\/span><\/p>\n<p>W\u00e4hrend die zerbrechliche Gegenwart im Moment durch das dramatisch, dystopische Zusammenspiel komplexer Krisen zerf\u00e4llt,<span class=\"Apple-converted-space\">\u00a0 <\/span>nimmt er die Kommunikation mit den Alten Meistern auf.<span class=\"Apple-converted-space\">\u00a0<\/span><\/p>\n<p>Mit der D\u00fcsseldorfer Malschule, einem sozialen und kreativen Millieu mit internationaler Reputation. Er bietet seinen Kollegen aus l\u00e4ngst vergangenen Zeiten, sozusagen von der Zukunft her, ohne Angst, seine Freundschaft an, indem er mit Verve malerisch in deren Originalwerke eingreift.<span class=\"Apple-converted-space\">\u00a0<\/span><\/p>\n<p>Zum Beispiel in das landschaftlich Ideale, in voller Kenntnis einer, nun un\u00fcbersehbar, durch menschlichen Einfluss zerst\u00f6rten Natur. Seine k\u00fcnstlerische Auseinandersetzung mit dem Thema Landschafts-, Genre- und auch Stillebenmalerei w\u00fcnscht sich dabei nicht die vermeintliche Idylle der Vergangenheit zur\u00fcck.<span class=\"Apple-converted-space\">\u00a0<\/span><\/p>\n<p>Vielmehr ruft Meino dazu auf, sich noch einmal bewusst an das Sch\u00f6ne zu erinnern. Bietet er uns sozusagen New Biedermeier an?<\/p>\n<p>Als Ausweg aus postnormalen Zeiten?<\/p>\n<p><strong>Text : Tine Lowisch<\/strong><\/p>\n<div id=\"attachment_55954\" class=\"wp-caption alignnone\" style=\"max-width: 647px;\"><img loading=\"lazy\" decoding=\"async\" class=\"wp-image-55954 size-full\" src=\"\/wp-content\/uploads\/2022\/10\/meino_feat_4-cut.jpg\" alt=\"\" width=\"637\" height=\"684\" \/><span class=\"wp-caption-text\">&#8211; \u00a9 Meino von Eitzen<\/span><\/div>\n<p><strong>Ausstellung:<\/strong><\/p>\n<h4>&#8222;meino feat. ddms&#8220;<\/h4>\n<p><strong>Meino von Eitzen<\/strong><\/p>\n<p>&#8222;Kunststation Wuppertal&#8220; im Bahnhof Vohwinkel<\/p>\n<p>Ausstellungsdauer: 16. Oktober bis 30. Oktober 2022<\/p>\n<p>Ausstellungser\u00f6ffnung: Sonntag &#8211; 16.10.2022 &#8211; 12:00 Uhr<\/p>\n<p><strong>\u00d6ffnungszeiten:<\/strong><\/p>\n<p>Samstag &#8211; 22.10.2022 und Sonntag &#8211; 23.10.2022 &#8211; 14:00 bis 18:00 Uhr<\/p>\n<p>zur WOGA West &#8211; Samstag &#8211; 29.10.2022 &#8211; 14.00 bis 20.00 und Sonntag &#8211; 30.10.2022 &#8211; 12.00 bis 18.00 Uhr<\/p>\n<p>(dar\u00fcber hinaus nach Vereinbarung)<\/p>\n<p>&nbsp;<\/p>\n<h4>\u00dcber Meino von Eitzen<\/h4>\n<p>Meino von Eitzen vom B\u00e4ren der VIII.<\/p>\n<p>1963 geboren in Nieb\u00fcll &#8211; Nordfriesland<\/p>\n<p>1984 &#8211; 1992 Studium an der Kunstakademie D\u00fcsseldorf<span class=\"Apple-converted-space\">\u00a0&#8211; Prof. Tony Cragg, Prof. Bernd Becher, Prof. Gerhard Richter<\/span><\/p>\n<p>1989 Meistersch\u00fcler bei Prof. Michael Buthe<\/p>\n<p>1997 &#8211; 2000 Dozent f\u00fcr \u201cFreie Malerei\u201c am Institut f\u00fcr Ausbildung in Bildender Kunst Bochum<span class=\"Apple-converted-space\">\u00a0<\/span><\/p>\n<p>Seit 1992 Atelier in Wuppertal<\/p>\n<p>Ausstellungen im In-und Ausland<\/p>\n<p>Die &#8222;Kunststation Wuppertal&#8220; feiert mit der Ausstellung &#8222;meino feat. ddms&#8220; einen sehr gesch\u00e4tzten K\u00fcnstlerkollegen. Eckehard und Tine\u00a0<span class=\"Apple-converted-space\">Lowisch,\u00a0k\u00fcnstlerische\u00a0Leitung der &#8222;Kunststation-Wuppertal&#8220;: &#8222;D<\/span>ie Kunst muss weiter gehen\u2026&#8220;<\/p>\n<div id=\"attachment_55955\" class=\"wp-caption alignnone\" style=\"max-width: 1034px;\"><img loading=\"lazy\" decoding=\"async\" class=\"size-large wp-image-55955\" src=\"\/wp-content\/uploads\/2022\/10\/meino_feat_4-1024x816.jpg\" alt=\"\" width=\"1024\" height=\"816\" \/><span class=\"wp-caption-text\">\u00a9 Meino von Eitzen<\/span><\/div>\n<p><strong><span class=\"Apple-converted-space\">Weitere Infos uns\u00a0folgenden Links:\u00a0<\/span><\/strong><\/p>\n<p><a href=\"http:\/\/www.kunststation-wuppertal.de\">www.kunststation-wuppertal.de<\/a><\/p>\n<p><a href=\"http:\/\/www.meino.de\">www.meino.de<\/a><\/p>\n","protected":false},"excerpt":{"rendered":"<p>Das K\u00fcnstler-Ehepaar Tine und Eckehard Lowisch pr\u00e4sentiert vom 16. bis 30.10.2022 in seiner &#8222;Kunststation&#8220; im Bahnhof Vohwinkel einen vielseitigen, kreativen Kopf und sehr gesch\u00e4tzten Kollegen, den Wahl-Wuppertaler Meino von Eitzen. Titel der spannenden Ausstellung &#8222;meino feat. ddms&#8220;. <\/p>\n","protected":false},"author":7,"featured_media":0,"comment_status":"open","ping_status":"open","sticky":false,"template":"","format":"standard","meta":{"footnotes":""},"categories":[29],"tags":[],"class_list":["post-55943","post","type-post","status-publish","format-standard","hentry","category-kultur"],"publishpress_future_action":{"enabled":false,"date":"2026-05-06 16:25:49","action":"change-status","newStatus":"draft","terms":[],"taxonomy":"category","extraData":[]},"publishpress_future_workflow_manual_trigger":{"enabledWorkflows":[]},"_links":{"self":[{"href":"https:\/\/www.die-stadtzeitung.de\/index.php\/wp-json\/wp\/v2\/posts\/55943","targetHints":{"allow":["GET"]}}],"collection":[{"href":"https:\/\/www.die-stadtzeitung.de\/index.php\/wp-json\/wp\/v2\/posts"}],"about":[{"href":"https:\/\/www.die-stadtzeitung.de\/index.php\/wp-json\/wp\/v2\/types\/post"}],"author":[{"embeddable":true,"href":"https:\/\/www.die-stadtzeitung.de\/index.php\/wp-json\/wp\/v2\/users\/7"}],"replies":[{"embeddable":true,"href":"https:\/\/www.die-stadtzeitung.de\/index.php\/wp-json\/wp\/v2\/comments?post=55943"}],"version-history":[{"count":10,"href":"https:\/\/www.die-stadtzeitung.de\/index.php\/wp-json\/wp\/v2\/posts\/55943\/revisions"}],"predecessor-version":[{"id":55956,"href":"https:\/\/www.die-stadtzeitung.de\/index.php\/wp-json\/wp\/v2\/posts\/55943\/revisions\/55956"}],"wp:attachment":[{"href":"https:\/\/www.die-stadtzeitung.de\/index.php\/wp-json\/wp\/v2\/media?parent=55943"}],"wp:term":[{"taxonomy":"category","embeddable":true,"href":"https:\/\/www.die-stadtzeitung.de\/index.php\/wp-json\/wp\/v2\/categories?post=55943"},{"taxonomy":"post_tag","embeddable":true,"href":"https:\/\/www.die-stadtzeitung.de\/index.php\/wp-json\/wp\/v2\/tags?post=55943"}],"curies":[{"name":"wp","href":"https:\/\/api.w.org\/{rel}","templated":true}]}}