{"id":55938,"date":"2022-10-05T15:58:02","date_gmt":"2022-10-05T13:58:02","guid":{"rendered":"https:\/\/www.die-stadtzeitung.de\/?p=55938"},"modified":"2022-10-14T09:15:21","modified_gmt":"2022-10-14T07:15:21","slug":"bergische-uni-2-225-starten-in-erste-semester","status":"publish","type":"post","link":"https:\/\/www.die-stadtzeitung.de\/index.php\/2022\/10\/05\/bergische-uni-2-225-starten-in-erste-semester\/","title":{"rendered":"Bergische Uni: 2.225 starten ins erste Semester"},"content":{"rendered":"<div id=\"attachment_55940\" class=\"wp-caption alignnone\" style=\"max-width: 1034px;\"><img loading=\"lazy\" decoding=\"async\" class=\"wp-image-55940 size-large\" src=\"\/wp-content\/uploads\/2022\/10\/Semesterstart2-2-1024x823.jpeg\" alt=\"\" width=\"1024\" height=\"823\" \/><span class=\"wp-caption-text\">Rektorin Prof. Dr. Birgitta Wolff begr\u00fc\u00dfte die neuen Studierenden &#8211; \u00a9 Foto Marylen<\/span><\/div>\n<p>Im Vorjahr waren es 2.555. Ber\u00fccksichtigt man weitere Zug\u00e4nge, die innerhalb der Bergischen Universit\u00e4t das Fach gewechselt haben und von anderen Hochschulen zur Uni Wuppertal gekommen sind, liegt die Gesamtzahl bei 3.600.<\/p>\n<p>Die endg\u00fcltigen Zahlen stehen jedoch erst am 1. Dezember zum Stichtag der Amtlichen Statistik fest \u2013 also nach dem Ende aller Nachr\u00fcckverfahren und weil sich Studieninteressierte in zulassungsfreie Studieng\u00e4nge noch weiterhin einschreiben k\u00f6nnen.<\/p>\n<p>Das Programm der Einf\u00fchrungsveranstaltung in der Uni-Halle war prall gef\u00fcllt: Wuppertals Oberb\u00fcrgermeister Prof. Dr. Uwe Schneidewind lie\u00df es sich nicht nehmen, die Studierenden in Wuppertal willkommen zu hei\u00dfen. Au\u00dferdem standen informative Interviews, Kurzfilme, viele Informationen zu dem umfangreichen Beratungs-, Kultur- und Freizeitangebot von Uni und Stadt sowie schwungvolle Auftritte des Uni-Chors auf dem Programm.<\/p>\n<p>Einen spannenden Impulsvortrag rund um den Umgang mit Wissenschaft und ihren Erkenntnissen hielt Atmosph\u00e4renchemiker und Dekan der Fakult\u00e4t f\u00fcr Mathematik und Naturwissenschaften, Prof. Dr. Peter Wiesen. Durch die Veranstaltung f\u00fchrte Corinna D\u00f6nges, Leiterin der Presse- und \u00d6ffentlichkeitsarbeit an der Bergischen Uni. Die Begr\u00fc\u00dfungsveranstaltung bildete zugleich den Startschuss f\u00fcr die traditionelle \u201eWelcome Week\u201c, in der nun zahlreiche weitere Veranstaltungen auch von den Fachschafften auf die neuen Studierenden warten. \u00a0Das gesamte Programm gibt es <a href=\"https:\/\/www.zsb.uni-wuppertal.de\/de\/studienstart\/welcomeweek\/\">hier<\/a>.<\/p>\n<h4>Weiterentwicklung im Plan<\/h4>\n<p>Insgesamt studieren zurzeit \u00fcber 21.500 junge Menschen an der Bergischen Universit\u00e4t, 54 Prozent von ihnen sind Frauen. Die Zahl der Erst- und Neueinschreibungen liegt nach aktuellem Stand unter dem Vorjahresniveau. \u201eEin Trend, der bundesweit zu beobachten ist und eine Folge der demografischen Entwicklung\u201c, erl\u00e4utert Uni-Rektorin Birgitta Wolff.<\/p>\n<div id=\"attachment_55941\" class=\"wp-caption alignnone\" style=\"max-width: 1034px;\"><img loading=\"lazy\" decoding=\"async\" class=\"size-large wp-image-55941\" src=\"\/wp-content\/uploads\/2022\/10\/csm_Semesterstart1_d619f7b59e-2-1024x574.jpeg\" alt=\"\" width=\"1024\" height=\"574\" \/><span class=\"wp-caption-text\">Nachdem die gro\u00dfe Erstsemesterbegr\u00fc\u00dfung in den vergangenen beiden Jahren digital stattfand, konnten heute die Studienanf\u00e4ngerinnen und Studienanf\u00e4nger endlich wieder in der Wuppertaler Uni-Halle empfangen werden &#8211; \u00a9 Foto Marylen Reschop<\/span><\/div>\n<p>Nach dem \u00fcberdurchschnittlichen Anstieg der Studierendenzahlen in den letzten 15 Jahren sehe die Bergische Universit\u00e4t die Konsolidierung nun f\u00fcr alle Hochschulen als willkommene Chance: So etwa h\u00e4tten die Hochschulen in NRW bei der Relation von Professorinnen und Professoren zu Studierenden im bundesweiten Ranking seit Jahren Nachholbedarf. \u201eAls Uni mittlerer Gr\u00f6\u00dfe k\u00f6nnen wir unseren Studierenden schon immer eine besonders intensive Betreuung anbieten, die wir nun noch weiter verbessern m\u00f6chten\u201c, so Birgitta Wolff.<\/p>\n<h4>Die Bergische Universit\u00e4t<\/h4>\n<p>\u201eVerstehen, Vermitteln, Gestalten\u201c: Unter diesem Motto ist die Bergische Universit\u00e4t Wuppertal eine anerkannte Gr\u00f6\u00dfe \u2013 in der internatio\u00adnalen Forschungslandschaft, national und regional. Neun Fakult\u00e4ten und \u00fcber hundert Studieng\u00e4nge pr\u00e4gen ein star\u00adkes Profil. Trotz ihrer heutigen Gr\u00f6\u00dfe setzt die 1972 gegr\u00fcndete Hochschule auch im f\u00fcnfzigsten Jahr ihres Bestehens auf kurze Wege \u2013 und das nicht nur f\u00fcr ihre \u00fcber 21.700 Studierenden und 4.000 Be\u00adsch\u00e4ftigten.<\/p>\n<p>In der Rhein-Ruhr-Metropolregion gelegen ist die Universit\u00e4t in Forschung, Lehre und Transfer exzellent vernetzt: ob im Rahmen hochgradiger Forschungsverb\u00fcnde, leistungsstarker Technologiecluster oder gemein\u00adsamer Studienangebote.<\/p>\n<p>Und auch im globalen Ma\u00dfstab bilden \u00fcber 100 Erasmus-Partnerhoch\u00adschulen, rund 70 Kooperationen mit ausl\u00e4ndischen Universit\u00e4ten und Unter\u00adnehmen sowie mehr als 110 Nationen auf dem Uni-Campus ein attraktives Netzwerk.<\/p>\n","protected":false},"excerpt":{"rendered":"<p>Nachdem die gro\u00dfe Erstsemesterbegr\u00fc\u00dfung in den vergangenen beiden Jahren digital stattfand, konnten heute die Studienanf\u00e4nger des Wintersemesters endlich wieder in der Wuppertaler Uni-Halle empfangen werden. Gro\u00dfe Freude auch bei der neuen Rektorin Prof. Dr. Birgitta Wolff, denn sie konnte zum ersten Mal die sog. \u201eErstsemester\u201c in Wuppertal begr\u00fc\u00dfen. Es sind derzeit 2.225. <\/p>\n","protected":false},"author":7,"featured_media":0,"comment_status":"open","ping_status":"open","sticky":false,"template":"","format":"standard","meta":{"footnotes":""},"categories":[27],"tags":[],"class_list":["post-55938","post","type-post","status-publish","format-standard","hentry","category-wissen"],"publishpress_future_action":{"enabled":false,"date":"2026-05-05 08:23:02","action":"change-status","newStatus":"draft","terms":[],"taxonomy":"category","extraData":[]},"publishpress_future_workflow_manual_trigger":{"enabledWorkflows":[]},"_links":{"self":[{"href":"https:\/\/www.die-stadtzeitung.de\/index.php\/wp-json\/wp\/v2\/posts\/55938","targetHints":{"allow":["GET"]}}],"collection":[{"href":"https:\/\/www.die-stadtzeitung.de\/index.php\/wp-json\/wp\/v2\/posts"}],"about":[{"href":"https:\/\/www.die-stadtzeitung.de\/index.php\/wp-json\/wp\/v2\/types\/post"}],"author":[{"embeddable":true,"href":"https:\/\/www.die-stadtzeitung.de\/index.php\/wp-json\/wp\/v2\/users\/7"}],"replies":[{"embeddable":true,"href":"https:\/\/www.die-stadtzeitung.de\/index.php\/wp-json\/wp\/v2\/comments?post=55938"}],"version-history":[{"count":3,"href":"https:\/\/www.die-stadtzeitung.de\/index.php\/wp-json\/wp\/v2\/posts\/55938\/revisions"}],"predecessor-version":[{"id":56032,"href":"https:\/\/www.die-stadtzeitung.de\/index.php\/wp-json\/wp\/v2\/posts\/55938\/revisions\/56032"}],"wp:attachment":[{"href":"https:\/\/www.die-stadtzeitung.de\/index.php\/wp-json\/wp\/v2\/media?parent=55938"}],"wp:term":[{"taxonomy":"category","embeddable":true,"href":"https:\/\/www.die-stadtzeitung.de\/index.php\/wp-json\/wp\/v2\/categories?post=55938"},{"taxonomy":"post_tag","embeddable":true,"href":"https:\/\/www.die-stadtzeitung.de\/index.php\/wp-json\/wp\/v2\/tags?post=55938"}],"curies":[{"name":"wp","href":"https:\/\/api.w.org\/{rel}","templated":true}]}}