{"id":55909,"date":"2022-10-08T13:05:03","date_gmt":"2022-10-08T11:05:03","guid":{"rendered":"https:\/\/www.die-stadtzeitung.de\/?p=55909"},"modified":"2022-10-08T13:05:03","modified_gmt":"2022-10-08T11:05:03","slug":"ministerpraesident-ist-ehrengast-des-circular-valley-forums","status":"publish","type":"post","link":"https:\/\/www.die-stadtzeitung.de\/index.php\/2022\/10\/08\/ministerpraesident-ist-ehrengast-des-circular-valley-forums\/","title":{"rendered":"Ministerpr\u00e4sident ist Ehrengast des Circular Valley Forums"},"content":{"rendered":"<div id=\"attachment_55911\" class=\"wp-caption alignnone\" style=\"max-width: 1034px;\"><img loading=\"lazy\" decoding=\"async\" class=\"size-large wp-image-55911\" src=\"\/wp-content\/uploads\/2022\/10\/Bild-08.10.22-um-12.57-1024x653.jpg\" alt=\"\" width=\"1024\" height=\"653\" \/><span class=\"wp-caption-text\">Ministerpr\u00e4sident Hendrik W\u00fcst wurd Ehrengast beim Circular Valley\u00ae Forum sein &#8211; \u00a9 Land NRW \/ Tobias Koch.<\/span><\/div>\n<p>Mehr als 600 Entscheiderinnen und Entscheider werden am 18. November ins Circular Valley\u00ae kommen \u2013 einer von ihnen direkt aus der Staatskanzlei von Nordrhein-Westfalen: Ministerpr\u00e4sident Hendrik W\u00fcst ist Ehrengast beim Dinner des gro\u00dfen Forums zur Kreislaufwirtschaft.<span class=\"Apple-converted-space\">\u00a0<\/span><\/p>\n<p>\u201eDie Zusage des Ministerpr\u00e4sidenten freut uns au\u00dferordentlich. Wir werden ihm viele spannende Gespr\u00e4chspartnerinnen und Gespr\u00e4chspartner bieten, aus der etablierten Industrie und aus internationalen Startups, aus Wissenschaft und Zivilgesellschaft\u201c, sagt Dr. Carsten Gerhardt, Gr\u00fcnder der Circular Valley\u00ae Stiftung, die das Forum veranstaltet.<\/p>\n<p>Hendrik W\u00fcst unterstreicht mit seiner Teilnahme die Bedeutung, die die Circular Economy f\u00fcr die Landesregierung von Nordrhein-Westfalen hat. Im Koalitionsvertrag von CDU und B\u00fcndnis 90\/Die Gr\u00fcnen hei\u00dft es dazu: \u201eDer Wandel zu einer umfassenden Kreislaufwirtschaft ist entscheidend f\u00fcr die Erreichung der Klimaziele. Gleichzeitig erm\u00f6glicht sie enorme Chancen f\u00fcr die nachhaltige Wirtschaftsentwicklung, Arbeitsplatzeffekte und effektiven Ressourcenschutz. Initiativen wie \u201eCircular Valley\u201c oder \u201eGreentech.Ruhr\u201c und die f\u00fchrende Forschungslandschaft insbesondere im Ruhrgebiet haben schon heute Strahlkraft weit \u00fcber Nordrhein-Westfalen hinaus.\u201c<\/p>\n<div id=\"attachment_53962\" class=\"wp-caption alignnone\" style=\"max-width: 1034px;\"><img loading=\"lazy\" decoding=\"async\" class=\"size-large wp-image-53962\" src=\"\/wp-content\/uploads\/2022\/08\/MN@CV-31-1024x683.jpg\" alt=\"\" width=\"1024\" height=\"683\" \/><span class=\"wp-caption-text\">Ministerin Mona Neubauer und Dr. Carsten Gerhardt (Initiator von &#8222;Circular Valley&#8220;) pr\u00e4sentieren die Info-Brosch\u00fcre &#8211; \u00a9 Circular Valley \/ Jan Turek<\/span><\/div>\n<p>Treffen zur Kreislaufwirtschaft stehen bei Hendrik W\u00fcst regelm\u00e4\u00dfig auf dem Programm. So hat er in diesem Jahr zum Beispiel Entsorgungs- und Recyclingunternehmen in NRW besucht, mit Vertretern der Chemie-Industrie \u00fcber Klimaschutz gesprochen und Innovationsprojekte zur Dekarbonisierung besichtigt.<span class=\"Apple-converted-space\">\u00a0<\/span><\/p>\n<p>Die Circular Economy war zudem ein wichtiges Thema bei seinem Treffen mit dem fl\u00e4mischen Ministerpr\u00e4sidenten Jan Jambon Anfang September in D\u00fcsseldorf. Beide Seiten m\u00f6chten insbesondere in der Energie- und Klimapolitik \u201egemeinsam die Zukunft gestalten\u201c.<span class=\"Apple-converted-space\">\u00a0<\/span><\/p>\n<p>Dabei ist die Kreislaufwirtschaft ein zentrales Element. Nordrhein-Westfalen und Flandern wollen zusammen Projekte zur Wiederverwendung von Kohlendioxid vorantreiben. Am 18. November werden die Partner einander erneut pers\u00f6nlich sehen, denn Jan Jambon hat ebenfalls f\u00fcrs Circular Valley Forum zugesagt.<\/p>\n<p>Auch die Mitglieder des Kabinetts von Hendrik W\u00fcst verdeutlichten in den vergangenen Wochen an verschiedenen Stellen, wie wichtig die Kreislaufwirtschaft und in diesem Zusammenhang das Circular Valley\u00ae ist: Landeswirtschaftsministerin Mona Neubaur ist Schirmfrau der Initiative, Umweltmister Oliver Krischer ist dem Stiftungskuratorium von Circular Valley\u00ae beigetreten.<\/p>\n<p>Mehr zum Circular Valley Forum <a href=\"https:\/\/019zz.mjt.lu\/lnk\/AWwAAAAx9R4AAAABB6QAAAE2AKwAAAAAPDUAAEQ5ABrFpgBjPStxC8l_mZbmRdKKzOvephNQrQAZxGw\/1\/qjLggxfc-xiLKJDHZM7Z_g\/aHR0cHM6Ly9jaXJjdWxhci12YWxsZXkub3JnL292ZXJ2aWV3X2ZvcnVtMjAyMg\">finden Sie hier<\/a>.<\/p>\n<p>&nbsp;<\/p>\n","protected":false},"excerpt":{"rendered":"<p>Hendrik W\u00fcst wird am 18. November das gro\u00dfe Treffen zur Kreislaufwirtschaft besuchen. Beim Circular Valley\u00ae Forum trifft er Unternehmerinnen und Unternehmer, die vor der gro\u00dfen Herausforderung der Transformation stehen \u2013 und Menschen, die wichtige Ideen f\u00fcr diesen Weg haben.<\/p>\n","protected":false},"author":7,"featured_media":0,"comment_status":"open","ping_status":"open","sticky":false,"template":"","format":"standard","meta":{"footnotes":""},"categories":[22],"tags":[],"class_list":["post-55909","post","type-post","status-publish","format-standard","hentry","category-wirtschaft"],"publishpress_future_action":{"enabled":false,"date":"2026-05-04 22:29:06","action":"change-status","newStatus":"draft","terms":[],"taxonomy":"category","extraData":[]},"publishpress_future_workflow_manual_trigger":{"enabledWorkflows":[]},"_links":{"self":[{"href":"https:\/\/www.die-stadtzeitung.de\/index.php\/wp-json\/wp\/v2\/posts\/55909","targetHints":{"allow":["GET"]}}],"collection":[{"href":"https:\/\/www.die-stadtzeitung.de\/index.php\/wp-json\/wp\/v2\/posts"}],"about":[{"href":"https:\/\/www.die-stadtzeitung.de\/index.php\/wp-json\/wp\/v2\/types\/post"}],"author":[{"embeddable":true,"href":"https:\/\/www.die-stadtzeitung.de\/index.php\/wp-json\/wp\/v2\/users\/7"}],"replies":[{"embeddable":true,"href":"https:\/\/www.die-stadtzeitung.de\/index.php\/wp-json\/wp\/v2\/comments?post=55909"}],"version-history":[{"count":3,"href":"https:\/\/www.die-stadtzeitung.de\/index.php\/wp-json\/wp\/v2\/posts\/55909\/revisions"}],"predecessor-version":[{"id":55913,"href":"https:\/\/www.die-stadtzeitung.de\/index.php\/wp-json\/wp\/v2\/posts\/55909\/revisions\/55913"}],"wp:attachment":[{"href":"https:\/\/www.die-stadtzeitung.de\/index.php\/wp-json\/wp\/v2\/media?parent=55909"}],"wp:term":[{"taxonomy":"category","embeddable":true,"href":"https:\/\/www.die-stadtzeitung.de\/index.php\/wp-json\/wp\/v2\/categories?post=55909"},{"taxonomy":"post_tag","embeddable":true,"href":"https:\/\/www.die-stadtzeitung.de\/index.php\/wp-json\/wp\/v2\/tags?post=55909"}],"curies":[{"name":"wp","href":"https:\/\/api.w.org\/{rel}","templated":true}]}}