{"id":55850,"date":"2022-10-03T16:19:30","date_gmt":"2022-10-03T14:19:30","guid":{"rendered":"https:\/\/www.die-stadtzeitung.de\/?p=55850"},"modified":"2022-10-07T17:08:59","modified_gmt":"2022-10-07T15:08:59","slug":"aktion-talbuddeln-14-neue-obstbaeume-gepflanzt","status":"publish","type":"post","link":"https:\/\/www.die-stadtzeitung.de\/index.php\/2022\/10\/03\/aktion-talbuddeln-14-neue-obstbaeume-gepflanzt\/","title":{"rendered":"Aktion &#8218;Talbuddeln&#8216;: 14 neue Obstb\u00e4ume gepflanzt"},"content":{"rendered":"<div id=\"attachment_55853\" class=\"wp-caption alignnone\" style=\"max-width: 1034px;\"><img loading=\"lazy\" decoding=\"async\" class=\"size-large wp-image-55853\" src=\"\/wp-content\/uploads\/2022\/10\/2022-10-03-talbuddeln-Gruppe-Schlosspark-am-Kothen-2-1024x673.jpg\" alt=\"\" width=\"1024\" height=\"673\" \/><span class=\"wp-caption-text\">Jung &amp; alt gemeinsam an der Sch\u00fcppe: Das fleissige &#8222;Talbuddel&#8220;-Team &#8211; \u00a9 Aktion &#8222;Talbuddeln&#8220;<\/span><\/div>\n<p>Die B\u00e4ume hatten den Sommer \u00fcber in der Obhut ihrer Paten und Patinnen verbracht. haben. Die &#8222;Talbuddeln&#8220;-Gemeinschaft im Tal w\u00e4chst stetig!<\/p>\n<p>&#8222;Talbuddeln&#8220; nutzt traditionell &#8222;Den Tag der Deutschen Einheit&#8220;, um B\u00e4ume zu pflanzen. Am 03. Oktober 2020 und 2021 legte &#8222;Talbuddeln&#8220; bereits eine Obstbaumwiese mit 25 Obstb\u00e4umen an den Clausen an. Dort waren in diesem Jahr bereits die ersten \u00c4pfel erntereif.<\/p>\n<p>\u201eIch freue mich sehr, dass die zehn Obstb\u00e4ume, die das Pina Bausch Zentrum im Mai 2022 im Rahmen des Festivals &#8218;under construction&#8216; gespendet hat, auch Dank der guten Pflege von Markus Riedel wunderbar weiter gewachsen und gediehen sind\u201c, erkl\u00e4rte Bettina Milz, inhaltliche Koordinatorin der Vorlaufphase f\u00fcr das Pina Bausch Zentrum. Auch sie hatte Schaufel und Spaten dabei.<span class=\"Apple-converted-space\">\u00a0<\/span><\/p>\n<p>Bettina Milz weiter: \u201eDie B\u00e4ume werden in der N\u00e4he von Pinas fr\u00fcherer Wohnung viele Menschen erfreuen, vor allem die Schulen und Kinderg\u00e4rten in der Umgebung.\u201c<\/p>\n<p>In diesem Jahr brauchten die &#8222;Talbuddler&#8220; besonders viele flei\u00dfige H\u00e4nde. Die Hanglage stellte eine gro\u00dfe Herausforderung dar \u2013 aber mit Erfahrung, Engagement und vielen Helfern wurde das Problem gel\u00f6st.<span class=\"Apple-converted-space\">\u00a0<\/span>Die Hobby-G\u00e4rtnerinnen und -G\u00e4rtner buddelten L\u00f6cher, pflanzten B\u00e4ume ein und setzten Baumst\u00fctzen. Nach der Gartenarbeit gab es Kaffee und Kuchen.<span class=\"Apple-converted-space\">\u00a0<\/span><\/p>\n<p>Die Aktion war ein voller Erfolg. 2023 peilt das B\u00fcndnis ein neues Projekt in der Stadt an &#8211; schlie\u00dflich gibt es in Wuppertal immer etwas zu buddeln und zu gestalten. Alle Wuppertalerinnen und Wuppertaler sind dann wieder eingeladen, mit anzupacken.<\/p>\n<div id=\"attachment_55854\" class=\"wp-caption alignnone\" style=\"max-width: 1034px;\"><img loading=\"lazy\" decoding=\"async\" class=\"size-large wp-image-55854\" src=\"\/wp-content\/uploads\/2022\/10\/2022-10-03-talbuddeln-im-Schlosspark-am-Kothen-1024x461.jpg\" alt=\"\" width=\"1024\" height=\"461\" \/><span class=\"wp-caption-text\">Das tolle Ergebnis: Ein neuer Obstgarten a, Kothen &#8211; \u00a9 Aktion &#8222;Talbuddeln&#8220;<\/span><\/div>\n<p>Die Aktion &#8222;Talbuddeln&#8220; ist angelehnt an die Aktion &#8222;Einheitsbuddeln&#8220; &#8211; \u00a0einer Baumpflanzaktion, die anl\u00e4sslich des &#8222;Tags der Deutschen Einheit&#8220; 2019 von Schleswig-Holstein ins Leben gerufen wurde. Die Idee des Projektes ist es, eine neue Tradition f\u00fcr den deutschen Nationalfeiertag zu begr\u00fcnden und jedes Jahr am 3. Oktober f\u00fcr jeden Menschen in Deutschland einen Baum zu pflanzen.<\/p>\n<p>Der Plan f\u00fcr Wuppertal: Die Stadt mit mehr B\u00e4umen zu begr\u00fcnen, bestehende Stadtb\u00e4ume zu erhalten und so nach und nach die \u201eessbare Stadt\u201c durch Obstb\u00e4ume im \u00f6ffentlichen Raum zu gestalten.<span class=\"Apple-converted-space\">\u00a0<\/span><\/p>\n<p><strong>Link zur Webseite von &#8222;Talbuddeln&#8220;:<\/strong><\/p>\n<p><span class=\"Apple-converted-space\"><a href=\"http:\/\/www.talbuddeln.de.\">http:\/\/www.talbuddeln.de.<\/a><\/span><\/p>\n<p><span class=\"Apple-converted-space\">\u00a0<\/span><\/p>\n<p><span class=\"Apple-converted-space\">\u00a0<\/span><\/p>\n","protected":false},"excerpt":{"rendered":"<p>Mit Schaufeln und Spitzhacken im Gep\u00e4ck, trafen sich rund 30 Untest\u00fctzerinnen und Unterst\u00fctzer der Aktion &#8222;Talbuddeln&#8220; bei sch\u00f6nem Wetter auf die Wiese im Schlosspark am Kothen. Sie halfen tatkr\u00e4ftig mit, auf dem Areal 14 neue Apfelb\u00e4ume, Kirschb\u00e4ume, Birnen und Renekloden einzupflanzen.\u00a0<\/p>\n","protected":false},"author":7,"featured_media":0,"comment_status":"open","ping_status":"open","sticky":false,"template":"","format":"standard","meta":{"footnotes":""},"categories":[24],"tags":[],"class_list":["post-55850","post","type-post","status-publish","format-standard","hentry","category-wuppertal"],"publishpress_future_action":{"enabled":false,"date":"2026-05-04 22:35:12","action":"change-status","newStatus":"draft","terms":[],"taxonomy":"category","extraData":[]},"publishpress_future_workflow_manual_trigger":{"enabledWorkflows":[]},"_links":{"self":[{"href":"https:\/\/www.die-stadtzeitung.de\/index.php\/wp-json\/wp\/v2\/posts\/55850","targetHints":{"allow":["GET"]}}],"collection":[{"href":"https:\/\/www.die-stadtzeitung.de\/index.php\/wp-json\/wp\/v2\/posts"}],"about":[{"href":"https:\/\/www.die-stadtzeitung.de\/index.php\/wp-json\/wp\/v2\/types\/post"}],"author":[{"embeddable":true,"href":"https:\/\/www.die-stadtzeitung.de\/index.php\/wp-json\/wp\/v2\/users\/7"}],"replies":[{"embeddable":true,"href":"https:\/\/www.die-stadtzeitung.de\/index.php\/wp-json\/wp\/v2\/comments?post=55850"}],"version-history":[{"count":4,"href":"https:\/\/www.die-stadtzeitung.de\/index.php\/wp-json\/wp\/v2\/posts\/55850\/revisions"}],"predecessor-version":[{"id":55859,"href":"https:\/\/www.die-stadtzeitung.de\/index.php\/wp-json\/wp\/v2\/posts\/55850\/revisions\/55859"}],"wp:attachment":[{"href":"https:\/\/www.die-stadtzeitung.de\/index.php\/wp-json\/wp\/v2\/media?parent=55850"}],"wp:term":[{"taxonomy":"category","embeddable":true,"href":"https:\/\/www.die-stadtzeitung.de\/index.php\/wp-json\/wp\/v2\/categories?post=55850"},{"taxonomy":"post_tag","embeddable":true,"href":"https:\/\/www.die-stadtzeitung.de\/index.php\/wp-json\/wp\/v2\/tags?post=55850"}],"curies":[{"name":"wp","href":"https:\/\/api.w.org\/{rel}","templated":true}]}}